{"id":280454,"date":"2026-08-30T08:09:26","date_gmt":"2026-08-30T08:09:26","guid":{"rendered":"https:\/\/www.europesays.com\/lv\/280454\/"},"modified":"2026-08-30T08:09:26","modified_gmt":"2026-08-30T08:09:26","slug":"migracijas-krize-seuta-saasinas-spanija-ludz-frontex-atbalstu","status":"publish","type":"post","link":"https:\/\/www.europesays.com\/lv\/280454\/","title":{"rendered":"Migr\u0101cijas kr\u012bze Seut\u0101 saasin\u0101s &#8211; Sp\u0101nija l\u016bdz &#8220;Frontex&#8221; atbalstu"},"content":{"rendered":"<p>\u0160o l\u016bgumu iek\u0161lietu ministrs Fernando Grande-Marlaska izteica Eiropas Komisijas migr\u0101cijas un iek\u0161lietu \u0123ener\u0101ldirektorei Beatei Gminderai, pazi\u0146oja vald\u012bbas preses dienests.<\/p>\n<p>Juridisku iemeslu d\u0113\u013c Seut\u0101 atliku\u0161os migrantus nevar \u0101tri deport\u0113t, ta\u010du vald\u012bba ar\u012b nev\u0113las tos p\u0101rvest uz kontinent\u0101lo da\u013cu, turkl\u0101t da\u017ei iedz\u012bvot\u0101ji s\u0101k protest\u0113t pret migrantu kl\u0101tb\u016btni.<\/p>\n<p>Saska\u0146\u0101 ar Sp\u0101nijas Iek\u0161lietu ministrijas datiem 30. un 31. j\u016blij\u0101 aptuveni 72 000 migrantu no Marokas ierad\u0101s Seut\u0101.<\/p>\n<p>Liel\u0101k\u0101 da\u013ca atgriez\u0101s da\u017eu stundu laik\u0101, ta\u010du Grande-Marlaska piektdien parlament\u0101 pazi\u0146oja, ka p\u0113c m\u0113ne\u0161a Seut\u0101 joproj\u0101m atrodas apm\u0113ram 5000 migrantu. Seutas viet\u0113jie iedz\u012bvot\u0101ji r\u012bko arvien vardarb\u012bg\u0101kus protestus pret migrantu kl\u0101tb\u016btni.<\/p>\n<p>Tom\u0113r starptautiskaj\u0101s ties\u012bb\u0101s un saska\u0146\u0101 ar Sp\u0101nijas tiesu nol\u0113mumiem ir aizliegta migrantu kolekt\u012bv\u0101 nog\u0101d\u0101\u0161ana Marok\u0101 bez individu\u0101lo gad\u012bjumu izv\u0113rt\u0113\u0161anas.<\/p>\n<p>Vald\u012bba ir izsl\u0113gusi iesp\u0113ju p\u0101rvest migrantus no Seutas, kas nav da\u013ca no \u0160engenas zonas, uz Sp\u0101nijas kontinent\u0101lo da\u013cu, pat uz laiku.<\/p>\n<p>Tas izrais\u012btu asu pretest\u012bbu no autonomajiem re\u0123ioniem, kurus vada konservat\u012bv\u0101s partijas, k\u0101 ar\u012b atk\u0101rtotu kritiku pret Sp\u0101niju no citu ES valstu puses. Turkl\u0101t tas var\u0113tu p\u0101rk\u0101pt \u0160engenas noteikumus.<\/p>\n<p>Uz kontinent\u0101lo da\u013cu tiks p\u0101rvietoti tikai apm\u0113ram 500 nepavad\u012bti nepilngad\u012bgie, kuriem ir \u012bpa\u0161a nepiecie\u0161am\u012bba p\u0113c aizsardz\u012bbas.<\/p>\n<p>Iek\u0161lietu ministrija ir l\u016bgusi a\u0123ent\u016brai &#8220;Frontex&#8221; nor\u012bkot desmit papildu darbiniekus, lai pa\u0101trin\u0101tu migrantu re\u0123istr\u0101ciju un s\u0101kotn\u0113jo p\u0101rbaudi.<\/p>\n<p>Ministrija uzsv\u0113ra, ka \u0161\u012b p\u0101rbaudes procesa ietvaros \u0101rk\u0101rt\u012bgi noder\u012bgs var\u0113tu b\u016bt ES Patv\u0113ruma a\u0123ent\u016bras (EUAA) atbalsts interviju veik\u0161an\u0101 un tulku nodro\u0161in\u0101\u0161an\u0101. \u0145emot v\u0113r\u0101 ierobe\u017eoto vietu Seut\u0101, \u0161os pas\u0101kumus var\u0113tu veikt att\u0101lin\u0101ti tie\u0161saist\u0113.<\/p>\n","protected":false},"excerpt":{"rendered":"\u0160o l\u016bgumu iek\u0161lietu ministrs Fernando Grande-Marlaska izteica Eiropas Komisijas migr\u0101cijas un iek\u0161lietu \u0123ener\u0101ldirektorei Beatei Gminderai, pazi\u0146oja vald\u012bbas preses&hellip;\n","protected":false},"author":2,"featured_media":280455,"comment_status":"","ping_status":"","sticky":false,"template":"","format":"standard","meta":{"footnotes":"","_share_on_mastodon":"0"},"categories":[14],"tags":[23,57,28,29,32,33,31886,22,30,31,35,39,38,36,37,34,40,7957,20,26,27,40987,1670,24,25,54,55,56,21,58],"class_list":["post-280454","post","type-post","status-publish","format-standard","has-post-thumbnail","category-zinas-no-arvalstim","tag-aktualitates","tag-arvalstim","tag-breaking-news","tag-breakingnews","tag-featured-news","tag-featurednews","tag-frontex","tag-headlines","tag-latest-news","tag-latestnews","tag-latvia","tag-latvian","tag-latviesu","tag-latviesu-valoda","tag-latviesuvaloda","tag-latvija","tag-lv","tag-migracija","tag-news","tag-popularakas-zinas","tag-popularakaszinas","tag-seuta","tag-spanija","tag-top-stories","tag-topstories","tag-world","tag-world-news","tag-worldnews","tag-zinas","tag-zinas-no-arvalstim"],"share_on_mastodon":{"url":"https:\/\/pubeurope.com\/@lv\/117183444700555120","error":""},"_links":{"self":[{"href":"https:\/\/www.europesays.com\/lv\/wp-json\/wp\/v2\/posts\/280454","targetHints":{"allow":["GET"]}}],"collection":[{"href":"https:\/\/www.europesays.com\/lv\/wp-json\/wp\/v2\/posts"}],"about":[{"href":"https:\/\/www.europesays.com\/lv\/wp-json\/wp\/v2\/types\/post"}],"author":[{"embeddable":true,"href":"https:\/\/www.europesays.com\/lv\/wp-json\/wp\/v2\/users\/2"}],"replies":[{"embeddable":true,"href":"https:\/\/www.europesays.com\/lv\/wp-json\/wp\/v2\/comments?post=280454"}],"version-history":[{"count":0,"href":"https:\/\/www.europesays.com\/lv\/wp-json\/wp\/v2\/posts\/280454\/revisions"}],"wp:featuredmedia":[{"embeddable":true,"href":"https:\/\/www.europesays.com\/lv\/wp-json\/wp\/v2\/media\/280455"}],"wp:attachment":[{"href":"https:\/\/www.europesays.com\/lv\/wp-json\/wp\/v2\/media?parent=280454"}],"wp:term":[{"taxonomy":"category","embeddable":true,"href":"https:\/\/www.europesays.com\/lv\/wp-json\/wp\/v2\/categories?post=280454"},{"taxonomy":"post_tag","embeddable":true,"href":"https:\/\/www.europesays.com\/lv\/wp-json\/wp\/v2\/tags?post=280454"}],"curies":[{"name":"wp","href":"https:\/\/api.w.org\/{rel}","templated":true}]}}