{"id":280512,"date":"2026-08-30T10:00:10","date_gmt":"2026-08-30T10:00:10","guid":{"rendered":"https:\/\/www.europesays.com\/lv\/280512\/"},"modified":"2026-08-30T10:00:10","modified_gmt":"2026-08-30T10:00:10","slug":"avoti-retklifs-maskava-izteicis-priekslikumu-miera-panaksanai-ukraina","status":"publish","type":"post","link":"https:\/\/www.europesays.com\/lv\/280512\/","title":{"rendered":"Avoti: Retklifs Maskav\u0101 izteicis priek\u0161likumu miera pan\u0101k\u0161anai Ukrain\u0101"},"content":{"rendered":"<p>K\u0101 nor\u0101da &#8220;Axios&#8221;, \u0161\u012b ir pirm\u0101 reize, kad Retklifs person\u012bgi iesaist\u0101s diplom\u0101tiskajos centienos pan\u0101kt mieru Ukrain\u0101.<\/p>\n<p>Retklifa viz\u012btes m\u0113r\u0137is cita starp\u0101 bijis noskaidrot, vai Krievijas specdienestu vad\u012bt\u0101ji var\u0113tu pal\u012bdz\u0113t p\u0101rliecin\u0101t Putinu ats\u0101kt sarunas ar Ukrainu ar ASV starpniec\u012bbu.<\/p>\n<p>Piektdien ASV amatpersonas inform\u0113ja Zelenski par Retklifa sarun\u0101m Maskav\u0101 un priek\u0161likumu r\u012bkot tr\u012bspus\u0113ju samitu, raksta &#8220;Axios&#8221;.<\/p>\n<p>Trampa administr\u0101cija \u0161o ideju bija ierosin\u0101jusi jau iepriek\u0161. Zelenskis to atbalst\u012bja, bet Putins &#8211; noraid\u012bja.<\/p>\n<p>Otrdien Retklifs ierad\u0101s Maskav\u0101, kur tik\u0101s ar Krievijas \u0100r\u0113j\u0101s izl\u016bko\u0161anas dienesta (SVR) vad\u012bt\u0101ju Sergeju Nari\u0161kinu un Feder\u0101l\u0101 dro\u0161\u012bbas dienesta (FSB) direktoru Aleksandru Bort\u0146ikovu.<\/p>\n<p>K\u0101 v\u0113sta laikraksts &#8220;New York Times&#8221;, Retklifs viz\u012btes gait\u0101 Maskav\u0101 izkl\u0101st\u012bjis Bort\u0146ikovam &#8220;savu dr\u016bmo nov\u0113rt\u0113jumu&#8221; par Krievijas st\u0101vokli kar\u0101 ar Ukrainu un aicin\u0101jis Maskavu s\u0101kt sarunas, pirms milit\u0101r\u0101 un ekonomisk\u0101 situ\u0101cija pasliktin\u0101s v\u0113l vair\u0101k.<\/p>\n<p>Retklifs non\u0101cis pie secin\u0101juma, ka Bort\u0146ikovs ir &#8220;konstrukt\u012bvs sp\u0113l\u0113t\u0101js, kas var\u0113tu pal\u012bdz\u0113t ats\u0101kt diplom\u0101tiskos centienus&#8221;, teiku\u0161i &#8220;Axios&#8221; avoti.<\/p>\n<p>T\u012bmek\u013ca izdevums &#8220;Politico&#8221;, atsaucoties uz trim avotiem, iepriek\u0161 zi\u0146oja, ka Retklifa viz\u012btes galvenais m\u0113r\u0137is bijis pazi\u0146ot Krievijas pusei, ka uzbrukums ASV NATO sabiedrotajiem ir nepie\u013caujams.<\/p>\n","protected":false},"excerpt":{"rendered":"K\u0101 nor\u0101da &#8220;Axios&#8221;, \u0161\u012b ir pirm\u0101 reize, kad Retklifs person\u012bgi iesaist\u0101s diplom\u0101tiskajos centienos pan\u0101kt mieru Ukrain\u0101. Retklifa viz\u012btes&hellip;\n","protected":false},"author":2,"featured_media":280513,"comment_status":"","ping_status":"","sticky":false,"template":"","format":"standard","meta":{"footnotes":"","_share_on_mastodon":"0"},"categories":[12],"tags":[23,28,29,32,33,22,234,74,30,31,35,39,38,36,37,34,40,20,26,27,24,25,276,21],"class_list":["post-280512","post","type-post","status-publish","format-standard","has-post-thumbnail","category-latvija","tag-aktualitates","tag-breaking-news","tag-breakingnews","tag-featured-news","tag-featurednews","tag-headlines","tag-krievija","tag-krievijas-iebrukums-ukraina","tag-latest-news","tag-latestnews","tag-latvia","tag-latvian","tag-latviesu","tag-latviesu-valoda","tag-latviesuvaloda","tag-latvija","tag-lv","tag-news","tag-popularakas-zinas","tag-popularakaszinas","tag-top-stories","tag-topstories","tag-ukraina","tag-zinas"],"share_on_mastodon":{"url":"https:\/\/pubeurope.com\/@lv\/117183881146072890","error":""},"_links":{"self":[{"href":"https:\/\/www.europesays.com\/lv\/wp-json\/wp\/v2\/posts\/280512","targetHints":{"allow":["GET"]}}],"collection":[{"href":"https:\/\/www.europesays.com\/lv\/wp-json\/wp\/v2\/posts"}],"about":[{"href":"https:\/\/www.europesays.com\/lv\/wp-json\/wp\/v2\/types\/post"}],"author":[{"embeddable":true,"href":"https:\/\/www.europesays.com\/lv\/wp-json\/wp\/v2\/users\/2"}],"replies":[{"embeddable":true,"href":"https:\/\/www.europesays.com\/lv\/wp-json\/wp\/v2\/comments?post=280512"}],"version-history":[{"count":0,"href":"https:\/\/www.europesays.com\/lv\/wp-json\/wp\/v2\/posts\/280512\/revisions"}],"wp:featuredmedia":[{"embeddable":true,"href":"https:\/\/www.europesays.com\/lv\/wp-json\/wp\/v2\/media\/280513"}],"wp:attachment":[{"href":"https:\/\/www.europesays.com\/lv\/wp-json\/wp\/v2\/media?parent=280512"}],"wp:term":[{"taxonomy":"category","embeddable":true,"href":"https:\/\/www.europesays.com\/lv\/wp-json\/wp\/v2\/categories?post=280512"},{"taxonomy":"post_tag","embeddable":true,"href":"https:\/\/www.europesays.com\/lv\/wp-json\/wp\/v2\/tags?post=280512"}],"curies":[{"name":"wp","href":"https:\/\/api.w.org\/{rel}","templated":true}]}}