{"id":280524,"date":"2026-08-30T10:35:15","date_gmt":"2026-08-30T10:35:15","guid":{"rendered":"https:\/\/www.europesays.com\/lv\/280524\/"},"modified":"2026-08-30T10:35:15","modified_gmt":"2026-08-30T10:35:15","slug":"pec-asinainas-sestdienas-krievija-nakti-ukrainai-uzbrukusi-ar-iskander-m-un-130-droniem-delfi","status":"publish","type":"post","link":"https:\/\/www.europesays.com\/lv\/280524\/","title":{"rendered":"P\u0113c asi\u0146ain\u0101s sestdienas Krievija nakt\u012b Ukrainai uzbrukusi ar &quot;Iskander-M&quot; un 130 droniem &#8211; DELFI"},"content":{"rendered":"<ol>\n<li><a href=\"https:\/\/news.google.com\/rss\/articles\/CBMi0AFBVV95cUxNenRBbkhXcEd4SlhBeVlzalBxeWEtZVEyblBhVm9xeDVhYjR3MW5pSWhYZHVOdnRPQjlsYzlQM2F2cjRBajR6WUtJcnNjeW81UXVFMmNnQkk1amhiWjdZQmg0NDhlZGhTMjRzSGhEbGhsTlY0clJjVzQzTTN4UEhQUXk2WXNNWEJQY0F0QjcyZmpRbXRYM3pFc3JoMGpXNjJhQkZsay12c0ZYQjkyQk1iSE55N3p2N3JWYlduS0kzRm9zOU9zZTNpVFZ2cG9kNlNY?oc=5\" target=\"_blank\" rel=\"nofollow noopener\">P\u0113c asi\u0146ain\u0101s sestdienas Krievija nakt\u012b Ukrainai uzbrukusi ar &#8220;Iskander-M&#8221; un 130 droniem<\/a>&nbsp;&nbsp;DELFI<\/li>\n<li><a href=\"https:\/\/news.google.com\/rss\/articles\/CBMipgFBVV95cUxQS2lka1Y1aDU4eGNuR2NhRjFKb1laYzB1THZ1eWoyd2NaRldaYXYya3FTOTBCNXc5T1NYLW1iWG1XWW5LUUZtazZLZmpQaldIcFJhQUZsdWd6NlloVWpfUGQ1SzBEN1RXdk00WGtLenZ3bTBqd2Q2VERIb21KOGxQN1lPNVo5MmFORmtUY19TMmNHV0FOOGVHeFUxVVJ6a1JOdXVKV3Z3?oc=5\" target=\"_blank\" rel=\"nofollow noopener\">Krievija nakt\u012b uz Ukrainu raid\u012bjusi 130 dronus un divas &#8220;Iskander-M&#8221; ra\u0137etes<\/a>&nbsp;&nbsp;TVNET<\/li>\n<li><a href=\"https:\/\/news.google.com\/rss\/articles\/CBMinwFBVV95cUxOVHRJek01NWx4bHNiY2tkT2VYVERzN2YzbFlCZnFBelEyOXZlVXJIR21ncWRaUTh6NkpsSkUtblF2T0hMUzY2X0UzeE1TTnZLRUlVUWN1R0Vic2pnemtzanlIclljbF9uazRiNE5iakpWNDNWamlwdkkwSjM2X1hlempmM2Y2dkV3UWRWUE5TcGNxaDAwT3hLM2hleVJINXM?oc=5\" target=\"_blank\" rel=\"nofollow noopener\">Nep\u0101las pl\u016bdos un \u0136\u012bnas dub\u013cu nogruvum\u0101 upuru skaits p\u0101rsniedz 600<\/a>&nbsp;&nbsp;tv3.lv<\/li>\n<li><a href=\"https:\/\/news.google.com\/rss\/articles\/CBMingFBVV95cUxPdjM1ZHY4RHBUVVlaQy14RVFrM3dqbTlYRVZ4Y3p0UWU4VmJORXpYOFl1Uk5Zd0FpMmJXalhPaFZwTm1VSXVIODlpNi0zdEtZaVE5RXh5cXM0bVlGR1lOYTNkZUd1T01IYWV1Y2h0a3UybFZxQWJ3eTNSQ0NZZmVPSjQxd0RmVm95c3Q5V3RtYkJsblJHbXk0eG11ZVhqZw?oc=5\" target=\"_blank\" rel=\"nofollow noopener\">Krievi uz Ukrainu raid\u012bju\u0161i 164 lidrobotus<\/a>&nbsp;&nbsp;liepajniekiem.lv<\/li>\n<li><a href=\"https:\/\/news.google.com\/rss\/articles\/CBMiuAFBVV95cUxPUXF3RFk0bWRlQS1HZXdMakdVVjdhTEl1WW14b0F4ZUFEQlVqeTl3MUFTc0R6YTM2M2hrRG9iaWJMSzZjcmNVdW5FNWpiSFVrc3k3dWowc1A2NGsyVlhwd0ZHXzJCblVmUVZGMWpaTEZ4SE01WVc4c2lRbUR5UjBMTmY0YXJCRmtLeGs1LTlicGd2X0w3NFp4bldqZ0RlS2ZJTnVrY0VZUnBaaUd5Z0tRaWlfZW5PTHBO?oc=5\" target=\"_blank\" rel=\"nofollow noopener\">Neskatoties uz uzbrukumu, Krievijai izdevies palaist kosmos\u0101 mistisku milit\u0101ro satel\u012btu<\/a>&nbsp;&nbsp;Dzentlmenis.lv<\/li>\n<\/ol>\n","protected":false},"excerpt":{"rendered":"P\u0113c asi\u0146ain\u0101s sestdienas Krievija nakt\u012b Ukrainai uzbrukusi ar &#8220;Iskander-M&#8221; un 130 droniem&nbsp;&nbsp;DELFI Krievija nakt\u012b uz Ukrainu raid\u012bjusi 130&hellip;\n","protected":false},"author":2,"featured_media":280525,"comment_status":"","ping_status":"","sticky":false,"template":"","format":"standard","meta":{"footnotes":"","_share_on_mastodon":"0"},"categories":[14],"tags":[23,57,28,29,32,33,22,234,74,30,31,35,39,38,36,37,34,40,20,26,27,24,25,276,54,55,56,21,58],"class_list":["post-280524","post","type-post","status-publish","format-standard","has-post-thumbnail","category-zinas-no-arvalstim","tag-aktualitates","tag-arvalstim","tag-breaking-news","tag-breakingnews","tag-featured-news","tag-featurednews","tag-headlines","tag-krievija","tag-krievijas-iebrukums-ukraina","tag-latest-news","tag-latestnews","tag-latvia","tag-latvian","tag-latviesu","tag-latviesu-valoda","tag-latviesuvaloda","tag-latvija","tag-lv","tag-news","tag-popularakas-zinas","tag-popularakaszinas","tag-top-stories","tag-topstories","tag-ukraina","tag-world","tag-world-news","tag-worldnews","tag-zinas","tag-zinas-no-arvalstim"],"share_on_mastodon":{"url":"https:\/\/pubeurope.com\/@lv\/117184018849929024","error":""},"_links":{"self":[{"href":"https:\/\/www.europesays.com\/lv\/wp-json\/wp\/v2\/posts\/280524","targetHints":{"allow":["GET"]}}],"collection":[{"href":"https:\/\/www.europesays.com\/lv\/wp-json\/wp\/v2\/posts"}],"about":[{"href":"https:\/\/www.europesays.com\/lv\/wp-json\/wp\/v2\/types\/post"}],"author":[{"embeddable":true,"href":"https:\/\/www.europesays.com\/lv\/wp-json\/wp\/v2\/users\/2"}],"replies":[{"embeddable":true,"href":"https:\/\/www.europesays.com\/lv\/wp-json\/wp\/v2\/comments?post=280524"}],"version-history":[{"count":0,"href":"https:\/\/www.europesays.com\/lv\/wp-json\/wp\/v2\/posts\/280524\/revisions"}],"wp:featuredmedia":[{"embeddable":true,"href":"https:\/\/www.europesays.com\/lv\/wp-json\/wp\/v2\/media\/280525"}],"wp:attachment":[{"href":"https:\/\/www.europesays.com\/lv\/wp-json\/wp\/v2\/media?parent=280524"}],"wp:term":[{"taxonomy":"category","embeddable":true,"href":"https:\/\/www.europesays.com\/lv\/wp-json\/wp\/v2\/categories?post=280524"},{"taxonomy":"post_tag","embeddable":true,"href":"https:\/\/www.europesays.com\/lv\/wp-json\/wp\/v2\/tags?post=280524"}],"curies":[{"name":"wp","href":"https:\/\/api.w.org\/{rel}","templated":true}]}}