{"id":28054,"date":"2025-10-22T10:13:10","date_gmt":"2025-10-22T10:13:10","guid":{"rendered":"https:\/\/www.europesays.com\/lv\/28054\/"},"modified":"2025-10-22T10:13:10","modified_gmt":"2025-10-22T10:13:10","slug":"aizturets-huligans-kurs-rigas-autobusa-nolamaja-bilesu-kontrolieri-un-publiceja-to-tiktok","status":"publish","type":"post","link":"https:\/\/www.europesays.com\/lv\/28054\/","title":{"rendered":"Aiztur\u0113ts hulig\u0101ns, kur\u0161 R\u012bgas autobus\u0101 nolam\u0101ja bi\u013ce\u0161u kontrolieri un public\u0113ja to &#8220;TikTok&#8221;"},"content":{"rendered":"<p>17. septembra vakar\u0101 49. mar\u0161ruta autobus\u0101, braucot no pieturvietas &#8220;Vaidavas iela&#8221; virzien\u0101 uz Daudersalu, 1976. gad\u0101 dzimis v\u012brietis, b\u016bdams alkohola reibum\u0101, kop\u0101 ar v\u0113l nenoskaidrotu personu veica hulig\u0101niskas darb\u012bbas.<\/p>\n<p>Vi\u0146\u0161 ar necenz\u0113tiem v\u0101rdiem aizvainoja un izteica draudus &#8220;R\u012bgas satiksmes&#8221; bi\u013ce\u0161u kontrolierei vi\u0146as darba pien\u0101kumu izpildes laik\u0101, bet otra persona film\u0113ja notieko\u0161o un aizvainoja kontrolieri. Neilgi p\u0113c notiku\u0161\u0101 video tika public\u0113ts soci\u0101laj\u0101 t\u012bkl\u0101 &#8220;TikTok&#8221;, izraisot pla\u0161u sabiedr\u012bbas rezonansi.<\/p>\n<p>T\u0101pat noskaidrots, ka viens no pasa\u017eieriem, nepilngad\u012bgs jaunietis, m\u0113\u0123in\u0101ja aizst\u0101v\u0113t kontrolieri un p\u0101rtraukt hulig\u0101nisk\u0101s darb\u012bbas, ta\u010du v\u012brietis p\u0113c tam uzbruka ar\u012b \u0161im jaunietim.<\/p>\n<p>S\u0101kotn\u0113ji par notiku\u0161o tika s\u0101kts administrat\u012bv\u0101 p\u0101rk\u0101puma process, tom\u0113r 9. oktobr\u012b tika pie\u0146emts l\u0113mums s\u0101kt krimin\u0101lprocesu. 16. oktobr\u012b v\u012brietis aiztur\u0113ts.<\/p>\n<p>Vi\u0146\u0161 savu vainu atz\u012bst un iepriek\u0161 jau ir non\u0101cis policijas redzeslok\u0101 par mantiska rakstura noziedz\u012bgu nodar\u012bjumu.<\/p>\n","protected":false},"excerpt":{"rendered":"17. septembra vakar\u0101 49. mar\u0161ruta autobus\u0101, braucot no pieturvietas &#8220;Vaidavas iela&#8221; virzien\u0101 uz Daudersalu, 1976. gad\u0101 dzimis v\u012brietis,&hellip;\n","protected":false},"author":2,"featured_media":28055,"comment_status":"","ping_status":"","sticky":false,"template":"","format":"standard","meta":{"footnotes":""},"categories":[12],"tags":[23,28,29,32,33,22,7714,30,31,35,39,38,36,37,34,40,20,26,27,1612,5328,24,25,138,21],"class_list":{"0":"post-28054","1":"post","2":"type-post","3":"status-publish","4":"format-standard","5":"has-post-thumbnail","7":"category-latvija","8":"tag-aktualitates","9":"tag-breaking-news","10":"tag-breakingnews","11":"tag-featured-news","12":"tag-featurednews","13":"tag-headlines","14":"tag-huliganisms","15":"tag-latest-news","16":"tag-latestnews","17":"tag-latvia","18":"tag-latvian","19":"tag-latviesu","20":"tag-latviesu-valoda","21":"tag-latviesuvaloda","22":"tag-latvija","23":"tag-lv","24":"tag-news","25":"tag-popularakas-zinas","26":"tag-popularakaszinas","27":"tag-rigas-satiksme","28":"tag-tiktok","29":"tag-top-stories","30":"tag-topstories","31":"tag-valsts-policija","32":"tag-zinas"},"share_on_mastodon":{"url":"","error":""},"_links":{"self":[{"href":"https:\/\/www.europesays.com\/lv\/wp-json\/wp\/v2\/posts\/28054","targetHints":{"allow":["GET"]}}],"collection":[{"href":"https:\/\/www.europesays.com\/lv\/wp-json\/wp\/v2\/posts"}],"about":[{"href":"https:\/\/www.europesays.com\/lv\/wp-json\/wp\/v2\/types\/post"}],"author":[{"embeddable":true,"href":"https:\/\/www.europesays.com\/lv\/wp-json\/wp\/v2\/users\/2"}],"replies":[{"embeddable":true,"href":"https:\/\/www.europesays.com\/lv\/wp-json\/wp\/v2\/comments?post=28054"}],"version-history":[{"count":0,"href":"https:\/\/www.europesays.com\/lv\/wp-json\/wp\/v2\/posts\/28054\/revisions"}],"wp:featuredmedia":[{"embeddable":true,"href":"https:\/\/www.europesays.com\/lv\/wp-json\/wp\/v2\/media\/28055"}],"wp:attachment":[{"href":"https:\/\/www.europesays.com\/lv\/wp-json\/wp\/v2\/media?parent=28054"}],"wp:term":[{"taxonomy":"category","embeddable":true,"href":"https:\/\/www.europesays.com\/lv\/wp-json\/wp\/v2\/categories?post=28054"},{"taxonomy":"post_tag","embeddable":true,"href":"https:\/\/www.europesays.com\/lv\/wp-json\/wp\/v2\/tags?post=28054"}],"curies":[{"name":"wp","href":"https:\/\/api.w.org\/{rel}","templated":true}]}}