{"id":280540,"date":"2026-08-30T11:01:12","date_gmt":"2026-08-30T11:01:12","guid":{"rendered":"https:\/\/www.europesays.com\/lv\/280540\/"},"modified":"2026-08-30T11:01:12","modified_gmt":"2026-08-30T11:01:12","slug":"krievija-nakti-uz-svetdienu-uzbrukusi-ukrainai-ar-divam-ballistiskajam-raketem-iskander-m-un-130-droniem","status":"publish","type":"post","link":"https:\/\/www.europesays.com\/lv\/280540\/","title":{"rendered":"Krievija nakt\u012b uz sv\u0113tdienu uzbrukusi Ukrainai ar div\u0101m ballistiskaj\u0101m ra\u0137et\u0113m &#8220;Iskander-M&#8221; un 130 droniem"},"content":{"rendered":"<p><a href=\"https:\/\/www.apollo.lv\/term\/555452\/krievija\" class=\"topicLink\" target=\"_blank\" rel=\"nofollow noopener\">Krievija<\/a> uzbrukusi ar droniem &#8220;Shahed&#8221;, &#8220;Gerbera&#8221;, S8000 &#8220;Bandero\u013c&#8221; un droniem imitatoriem &#8220;Parodija&#8221;. Vairums dronu bija reakt\u012bvie bezpilota lidapar\u0101ti.<\/p>\n<p>Valsts zieme\u013cos, dienvidos un austrumos 125 droni notriekti, neitraliz\u0113ti vai p\u0101r tiem zaud\u0113ta vad\u012bba.<\/p>\n<p>Fiks\u0113ti ienaidnieka gaisa uzbrukuma l\u012bdzek\u013cu tr\u0101p\u012bjumi 13 viet\u0101s, atl\u016bzas nog\u0101zu\u0161\u0101s \u010detr\u0101s viet\u0101s. Da\u013ca apar\u0101tu m\u0113r\u0137us nav sasniegusi.<\/p>\n<p>Ra\u0137etes un droni raid\u012bti no pierobe\u017eas re\u0123ioniem Krievij\u0101, k\u0101 ar\u012b okup\u0113taj\u0101m teritorij\u0101m Doneckas apgabal\u0101 un Krim\u0101.<\/p>\n","protected":false},"excerpt":{"rendered":"Krievija uzbrukusi ar droniem &#8220;Shahed&#8221;, &#8220;Gerbera&#8221;, S8000 &#8220;Bandero\u013c&#8221; un droniem imitatoriem &#8220;Parodija&#8221;. Vairums dronu bija reakt\u012bvie bezpilota lidapar\u0101ti.&hellip;\n","protected":false},"author":2,"featured_media":280541,"comment_status":"","ping_status":"","sticky":false,"template":"","format":"standard","meta":{"footnotes":"","_share_on_mastodon":"0"},"categories":[5],"tags":[23,28,29,32,33,22,3131,3354,234,74,30,31,35,39,38,36,37,34,40,20,26,27,13600,24,25,276,21],"class_list":["post-280540","post","type-post","status-publish","format-standard","has-post-thumbnail","category-aktualitates","tag-aktualitates","tag-breaking-news","tag-breakingnews","tag-featured-news","tag-featurednews","tag-headlines","tag-kars","tag-kars-ukraina","tag-krievija","tag-krievijas-iebrukums-ukraina","tag-latest-news","tag-latestnews","tag-latvia","tag-latvian","tag-latviesu","tag-latviesu-valoda","tag-latviesuvaloda","tag-latvija","tag-lv","tag-news","tag-popularakas-zinas","tag-popularakaszinas","tag-shahed","tag-top-stories","tag-topstories","tag-ukraina","tag-zinas"],"share_on_mastodon":{"url":"https:\/\/pubeurope.com\/@lv\/117184121147149452","error":""},"_links":{"self":[{"href":"https:\/\/www.europesays.com\/lv\/wp-json\/wp\/v2\/posts\/280540","targetHints":{"allow":["GET"]}}],"collection":[{"href":"https:\/\/www.europesays.com\/lv\/wp-json\/wp\/v2\/posts"}],"about":[{"href":"https:\/\/www.europesays.com\/lv\/wp-json\/wp\/v2\/types\/post"}],"author":[{"embeddable":true,"href":"https:\/\/www.europesays.com\/lv\/wp-json\/wp\/v2\/users\/2"}],"replies":[{"embeddable":true,"href":"https:\/\/www.europesays.com\/lv\/wp-json\/wp\/v2\/comments?post=280540"}],"version-history":[{"count":0,"href":"https:\/\/www.europesays.com\/lv\/wp-json\/wp\/v2\/posts\/280540\/revisions"}],"wp:featuredmedia":[{"embeddable":true,"href":"https:\/\/www.europesays.com\/lv\/wp-json\/wp\/v2\/media\/280541"}],"wp:attachment":[{"href":"https:\/\/www.europesays.com\/lv\/wp-json\/wp\/v2\/media?parent=280540"}],"wp:term":[{"taxonomy":"category","embeddable":true,"href":"https:\/\/www.europesays.com\/lv\/wp-json\/wp\/v2\/categories?post=280540"},{"taxonomy":"post_tag","embeddable":true,"href":"https:\/\/www.europesays.com\/lv\/wp-json\/wp\/v2\/tags?post=280540"}],"curies":[{"name":"wp","href":"https:\/\/api.w.org\/{rel}","templated":true}]}}