{"id":280542,"date":"2026-08-30T11:05:22","date_gmt":"2026-08-30T11:05:22","guid":{"rendered":"https:\/\/www.europesays.com\/lv\/280542\/"},"modified":"2026-08-30T11:05:22","modified_gmt":"2026-08-30T11:05:22","slug":"dzirdija-indeja-saldeja-un-notrieca-stasts-par-zupu-kurs-apgaza-visus-medicinas-likumus","status":"publish","type":"post","link":"https:\/\/www.europesays.com\/lv\/280542\/","title":{"rendered":"Dzird\u012bja, ind\u0113ja, sald\u0113ja un notrieca \u2013 st\u0101sts par \u017e\u016bpu, kur\u0161 apg\u0101za visus medic\u012bnas likumus"},"content":{"rendered":"<p>Mallojs k\u0101 nemira, t\u0101 nemira.<\/p>\n<p><img decoding=\"async\" class=\"figure__image\" onclick=\"triggerEvent('articleImageClick', { id: 17879208, focus: 'single-image', focusIndex: '17879208' })\" onkeydown=\"if (event.key === 'Enter') {&#10;        triggerEvent('articleImageClick', { id: 17879208, focus: 'single-image', focusIndex: '17879208' })&#10;        }\" role=\"button\" tabindex=\"0\" data-focus-from=\"single-image\" data-focus-index=\"17879208\" src=\"https:\/\/www.europesays.com\/lv\/wp-content\/uploads\/2026\/08\/17879208t1he840.jpg\"  onload=\"this.parentElement.classList.remove('figure__image-loading')\" alt=\"Fr\u0101nsiss Paskv\u0101\"\/>Fr\u0101nsiss Paskv\u0101 Foto: Wikimedia Commons<\/p>\n<p>Nelie\u0161i nelik\u0101s mier\u0101 un nol\u0113ma Mallojam iebarot spirt\u0101 izm\u0113rc\u0113tas austeres. \u0160\u012b ideja pr\u0101t\u0101 ien\u0101ca Paskv\u0101, kur\u0161 reiz bija redz\u0113jis, k\u0101 k\u0101ds v\u012brs ap\u0113d austeres, uzdzerot t\u0101m viskiju, un nomirst. Kad Mallojs joproj\u0101m nemira, vi\u0146am tika pasniegtas sviestmaizes ar boj\u0101t\u0101m sard\u012bn\u0113m, indi un maz\u0101m nagli\u0146\u0101m.<\/p>\n<p>Kad ar\u012b tas ne maz\u0101kaj\u0101 m\u0113r\u0101 nekait\u0113ja Mallojam, v\u012bri nosprieda, ka Mallojs nav nogalin\u0101ms, t\u0101 sakot, no iek\u0161as, t\u0101p\u0113c nol\u0113ma vi\u0146u nosald\u0113t l\u012bdz n\u0101vei. Nakt\u012b, kad \u0101r\u0101 gaisa temperat\u016bra bija nokritusi l\u012bdz m\u012bnus 26 gr\u0101diem p\u0113c Celsija skalas, nema\u0146\u0101 eso\u0161ais Mallojs tika aizstiepts l\u012bdz parkam un iesviests snieg\u0101, kam\u0113r uz vi\u0146a kr\u016bt\u012bm tika uzg\u0101zts spainis \u016bdens.<\/p>\n<p><img decoding=\"async\" class=\"figure__image\" onclick=\"triggerEvent('articleImageClick', { id: 17879209, focus: 'single-image', focusIndex: '17879209' })\" onkeydown=\"if (event.key === 'Enter') {&#10;        triggerEvent('articleImageClick', { id: 17879209, focus: 'single-image', focusIndex: '17879209' })&#10;        }\" role=\"button\" tabindex=\"0\" data-focus-from=\"single-image\" data-focus-index=\"17879209\" src=\"https:\/\/www.europesays.com\/lv\/wp-content\/uploads\/2026\/08\/17879209t1h53eb.jpg\"  onload=\"this.parentElement.classList.remove('figure__image-loading')\" alt=\"Tonija Marino neleg\u0101lais krodzi\u0146\u0161, kur\u0101 Mallojs tika dzird\u012bts\"\/>Tonija Marino neleg\u0101lais krodzi\u0146\u0161, kur\u0101 Mallojs tika dzird\u012bts Foto: Wikimedia Commons<\/p>\n<p>Par sp\u012bti visam n\u0101kamaj\u0101 dien\u0101 Mallojs ierad\u0101s krog\u0101 sal\u0101p\u012bties.<\/p>\n<p>N\u0101kamais bija m\u0113\u0123in\u0101jums bija nobraukt Malloju ar auto. \u013baundari samaks\u0101ja taksistam Her\u0161ijam Gr\u012bnam, lai tas notriektu piedz\u0113ru\u0161os Malloju. P\u013c\u0113gurs, kaut ar\u012b krietn\u0101s bur\u0101s, sp\u0113ja izvair\u012bties no auto divas reizes, tom\u0113r tre\u0161o reizi vi\u0146\u0161 tika notriekts un p\u0101rlidoja p\u0101ri auto jumtam. Taksists dro\u0161\u012bbas p\u0113c v\u0113l padeva atpaka\u013cgait\u0101 un p\u0101rbrauca Mallojam p\u0101ri. Nu banda bija p\u0101rliecin\u0101ta, ka Mallojs beidzot ir miris. Tiesa, t\u0101 k\u0101 net\u0101lu atrad\u0101s citas automa\u0161\u012bnas un cilv\u0113ki, \u013caundari baid\u012bj\u0101s iet p\u0101rbaud\u012bt Malloja st\u0101vokli.<\/p>\n","protected":false},"excerpt":{"rendered":"Mallojs k\u0101 nemira, t\u0101 nemira. Fr\u0101nsiss Paskv\u0101 Foto: Wikimedia Commons Nelie\u0161i nelik\u0101s mier\u0101 un nol\u0113ma Mallojam iebarot spirt\u0101&hellip;\n","protected":false},"author":2,"featured_media":280543,"comment_status":"","ping_status":"","sticky":false,"template":"","format":"standard","meta":{"footnotes":"","_share_on_mastodon":"0"},"categories":[14],"tags":[23,57,292,28,29,32,33,22,30,31,35,39,38,36,37,34,40,296,20,295,880,26,27,595,24,25,26933,297,54,55,56,21,58],"class_list":["post-280542","post","type-post","status-publish","format-standard","has-post-thumbnail","category-zinas-no-arvalstim","tag-aktualitates","tag-arvalstim","tag-asv","tag-breaking-news","tag-breakingnews","tag-featured-news","tag-featurednews","tag-headlines","tag-latest-news","tag-latestnews","tag-latvia","tag-latvian","tag-latviesu","tag-latviesu-valoda","tag-latviesuvaloda","tag-latvija","tag-lv","tag-nave","tag-news","tag-noziegums","tag-nujorka","tag-popularakas-zinas","tag-popularakaszinas","tag-slepkaviba","tag-top-stories","tag-topstories","tag-tvnet-ekstra","tag-tvnet-planeta","tag-world","tag-world-news","tag-worldnews","tag-zinas","tag-zinas-no-arvalstim"],"share_on_mastodon":{"url":"https:\/\/pubeurope.com\/@lv\/117184137080510923","error":""},"_links":{"self":[{"href":"https:\/\/www.europesays.com\/lv\/wp-json\/wp\/v2\/posts\/280542","targetHints":{"allow":["GET"]}}],"collection":[{"href":"https:\/\/www.europesays.com\/lv\/wp-json\/wp\/v2\/posts"}],"about":[{"href":"https:\/\/www.europesays.com\/lv\/wp-json\/wp\/v2\/types\/post"}],"author":[{"embeddable":true,"href":"https:\/\/www.europesays.com\/lv\/wp-json\/wp\/v2\/users\/2"}],"replies":[{"embeddable":true,"href":"https:\/\/www.europesays.com\/lv\/wp-json\/wp\/v2\/comments?post=280542"}],"version-history":[{"count":0,"href":"https:\/\/www.europesays.com\/lv\/wp-json\/wp\/v2\/posts\/280542\/revisions"}],"wp:featuredmedia":[{"embeddable":true,"href":"https:\/\/www.europesays.com\/lv\/wp-json\/wp\/v2\/media\/280543"}],"wp:attachment":[{"href":"https:\/\/www.europesays.com\/lv\/wp-json\/wp\/v2\/media?parent=280542"}],"wp:term":[{"taxonomy":"category","embeddable":true,"href":"https:\/\/www.europesays.com\/lv\/wp-json\/wp\/v2\/categories?post=280542"},{"taxonomy":"post_tag","embeddable":true,"href":"https:\/\/www.europesays.com\/lv\/wp-json\/wp\/v2\/tags?post=280542"}],"curies":[{"name":"wp","href":"https:\/\/api.w.org\/{rel}","templated":true}]}}