{"id":280632,"date":"2026-08-30T13:25:14","date_gmt":"2026-08-30T13:25:14","guid":{"rendered":"https:\/\/www.europesays.com\/lv\/280632\/"},"modified":"2026-08-30T13:25:14","modified_gmt":"2026-08-30T13:25:14","slug":"ukraina-devusi-dronu-triecienu-krievijas-otrai-lielakajai-naftas-parstrades-rupnicai","status":"publish","type":"post","link":"https:\/\/www.europesays.com\/lv\/280632\/","title":{"rendered":"Ukraina devusi dronu triecienu Krievijas otrai liel\u0101kajai naftas p\u0101rstr\u0101des r\u016bpn\u012bcai"},"content":{"rendered":"<p>P\u0113c trieciena r\u016bpn\u012bcas teritorij\u0101 izrais\u012bjies ugunsgr\u0113ks, teikts \u0123ener\u0101l\u0161t\u0101ba pazi\u0146ojum\u0101 platform\u0101 &#8220;Telegram&#8221;.<\/p>\n<p>Mi\u013c\u013cerov\u0101, Rostovas apgabal\u0101, veikts trieciens dronu glab\u0101\u0161anas, sagatavo\u0161anas un palai\u0161anas vietai. Izrais\u012bjies ugunsgr\u0113ks.<\/p>\n<p>Jeisk\u0101, Krasnodaras apgabal\u0101, veikts trieciens lidlaukam, un ar\u012b tur izrais\u012bjies ugunsgr\u0113ks.<\/p>\n<p>Triecieni Kiri\u0161os un Jeisk\u0101 redzami aculiecinieku fotogr\u0101fij\u0101s un videoierakstos, kas public\u0113ti soci\u0101lajos t\u012bklos.<\/p>\n<p>Kiri\u0161u naftas p\u0101rstr\u0101des r\u016bpn\u012bca ir otra liel\u0101k\u0101 naftas p\u0101rstr\u0101des r\u016bpn\u012bca Krievij\u0101 un liel\u0101k\u0101 valsts zieme\u013crietumos.<\/p>\n<p>R\u016bpn\u012bca ra\u017eo motordegvielu, avi\u0101cijas degvielu, d\u012bze\u013cdegvielu un citus naftas produktus.<\/p>\n<p>Uz\u0146\u0113mums ir iesaist\u012bts Krievijas bru\u0146oto sp\u0113ku apg\u0101d\u0113.<\/p>\n","protected":false},"excerpt":{"rendered":"P\u0113c trieciena r\u016bpn\u012bcas teritorij\u0101 izrais\u012bjies ugunsgr\u0113ks, teikts \u0123ener\u0101l\u0161t\u0101ba pazi\u0146ojum\u0101 platform\u0101 &#8220;Telegram&#8221;. Mi\u013c\u013cerov\u0101, Rostovas apgabal\u0101, veikts trieciens dronu glab\u0101\u0161anas,&hellip;\n","protected":false},"author":2,"featured_media":280633,"comment_status":"","ping_status":"","sticky":false,"template":"","format":"standard","meta":{"footnotes":"","_share_on_mastodon":"0"},"categories":[5],"tags":[23,28,29,32,33,22,234,74,30,31,35,39,38,36,37,34,40,20,26,27,24,25,276,21],"class_list":["post-280632","post","type-post","status-publish","format-standard","has-post-thumbnail","category-aktualitates","tag-aktualitates","tag-breaking-news","tag-breakingnews","tag-featured-news","tag-featurednews","tag-headlines","tag-krievija","tag-krievijas-iebrukums-ukraina","tag-latest-news","tag-latestnews","tag-latvia","tag-latvian","tag-latviesu","tag-latviesu-valoda","tag-latviesuvaloda","tag-latvija","tag-lv","tag-news","tag-popularakas-zinas","tag-popularakaszinas","tag-top-stories","tag-topstories","tag-ukraina","tag-zinas"],"share_on_mastodon":{"url":"https:\/\/pubeurope.com\/@lv\/117184687333766874","error":""},"_links":{"self":[{"href":"https:\/\/www.europesays.com\/lv\/wp-json\/wp\/v2\/posts\/280632","targetHints":{"allow":["GET"]}}],"collection":[{"href":"https:\/\/www.europesays.com\/lv\/wp-json\/wp\/v2\/posts"}],"about":[{"href":"https:\/\/www.europesays.com\/lv\/wp-json\/wp\/v2\/types\/post"}],"author":[{"embeddable":true,"href":"https:\/\/www.europesays.com\/lv\/wp-json\/wp\/v2\/users\/2"}],"replies":[{"embeddable":true,"href":"https:\/\/www.europesays.com\/lv\/wp-json\/wp\/v2\/comments?post=280632"}],"version-history":[{"count":0,"href":"https:\/\/www.europesays.com\/lv\/wp-json\/wp\/v2\/posts\/280632\/revisions"}],"wp:featuredmedia":[{"embeddable":true,"href":"https:\/\/www.europesays.com\/lv\/wp-json\/wp\/v2\/media\/280633"}],"wp:attachment":[{"href":"https:\/\/www.europesays.com\/lv\/wp-json\/wp\/v2\/media?parent=280632"}],"wp:term":[{"taxonomy":"category","embeddable":true,"href":"https:\/\/www.europesays.com\/lv\/wp-json\/wp\/v2\/categories?post=280632"},{"taxonomy":"post_tag","embeddable":true,"href":"https:\/\/www.europesays.com\/lv\/wp-json\/wp\/v2\/tags?post=280632"}],"curies":[{"name":"wp","href":"https:\/\/api.w.org\/{rel}","templated":true}]}}