{"id":280882,"date":"2026-08-31T01:03:12","date_gmt":"2026-08-31T01:03:12","guid":{"rendered":"https:\/\/www.europesays.com\/lv\/280882\/"},"modified":"2026-08-31T01:03:12","modified_gmt":"2026-08-31T01:03:12","slug":"video-neka-personiga-cip-direktora-vizite-riga-pirms-maskavas-bija-demonstrativs-signals-baltijai-apollo-lv","status":"publish","type":"post","link":"https:\/\/www.europesays.com\/lv\/280882\/","title":{"rendered":"VIDEO &quot;Nek\u0101 person\u012bga&quot;: CIP direktora viz\u012bte R\u012bg\u0101 pirms Maskavas bija demonstrat\u012bvs sign\u0101ls Baltijai &#8211; Apollo.lv"},"content":{"rendered":"<ol>\n<li><a href=\"https:\/\/news.google.com\/rss\/articles\/CBMixgFBVV95cUxQdTNiX3FRWnpHLV9iSmNDNk9hS2trMXVYa1plc25IN1lJRFJubWdfQTNNWFNaX3JzMTVYTF9xSVNpMUJnNHJUYTF1S1JsRl9zSUlUVGpNQTB6Z1pqOURIbzdXRlU5cEdFUzJmbV96bm1paDhrZHVzOVBNOEljdEFhZG9CWm9ubmlGbk03cThRX3hUWFhCal9wZ3pUTGtzclAwcHF1eWlMeDVxLTk5VHQzVWVraHdPbjRsOHF2aldHS09jUndWN0E?oc=5\" target=\"_blank\" rel=\"nofollow noopener\">VIDEO &#8220;Nek\u0101 person\u012bga&#8221;: CIP direktora viz\u012bte R\u012bg\u0101 pirms Maskavas bija demonstrat\u012bvs sign\u0101ls Baltijai<\/a>&nbsp;&nbsp;Apollo.lv<\/li>\n<li><a href=\"https:\/\/news.google.com\/rss\/articles\/CBMixwFBVV95cUxQS3h2MWlZR2hjMkpUdXk5eFJhYUIzdlVHUmx2dkZDTXFMcEtBalNDcjdrSExIR3d5enhNMXpXal9Ka205SEZ1eUhVbHlMS0EwRzVWUzhGVnJuaVRGRFZ3eGo4NGpvQ01YdlBHeGxtSlJDaUxqN1hmSV80VVYtc0wxU3FHQWgxSjJHQll2SEZFVTNiRVc0ZWRRcFdrRXE2M21LUkd1ckxPZVJWR0Z5Ti01cVlPRjRPV2RRV08wVmVRaVNpa1d3RUU4?oc=5\" target=\"_blank\" rel=\"nofollow noopener\">Avoti: CIP direktors viz\u012bt\u0113 Maskav\u0101 aicin\u0101jis r\u012bkot tr\u012bspus\u0113ju samitu \/ Raksts<\/a>&nbsp;&nbsp;LSM<\/li>\n<li><a href=\"https:\/\/news.google.com\/rss\/articles\/CBMiowFBVV95cUxPblJnWUgwaExORXlnQlc1REJJaURKd29Oa0c1cDBha05nWFN0MnhUZTFRSmIxSG1DV3hYX2hNbnNFbUEzQjVmdnNWWFVaUWUyY044aU12aF9hQnBJS3BDc3RrMkE2Y1NsZWJ1dXZIX21pdndUR0xWVmdZWFpYZ2FtV0xZZ1UxZ3c2UldXaklvUTI5V3MwMkFnYzZPWGNJRVhxNlRR?oc=5\" target=\"_blank\" rel=\"nofollow noopener\">Eksperti: CIP direktora pietura R\u012bg\u0101 bijis demonstrat\u012bvs sign\u0101ls Maskavai<\/a>&nbsp;&nbsp;TVNET<\/li>\n<li><a href=\"https:\/\/news.google.com\/rss\/articles\/CBMiggFBVV95cUxOdmtPMHhiaE9IY1JxMTNVRDcyUlZUWmtSc3QzalNJcXd4U19zXzRQM2E4R1RLQ1MzcW1fdFZkOHhReHF4YzNycnpselA2LThrOVRIdHpiRmxfeXVBd1UtZ3JaUjlEamVBT0JsUzZ5MnE1TWNCOW9tMms0WEpsb09zbFlR?oc=5\" target=\"_blank\" rel=\"nofollow noopener\">Ka\u017eoci\u0146\u0161 atkl\u0101j jaun\u0101ko inform\u0101ciju par Retklifa viz\u012btes m\u0113r\u0137iem Maskav\u0101<\/a>&nbsp;&nbsp;NRA<\/li>\n<li><a href=\"https:\/\/news.google.com\/rss\/articles\/CBMixwFBVV95cUxQdXJsajl5X0F3ZnktY3NVa3duLTAyYkFueHdJOGxXQmoyM3JPLWNwZ0NGNU9JSHVFbkxPcHJFaXpFTTJlamVhb3NvU29sWWhsWkxIZjAxX2ZWeGxfODdQalVSaUlOTTR3NGhreDlSWXJ6eWFLaElxMk9JLWh5eWI1M1pCWWVpVDc0Z0toZkJ6bHFFbmFDMlB0SU1RSHNLLXlFY0syN1RDYmxidU1fN2kxdzRBdGhuRlZOaUpXVkVkVnpQTnFlN1dv?oc=5\" target=\"_blank\" rel=\"nofollow noopener\">\u201cVi\u0146i var tikties tikai, lai\u2026\u201d Kremlis atbild uz CIP direktora priek\u0161likumu par Trampa, Putina un Zelenska tik\u0161anos<\/a>&nbsp;&nbsp;LA.LV<\/li>\n<\/ol>\n","protected":false},"excerpt":{"rendered":"VIDEO &#8220;Nek\u0101 person\u012bga&#8221;: CIP direktora viz\u012bte R\u012bg\u0101 pirms Maskavas bija demonstrat\u012bvs sign\u0101ls Baltijai&nbsp;&nbsp;Apollo.lv Avoti: CIP direktors viz\u012bt\u0113 Maskav\u0101&hellip;\n","protected":false},"author":2,"featured_media":280883,"comment_status":"","ping_status":"","sticky":false,"template":"","format":"standard","meta":{"footnotes":"","_share_on_mastodon":"0"},"categories":[5],"tags":[42156,626,23,2725,292,722,28,29,36822,542,42054,8097,32,33,22,234,30,31,35,39,38,36,37,34,40,6922,71,20,26,27,42155,14597,24,25,235,21],"class_list":["post-280882","post","type-post","status-publish","format-standard","has-post-thumbnail","category-aktualitates","tag-airis-rikveilis","tag-aizsardzibas-ministrija","tag-aktualitates","tag-aleksandrs-lukasenko","tag-asv","tag-baltijas-valstis","tag-breaking-news","tag-breakingnews","tag-cip","tag-donalds-tramps","tag-dzons-retklifs","tag-edvards-lukass","tag-featured-news","tag-featurednews","tag-headlines","tag-krievija","tag-latest-news","tag-latestnews","tag-latvia","tag-latvian","tag-latviesu","tag-latviesu-valoda","tag-latviesuvaloda","tag-latvija","tag-lv","tag-maskava","tag-nato","tag-news","tag-popularakas-zinas","tag-popularakaszinas","tag-sergejs-nariskins","tag-stivs-vitkofs","tag-top-stories","tag-topstories","tag-vladimirs-putins","tag-zinas"],"share_on_mastodon":{"url":"","error":"Validation failed: Text character limit of 500 exceeded"},"_links":{"self":[{"href":"https:\/\/www.europesays.com\/lv\/wp-json\/wp\/v2\/posts\/280882","targetHints":{"allow":["GET"]}}],"collection":[{"href":"https:\/\/www.europesays.com\/lv\/wp-json\/wp\/v2\/posts"}],"about":[{"href":"https:\/\/www.europesays.com\/lv\/wp-json\/wp\/v2\/types\/post"}],"author":[{"embeddable":true,"href":"https:\/\/www.europesays.com\/lv\/wp-json\/wp\/v2\/users\/2"}],"replies":[{"embeddable":true,"href":"https:\/\/www.europesays.com\/lv\/wp-json\/wp\/v2\/comments?post=280882"}],"version-history":[{"count":0,"href":"https:\/\/www.europesays.com\/lv\/wp-json\/wp\/v2\/posts\/280882\/revisions"}],"wp:featuredmedia":[{"embeddable":true,"href":"https:\/\/www.europesays.com\/lv\/wp-json\/wp\/v2\/media\/280883"}],"wp:attachment":[{"href":"https:\/\/www.europesays.com\/lv\/wp-json\/wp\/v2\/media?parent=280882"}],"wp:term":[{"taxonomy":"category","embeddable":true,"href":"https:\/\/www.europesays.com\/lv\/wp-json\/wp\/v2\/categories?post=280882"},{"taxonomy":"post_tag","embeddable":true,"href":"https:\/\/www.europesays.com\/lv\/wp-json\/wp\/v2\/tags?post=280882"}],"curies":[{"name":"wp","href":"https:\/\/api.w.org\/{rel}","templated":true}]}}