{"id":281026,"date":"2026-08-31T06:41:11","date_gmt":"2026-08-31T06:41:11","guid":{"rendered":"https:\/\/www.europesays.com\/lv\/281026\/"},"modified":"2026-08-31T06:41:11","modified_gmt":"2026-08-31T06:41:11","slug":"lietuvas-basketbola-superzvaigzne-valancuns-slave-rigas-zellus-delfi","status":"publish","type":"post","link":"https:\/\/www.europesays.com\/lv\/281026\/","title":{"rendered":"Lietuvas basketbola superzvaigzne Valan\u010d\u016bns slav\u0113 &quot;R\u012bgas Ze\u013c\u013cus&quot; &#8211; DELFI"},"content":{"rendered":"<ol>\n<li><a href=\"https:\/\/news.google.com\/rss\/articles\/CBMivAFBVV95cUxObkNldGktS1F3c2VhM19BWHFTUUNLVHlVYnFodW91a21LVzZEQTVkS2QteTVVdHYtUFRBZmd0Q1VRYmJSbWNOVWZ4R1pUcDI4elQ1dzc0QlF1TzdRTEU4UlNFMDUxV2dibXJOZG1WV3pzZlB3MU9SNlZvRFJWSWlkLTUwRHlyODNDeS1QQjB0S09GNlZxLVNxajNXazBGV01vZW5SdjU4Y25qc3BXekJ4S25JcC1LYm5ta2U5NA?oc=5\" target=\"_blank\" rel=\"nofollow noopener\">Lietuvas basketbola superzvaigzne Valan\u010d\u016bns slav\u0113 &#8220;R\u012bgas Ze\u013c\u013cus&#8221;<\/a>&nbsp;&nbsp;DELFI<\/li>\n<li><a href=\"https:\/\/news.google.com\/rss\/articles\/CBMinAFBVV95cUxQMENwbnRvNVhpdkMyVWpFWGpsZ2pxWjRrYlhhbVVPOWxYOTRRSnF5RUI2SFc4YW9wMnpCODFsdVZfRWJjVVo3X1VqQzBjb3ZEeXVWTmpWcEVOR3ZjaV9JeVZFS20xSmlyRXEyaHhuV3ZFazliNzZKeGxVRHpBZ2J3QTVPT1JMcFg0SUJKNUVwREctY1BpVEpkUE42bG4?oc=5\" target=\"_blank\" rel=\"nofollow noopener\">Valan\u010d\u016bns p\u0113c uzvaras slav\u0113 &#8220;R\u012bgas Ze\u013c\u013cus&#8221;: &#8220;\u013boti laba un s\u012bksta komanda&#8221; \u2013 Basketbols<\/a>&nbsp;&nbsp;Sportacentrs.com<\/li>\n<li><a href=\"https:\/\/news.google.com\/rss\/articles\/CBMitgFBVV95cUxOYUpPcVF6d2hTQzh5bGZnLUFQUnRQMlVYUGJTU2hpTWRpV2lzUHJUanBwOVg3VEtHYUgySUVURHJRVTZFOU9pa0tNbEQ4amFLenE0QUZpWDRFbVVsdXdBMmo4WUgtdER2TlloOGhVZi1nV29nYjJaWWlmaG1JSzN4WGhJcFlLeTIydjJCOEh3YXZmRUVHaXNuQkpVS1gwdFVBM1liOVBxNzVfZFloUFZyYkxhYUJUZw?oc=5\" target=\"_blank\" rel=\"nofollow noopener\">&#8220;R\u012bgas Ze\u013c\u013ci&#8221; p\u0101rbaudes sp\u0113l\u0113 Kau\u0146\u0101 piek\u0101pjas Valan\u010d\u016bnam un &#8220;\u017dalgiris&#8221;<\/a>&nbsp;&nbsp;DELFI<\/li>\n<li><a href=\"https:\/\/news.google.com\/rss\/articles\/CBMingFBVV95cUxNMG8xc0tUc1BlRmNtSEJTTnBqX0hLajlnUEdMWU1RWWszZGVkS2xWQ1NOYnZFT3VabUE0Z3F6cUdoUkdxQk1oMERjUmVMRTNSdVdNZ2JJb0FuQ05KTW9DZlB1Rm44cnJ1SVdPV3ZjMTU1bThwT2hVSkIyazRBQk12STZsd212NTQ4NEwtUnB5MldGSWg1cW54VTNKSF83QQ?oc=5\" target=\"_blank\" rel=\"nofollow noopener\">Valan\u010d\u016bns uzslav\u0113 &#8220;R\u012bgas Ze\u013c\u013cus&#8221; un atskat\u0101s uz debiju &#8220;\u017dalgiris&#8221; rind\u0101s<\/a>&nbsp;&nbsp;Sportazinas.com<\/li>\n<li><a href=\"https:\/\/news.google.com\/rss\/articles\/CBMilAFBVV95cUxPS2l1cVFCTEViaklsZVhRRDBUQ3pIMWpaRjVjNlNqaS1nS3hfbFd5Y0FqMWVDY2xualZuNGUwTjNUNmhYVGhPRzU0U01yTHlfWUdqOFdVcEIxY0QzMTBHUFdFcDlXRThKNlhfc3MtSERDTEFWSjRkajJJSnF5WFBmaVhfV3VLYkh2RkYwbFlVQ2VNdDJ2?oc=5\" target=\"_blank\" rel=\"nofollow noopener\">&#8220;Ze\u013c\u013ci&#8221; lielaj\u0101 Kau\u0146as ar\u0113n\u0101 izbauda ilggad\u0113j\u0101 NBA centra Valan\u010d\u016bna sp\u0113ku \u2013 Basketbols<\/a>&nbsp;&nbsp;Sportacentrs.com<\/li>\n<\/ol>\n","protected":false},"excerpt":{"rendered":"Lietuvas basketbola superzvaigzne Valan\u010d\u016bns slav\u0113 &#8220;R\u012bgas Ze\u013c\u013cus&#8221;&nbsp;&nbsp;DELFI Valan\u010d\u016bns p\u0113c uzvaras slav\u0113 &#8220;R\u012bgas Ze\u013c\u013cus&#8221;: &#8220;\u013boti laba un s\u012bksta komanda&#8221;&hellip;\n","protected":false},"author":2,"featured_media":281027,"comment_status":"","ping_status":"","sticky":false,"template":"","format":"standard","meta":{"footnotes":"","_share_on_mastodon":"0"},"categories":[17],"tags":[145,39983,9221,35,39,38,36,37,34,40,146,67,2120,4801],"class_list":["post-281026","post","type-post","status-publish","format-standard","has-post-thumbnail","category-sports","tag-basketbols","tag-jons-valancuns","tag-kauna","tag-latvia","tag-latvian","tag-latviesu","tag-latviesu-valoda","tag-latviesuvaloda","tag-latvija","tag-lv","tag-rigas-zelli","tag-sports","tag-uleb-eiroliga","tag-zalgiris"],"share_on_mastodon":{"url":"https:\/\/pubeurope.com\/@lv\/117188761016420604","error":""},"_links":{"self":[{"href":"https:\/\/www.europesays.com\/lv\/wp-json\/wp\/v2\/posts\/281026","targetHints":{"allow":["GET"]}}],"collection":[{"href":"https:\/\/www.europesays.com\/lv\/wp-json\/wp\/v2\/posts"}],"about":[{"href":"https:\/\/www.europesays.com\/lv\/wp-json\/wp\/v2\/types\/post"}],"author":[{"embeddable":true,"href":"https:\/\/www.europesays.com\/lv\/wp-json\/wp\/v2\/users\/2"}],"replies":[{"embeddable":true,"href":"https:\/\/www.europesays.com\/lv\/wp-json\/wp\/v2\/comments?post=281026"}],"version-history":[{"count":0,"href":"https:\/\/www.europesays.com\/lv\/wp-json\/wp\/v2\/posts\/281026\/revisions"}],"wp:featuredmedia":[{"embeddable":true,"href":"https:\/\/www.europesays.com\/lv\/wp-json\/wp\/v2\/media\/281027"}],"wp:attachment":[{"href":"https:\/\/www.europesays.com\/lv\/wp-json\/wp\/v2\/media?parent=281026"}],"wp:term":[{"taxonomy":"category","embeddable":true,"href":"https:\/\/www.europesays.com\/lv\/wp-json\/wp\/v2\/categories?post=281026"},{"taxonomy":"post_tag","embeddable":true,"href":"https:\/\/www.europesays.com\/lv\/wp-json\/wp\/v2\/tags?post=281026"}],"curies":[{"name":"wp","href":"https:\/\/api.w.org\/{rel}","templated":true}]}}