{"id":28109,"date":"2025-10-22T11:20:08","date_gmt":"2025-10-22T11:20:08","guid":{"rendered":"https:\/\/www.europesays.com\/lv\/28109\/"},"modified":"2025-10-22T11:20:08","modified_gmt":"2025-10-22T11:20:08","slug":"latvija-nelautu-diktatoram-putinam-lidot-tai-pari-uz-tiksanos-ar-trampu","status":"publish","type":"post","link":"https:\/\/www.europesays.com\/lv\/28109\/","title":{"rendered":"Latvija ne\u013cautu diktatoram Putinam lidot tai p\u0101ri uz tik\u0161anos ar Trampu"},"content":{"rendered":"<p>Ministrij\u0101 pauda, ka Latvija atbalsta Trampa centienus izbeigt Krievijas agresiju pret Ukrainu. Vienlaikus ministrij\u0101 nor\u0101da, ka pa\u0161laik tom\u0113r nekas neliecina par Krievijas un Putina gatav\u012bbu konstrukt\u012bvi iesaist\u012bties j\u0113gpiln\u0101 miera proces\u0101. <a href=\"https:\/\/www.tvnet.lv\/term\/555452\/krievija\" class=\"topicLink\" target=\"_blank\" rel=\"nofollow noopener\">Krievija<\/a> turpina pastiprin\u0101t gaisa uzbrukumus pret Ukrainu, nogalinot nevain\u012bgus civiliedz\u012bvot\u0101jus un nodarot boj\u0101jumus civilajai un kritiskajai infrastrukt\u016brai.<\/p>\n<p>&#8220;Latvija neredz iesp\u0113ju izsniegt at\u013cauju p\u0101rlidojumam sav\u0101 gaisa telp\u0101 personai, kura pie\u0146\u0113ma l\u0113mumu s\u0101kt karu Ukrain\u0101 un ir atbild\u012bga par Krievijas smagajiem starptautisko ties\u012bbu p\u0101rk\u0101pumiem, taj\u0101 skait\u0101 par kara noziegumiem Ukrain\u0101,&#8221; inform\u0113ja ministrij\u0101.<\/p>\n<p>Jau zi\u0146ots, ka s\u0101kotn\u0113ji Budape\u0161t\u0101 tika pl\u0101nota Trampa un Putina tik\u0161an\u0101s, lai apspriestu kara izbeig\u0161anu Ukrain\u0101. Kad tie\u0161i t\u0101 notiks, netika zi\u0146ots, un nebija ar\u012b skaidrs, k\u0101 tie\u0161i Putins pl\u0101no nok\u013c\u016bt Ung\u0101rijas galvaspils\u0113t\u0101, jo sp\u0113k\u0101 ir Eiropas ierobe\u017eojumi Krievijas lidma\u0161\u012bnu p\u0101rlidojumiem p\u0101r Eiropas Savien\u012bbas valst\u012bm.<\/p>\n<p>Ta\u010du otrdien ASV amatpersona, kura v\u0113l\u0113j\u0101s palikt anon\u012bma, pazi\u0146oja, ka Tramps nepl\u0101no tuv\u0101kaj\u0101 laik\u0101 tikties ar Putinu, ar \u0161o v\u0113sti n\u0101kot klaj\u0101 da\u017eas dienas p\u0113c tam, kad Tramps bija pazi\u0146ojis, ka tiksies ar Putinu divu ned\u0113\u013cu laik\u0101 Budape\u0161t\u0101.<\/p>\n<p>Tramps kop\u0161 atgrie\u0161an\u0101s Baltaj\u0101 nam\u0101 \u0161\u012b gada s\u0101kum\u0101 centies pan\u0101kt \u0101tru Krievijas s\u0101kt\u0101 kara izbeig\u0161anu pret Ukrainu, uzst\u0101jot uz virkni tie\u0161u sarunu starp Ukrainas un Krievijas amatperson\u0101m un uz\u0146emot Putinu samit\u0101 A\u013cask\u0101, ta\u010du \u0161ie diplom\u0101tiskie centieni nav novedu\u0161i ne pie nek\u0101da izr\u0101viena.<\/p>\n","protected":false},"excerpt":{"rendered":"Ministrij\u0101 pauda, ka Latvija atbalsta Trampa centienus izbeigt Krievijas agresiju pret Ukrainu. Vienlaikus ministrij\u0101 nor\u0101da, ka pa\u0161laik tom\u0113r&hellip;\n","protected":false},"author":2,"featured_media":28110,"comment_status":"","ping_status":"","sticky":false,"template":"","format":"standard","meta":{"footnotes":""},"categories":[5],"tags":[23,28,29,32,33,22,234,74,30,31,35,39,38,36,37,34,40,20,26,27,24,25,276,21],"class_list":{"0":"post-28109","1":"post","2":"type-post","3":"status-publish","4":"format-standard","5":"has-post-thumbnail","7":"category-aktualitates","8":"tag-aktualitates","9":"tag-breaking-news","10":"tag-breakingnews","11":"tag-featured-news","12":"tag-featurednews","13":"tag-headlines","14":"tag-krievija","15":"tag-krievijas-iebrukums-ukraina","16":"tag-latest-news","17":"tag-latestnews","18":"tag-latvia","19":"tag-latvian","20":"tag-latviesu","21":"tag-latviesu-valoda","22":"tag-latviesuvaloda","23":"tag-latvija","24":"tag-lv","25":"tag-news","26":"tag-popularakas-zinas","27":"tag-popularakaszinas","28":"tag-top-stories","29":"tag-topstories","30":"tag-ukraina","31":"tag-zinas"},"share_on_mastodon":{"url":"","error":""},"_links":{"self":[{"href":"https:\/\/www.europesays.com\/lv\/wp-json\/wp\/v2\/posts\/28109","targetHints":{"allow":["GET"]}}],"collection":[{"href":"https:\/\/www.europesays.com\/lv\/wp-json\/wp\/v2\/posts"}],"about":[{"href":"https:\/\/www.europesays.com\/lv\/wp-json\/wp\/v2\/types\/post"}],"author":[{"embeddable":true,"href":"https:\/\/www.europesays.com\/lv\/wp-json\/wp\/v2\/users\/2"}],"replies":[{"embeddable":true,"href":"https:\/\/www.europesays.com\/lv\/wp-json\/wp\/v2\/comments?post=28109"}],"version-history":[{"count":0,"href":"https:\/\/www.europesays.com\/lv\/wp-json\/wp\/v2\/posts\/28109\/revisions"}],"wp:featuredmedia":[{"embeddable":true,"href":"https:\/\/www.europesays.com\/lv\/wp-json\/wp\/v2\/media\/28110"}],"wp:attachment":[{"href":"https:\/\/www.europesays.com\/lv\/wp-json\/wp\/v2\/media?parent=28109"}],"wp:term":[{"taxonomy":"category","embeddable":true,"href":"https:\/\/www.europesays.com\/lv\/wp-json\/wp\/v2\/categories?post=28109"},{"taxonomy":"post_tag","embeddable":true,"href":"https:\/\/www.europesays.com\/lv\/wp-json\/wp\/v2\/tags?post=28109"}],"curies":[{"name":"wp","href":"https:\/\/api.w.org\/{rel}","templated":true}]}}