{"id":28117,"date":"2025-10-22T11:30:09","date_gmt":"2025-10-22T11:30:09","guid":{"rendered":"https:\/\/www.europesays.com\/lv\/28117\/"},"modified":"2025-10-22T11:30:09","modified_gmt":"2025-10-22T11:30:09","slug":"peru-prezidents-galvaspilseta-izsludina-arkartas-stavokli","status":"publish","type":"post","link":"https:\/\/www.europesays.com\/lv\/28117\/","title":{"rendered":"Peru prezidents galvaspils\u0113t\u0101 izsludina \u0101rk\u0101rtas st\u0101vokli"},"content":{"rendered":"<p>P\u0113d\u0113jos gados <a href=\"https:\/\/www.tvnet.lv\/term\/374154\/peru\" class=\"topicLink\" target=\"_blank\" rel=\"nofollow noopener\">Peru<\/a> pieaudzis slepkav\u012bbu, vardarb\u012bgas izspie\u0161anas un sabiedrisk\u0101s viet\u0101s pastr\u0101d\u0101tu uzbrukumu skaits.<\/p>\n<p>No janv\u0101ra l\u012bdz septembrim policija zi\u0146oja par 1690 slepkav\u012bb\u0101m sal\u012bdzin\u0101jum\u0101 ar 1502 slepkav\u012bb\u0101m taj\u0101 pa\u0161\u0101 laika posm\u0101 p\u0113rn.<\/p>\n<p>Biju\u0161o prezidenti Dinu Boluarti 10. oktobr\u012b Peru Kongress atc\u0113la no amata p\u0113c imp\u012b\u010dmenta procesa, kur\u0101 likumdev\u0113ji pazi\u0146oja, ka vi\u0146a nav sp\u0113jusi tikt gal\u0101 ar noziedz\u012bbas vilni.<\/p>\n<p>Vi\u0146as viet\u0101 nekav\u0113joties st\u0101j\u0101s parlamenta sp\u012bkers Hos\u0113 Her\u012b.<\/p>\n<p>\u0100rk\u0101rtas st\u0101voklis Lim\u0101 ilgs 30 dienas, pazi\u0146ojum\u0101 telev\u012bzij\u0101 pauda prezidents.<\/p>\n<p>Vald\u012bba apsver da\u017e\u0101dus pas\u0101kumus, ar\u012b karav\u012bru nos\u016bt\u012b\u0161anu pal\u012bg\u0101 policijai, k\u0101 ar\u012b pulc\u0113\u0161an\u0101s un p\u0101rvieto\u0161an\u0101s br\u012bv\u012bbas ierobe\u017eo\u0161anu, nor\u0101d\u012bja Her\u012b.<\/p>\n<p>Vald\u012bba v\u0113l\u0101k public\u0113ja dekr\u0113tu, ar ko ofici\u0101li izsludin\u0101ja \u0101rk\u0101rtas st\u0101vokli.<\/p>\n<blockquote class=\"quote ck-widget\" contenteditable=\"false\">\n<p>Peru notiku\u0161i pla\u0161i <a href=\"https:\/\/www.tvnet.lv\/term\/576593\/protesti\" class=\"topicLink\" target=\"_blank\" rel=\"nofollow noopener\">protesti<\/a> pret vardarb\u012bbu un korupciju. Tos vada t\u0101 d\u0113v\u0113t\u0101s Z paaudzes akt\u012bvisti.<\/p>\n<\/blockquote>\n<p>Protest\u0113t\u0101ji ceturtdien pulc\u0113j\u0101s Lim\u0101, pieprasot ar\u012b jaun\u0101 prezidenta atk\u0101p\u0161anos.<\/p>\n<p>Sadursm\u0113s viens cilv\u0113ks g\u0101ja boj\u0101, bet aptuveni 100 ievainoti, ar\u012b vair\u0101ki policisti un \u017eurn\u0101listi.<\/p>\n<p>Taj\u0101 pa\u0161\u0101 dien\u0101 Her\u012b pazi\u0146oja, ka neatk\u0101psies no amata.<\/p>\n<p>Iepriek\u0161\u0113j\u0101 prezidente Boluarte mart\u0101 izsludin\u0101ja 30 dienu \u0101rk\u0101rtas st\u0101vokli, ta\u010du uz noziedz\u012bbas mazin\u0101\u0161anu tas lielu iespaidu neatst\u0101ja.<\/p>\n","protected":false},"excerpt":{"rendered":"P\u0113d\u0113jos gados Peru pieaudzis slepkav\u012bbu, vardarb\u012bgas izspie\u0161anas un sabiedrisk\u0101s viet\u0101s pastr\u0101d\u0101tu uzbrukumu skaits. No janv\u0101ra l\u012bdz septembrim policija&hellip;\n","protected":false},"author":2,"featured_media":28118,"comment_status":"","ping_status":"","sticky":false,"template":"","format":"standard","meta":{"footnotes":""},"categories":[14],"tags":[23,57,28,29,32,33,22,30,31,35,39,38,36,37,34,40,20,8578,26,27,4204,24,25,54,55,56,21,58],"class_list":{"0":"post-28117","1":"post","2":"type-post","3":"status-publish","4":"format-standard","5":"has-post-thumbnail","7":"category-zinas-no-arvalstim","8":"tag-aktualitates","9":"tag-arvalstim","10":"tag-breaking-news","11":"tag-breakingnews","12":"tag-featured-news","13":"tag-featurednews","14":"tag-headlines","15":"tag-latest-news","16":"tag-latestnews","17":"tag-latvia","18":"tag-latvian","19":"tag-latviesu","20":"tag-latviesu-valoda","21":"tag-latviesuvaloda","22":"tag-latvija","23":"tag-lv","24":"tag-news","25":"tag-peru","26":"tag-popularakas-zinas","27":"tag-popularakaszinas","28":"tag-protesti","29":"tag-top-stories","30":"tag-topstories","31":"tag-world","32":"tag-world-news","33":"tag-worldnews","34":"tag-zinas","35":"tag-zinas-no-arvalstim"},"share_on_mastodon":{"url":"","error":""},"_links":{"self":[{"href":"https:\/\/www.europesays.com\/lv\/wp-json\/wp\/v2\/posts\/28117","targetHints":{"allow":["GET"]}}],"collection":[{"href":"https:\/\/www.europesays.com\/lv\/wp-json\/wp\/v2\/posts"}],"about":[{"href":"https:\/\/www.europesays.com\/lv\/wp-json\/wp\/v2\/types\/post"}],"author":[{"embeddable":true,"href":"https:\/\/www.europesays.com\/lv\/wp-json\/wp\/v2\/users\/2"}],"replies":[{"embeddable":true,"href":"https:\/\/www.europesays.com\/lv\/wp-json\/wp\/v2\/comments?post=28117"}],"version-history":[{"count":0,"href":"https:\/\/www.europesays.com\/lv\/wp-json\/wp\/v2\/posts\/28117\/revisions"}],"wp:featuredmedia":[{"embeddable":true,"href":"https:\/\/www.europesays.com\/lv\/wp-json\/wp\/v2\/media\/28118"}],"wp:attachment":[{"href":"https:\/\/www.europesays.com\/lv\/wp-json\/wp\/v2\/media?parent=28117"}],"wp:term":[{"taxonomy":"category","embeddable":true,"href":"https:\/\/www.europesays.com\/lv\/wp-json\/wp\/v2\/categories?post=28117"},{"taxonomy":"post_tag","embeddable":true,"href":"https:\/\/www.europesays.com\/lv\/wp-json\/wp\/v2\/tags?post=28117"}],"curies":[{"name":"wp","href":"https:\/\/api.w.org\/{rel}","templated":true}]}}