{"id":281200,"date":"2026-08-31T10:27:13","date_gmt":"2026-08-31T10:27:13","guid":{"rendered":"https:\/\/www.europesays.com\/lv\/281200\/"},"modified":"2026-08-31T10:27:13","modified_gmt":"2026-08-31T10:27:13","slug":"dzejas-dienas-liepaja-pulces-autorus-lasitajus-un-dzejas-cienitajus","status":"publish","type":"post","link":"https:\/\/www.europesays.com\/lv\/281200\/","title":{"rendered":"Dzejas dienas Liep\u0101j\u0101 pulc\u0113s autorus, las\u012bt\u0101jus un dzejas cien\u012bt\u0101jus"},"content":{"rendered":"<p>No 10. l\u012bdz 17. septembrim Liep\u0101j\u0101 norisin\u0101sies \u201cDzejas dienas 2026\u201d, kas \u0161ogad velt\u012btas dzejnieka un rakstnieka J\u0101\u0146a Akuratera 150. jubilejai. Vadmot\u012bvs \u201cLiel\u0101ks k\u0101 dz\u012bve ir dz\u012bves sapnis\u201d caurv\u012bs ned\u0113\u013cas programmu, aicinot no jauna paraudz\u012bties uz sap\u0146a, br\u012bv\u012bbas, rado\u0161uma un cilv\u0113ka iek\u0161\u0113j\u0101 sp\u0113ka noz\u012bmi. Dzejas dienas tiks atkl\u0101tas 10. septembr\u012b kult\u016bras nam\u0101 \u201cWiktorija\u201d ar liter\u0101ri muzik\u0101lu vakaru, kur\u0101 piedal\u012bsies Jaun\u0101 R\u012bgas te\u0101tra aktieris Gundars \u0100boli\u0146\u0161 un arfiste D\u0101rta Tisenkopfa-Muselli.<\/p>\n<p>Atkl\u0101\u0161anas pas\u0101kums \u201cLiel\u0101ks k\u0101 dz\u012bve ir dz\u012bves sapnis\u201d notiks 10. septembr\u012b plkst. 19.00 kult\u016bras nam\u0101 \u201cWiktorija\u201d, Graudu iel\u0101 36\/38. Vakara centr\u0101 b\u016bs J\u0101\u0146a Akuratera person\u012bba un dai\u013crade, kas atkl\u0101sies Gundara \u0100boli\u0146a interpret\u0101cij\u0101 un D\u0101rtas Tisenkopfas-Muselli arfas ska\u0146\u0101s, \u013caujot dzejnieka rakst\u012btajam izskan\u0113t \u0161odienas klaus\u012bt\u0101jam.<\/p>\n<p>J\u0101nis Akuraters ir viena no spilgt\u0101kaj\u0101m person\u012bb\u0101m latvie\u0161u literat\u016bras un kult\u016bras v\u0113stur\u0113. Vi\u0146a dai\u013crad\u0113 b\u016btiska vieta atv\u0113l\u0113ta cilv\u0113ka br\u012bv\u012bbas alk\u0101m, ide\u0101liem, latviskuma izj\u016btai un sapnim par gar\u012bgi piepild\u012btu dz\u012bvi. Akuratera darbos person\u012bg\u0101 pieredze savijas ar sava laikmeta notikumiem, savuk\u0101rt tajos paust\u0101s ilgas p\u0113c pla\u0161\u0101ka apv\u0101r\u0161\u0146a un drosme tiekties p\u0101ri ikdienas robe\u017e\u0101m savu aktualit\u0101ti nav zaud\u0113ju\u0161as ar\u012b m\u016bsdien\u0101s.<\/p>\n<p>P\u0113c atkl\u0101\u0161anas Dzejas dienas turpin\u0101sies l\u012bdz 17. septembrim, da\u017e\u0101d\u0101s Liep\u0101jas kult\u016brviet\u0101s, pulc\u0113jot autorus, las\u012bt\u0101jus un dzejas cien\u012bt\u0101jus. Programm\u0101 gaid\u0101mi dzejas las\u012bjumi, performances, autorvakari, lekcijas, izst\u0101des un rado\u0161\u0101s rakst\u012b\u0161anas meistardarbn\u012bcas.<\/p>\n<p>13. septembr\u012b plkst. 13.00 Pegaza pagalm\u0101, Kur\u0161u iel\u0101 20, notiks dzejas las\u012bjumi \u201c\u0160\u012b smil\u0161u B\u012bbele ir m\u016bsu m\u016b\u017ea gr\u0101mata, caur kuru iztek laiks, bet teksti paliek\u201d. Tajos satiksies latvie\u0161u un lietuvie\u0161u autoru dzeja, k\u0101 ar\u012b Olafa G\u016btma\u0146a liter\u0101rais mantojums. Las\u012bjumus papildin\u0101s Rucavas etnogr\u0101fisk\u0101 ansamb\u013ca uzst\u0101\u0161an\u0101s.<\/p>\n<p>14. septembr\u012b dzejniece un tulkot\u0101ja Elv\u012bra Bloma kop\u0101 ar m\u016bzi\u0137i, rakstnieku un aktieri Igoru \u0160elegovski pied\u0101v\u0101s dzejas performanci \u201ckavi\u0101rs, teksti, me\u017eezers\u201d. Dienas gait\u0101 t\u0101 b\u016bs skat\u0101ma tr\u012bs da\u017e\u0101d\u0101s viet\u0101s \u2013 plkst. 11.00 bibliot\u0113k\u0101 \u201cVarav\u012bksne\u201d, Br\u012bv\u012bbas iel\u0101 39, plkst. 17.00 Liep\u0101jas Centr\u0101laj\u0101 zin\u0101tniskaj\u0101 bibliot\u0113k\u0101, Zivju iel\u0101 7, bet plkst. 20.00 \u2013 \u201cVerand\u0101\u201d, Ku\u0123inieku iel\u0101 5.<\/p>\n<p>15. septembr\u012b viena no programmas centr\u0101laj\u0101m person\u012bb\u0101m b\u016bs dzejnieks un rakstnieks Andris Akmenti\u0146\u0161. Dienas pirmaj\u0101 pus\u0113 dzejnieks tiksies ar b\u0113rniem un jaunie\u0161iem, iepaz\u012bstinot ar savu jaun\u0101ko dzejas gr\u0101matu b\u0113rniem \u201cKl\u0101tb\u016btne\u201d. Plkst. 11.00 tik\u0161an\u0101s notiks b\u0113rnu bibliot\u0113k\u0101 \u201cVecliep\u0101jas r\u016b\u0137is\u201d, Malkas iel\u0101 4, savuk\u0101rt plkst. 14.00 Valtera bibliot\u0113k\u0101, Kr\u016bmu iel\u0101 29. Savuk\u0101rt plkst. 17.00, bibliot\u0113k\u0101 \u201cLibris\u201d, Mirdzas \u0136empes iel\u0101 11, Andris Akmenti\u0146\u0161 aicin\u0101s uz autorvakaru \u201cLaim\u012bgas beigas\u201d, kur\u0101 saruna par literat\u016bru sav\u012bsies ar autora personisko un rado\u0161o pieredzi.<\/p>\n<p>\u0160aj\u0101 pa\u0161\u0101 dien\u0101 plkst. 14.00 Liep\u0101jas Centr\u0101laj\u0101 zin\u0101tniskaj\u0101 bibliot\u0113k\u0101, Zivju iel\u0101 7, tiks atkl\u0101ta izst\u0101de \u201cIeklausies v\u0113lreiz\u201d, kas velt\u012bta Nobela pr\u0113mijas laure\u0101ta, \u012bru dzejnieka, tulkot\u0101ja un dramaturga \u0160eimusa H\u012bnija piemi\u0146ai. Izst\u0101des atkl\u0101\u0161an\u0101 ar priek\u0161las\u012bjumu piedal\u012bsies ar\u012b vi\u0146a dzejas tulkot\u0101ja Ieva Le\u0161inska-Geibere.<\/p>\n<p>Pie J\u0101\u0146a Akuratera person\u012bbas un dai\u013crades Dzejas dienu programma atgriez\u012bsies 16. septembr\u012b plkst. 11.00 Liep\u0101jas Centr\u0101l\u0101s zin\u0101tnisk\u0101s bibliot\u0113kas Re\u0123ion\u0101laj\u0101 m\u0101c\u012bbu centr\u0101, Malkas iel\u0101 4, kur literat\u016brzin\u0101tnieks Dr. philol. Edgars L\u0101ms vad\u012bs lekciju \u201cM\u016b\u017e\u012bgais romantisms\u201d, kas velt\u012bta Akuratera 150. jubilejai un \u013caus tuv\u0101k iepaz\u012bt vi\u0146a dai\u013cradi, laikmetu un vietu latvie\u0161u kult\u016bras v\u0113stur\u0113.<\/p>\n<p>Savuk\u0101rt plkst. 13.00, Malkas iel\u0101 4 Andris Akmenti\u0146\u0161 vad\u012bs dzejas rakst\u012b\u0161anas meistardarbn\u012bcu, aicinot kop\u012bg\u0101 rado\u0161\u0101 proces\u0101 iesaist\u012bties gan pieredz\u0113ju\u0161us un topo\u0161us autorus, gan ikvienu, kur\u0161 v\u0113las izm\u0113\u0123in\u0101t sevi dzejas rakst\u012b\u0161an\u0101.<\/p>\n<p>Dzejas dienu ned\u0113\u013ca nosl\u0113gsies 17. septembr\u012b ar rakstnieka Egona L\u012bva piemi\u0146as balvas \u201cKrasta \u013caudis\u201d pasnieg\u0161anas ceremoniju. Taj\u0101 tiks godin\u0101ti laure\u0101ti nomin\u0101cij\u0101s \u201cLab\u0101kais ori\u0123in\u0101lliterat\u016bras prozas darbs 2025\/2026\u201d un \u201cLab\u0101kais jauno autoru liter\u0101rais darbs 2026\u201d.<\/p>\n<p>Ar dzejas dienu programmu iesp\u0113jams iepaz\u012bties: <a href=\"http:\/\/www.liepaja.lv\/dzejasdiena2026\" target=\"_blank\" rel=\"nofollow noopener\">www.liepaja.lv\/dzejasdiena2026<\/a>.<\/p>\n<p>          <img decoding=\"async\" src=\"https:\/\/www.europesays.com\/lv\/wp-content\/uploads\/2026\/08\/1788172033_180_logo-lv.png\" alt=\"\"\/><\/p>\n<p>                  \u0160\u012b inform\u0101cija ir publisks pazi\u0146ojums un neatspogu\u013co LV port\u0101la viedokli. Par t\u0101s saturu atbild ies\u016bt\u012bt\u0101js. <a data-popup=\"rules\">Public\u0113\u0161anas noteikumi<\/a><\/p>\n","protected":false},"excerpt":{"rendered":"No 10. l\u012bdz 17. septembrim Liep\u0101j\u0101 norisin\u0101sies \u201cDzejas dienas 2026\u201d, kas \u0161ogad velt\u012btas dzejnieka un rakstnieka J\u0101\u0146a Akuratera&hellip;\n","protected":false},"author":2,"featured_media":281201,"comment_status":"","ping_status":"","sticky":false,"template":"","format":"standard","meta":{"footnotes":"","_share_on_mastodon":"0"},"categories":[12],"tags":[23,28,29,32,33,22,30,31,35,39,38,36,37,34,40,20,26,27,24,25,21],"class_list":["post-281200","post","type-post","status-publish","format-standard","has-post-thumbnail","category-latvija","tag-aktualitates","tag-breaking-news","tag-breakingnews","tag-featured-news","tag-featurednews","tag-headlines","tag-latest-news","tag-latestnews","tag-latvia","tag-latvian","tag-latviesu","tag-latviesu-valoda","tag-latviesuvaloda","tag-latvija","tag-lv","tag-news","tag-popularakas-zinas","tag-popularakaszinas","tag-top-stories","tag-topstories","tag-zinas"],"share_on_mastodon":{"url":"https:\/\/pubeurope.com\/@lv\/117189650040736434","error":""},"_links":{"self":[{"href":"https:\/\/www.europesays.com\/lv\/wp-json\/wp\/v2\/posts\/281200","targetHints":{"allow":["GET"]}}],"collection":[{"href":"https:\/\/www.europesays.com\/lv\/wp-json\/wp\/v2\/posts"}],"about":[{"href":"https:\/\/www.europesays.com\/lv\/wp-json\/wp\/v2\/types\/post"}],"author":[{"embeddable":true,"href":"https:\/\/www.europesays.com\/lv\/wp-json\/wp\/v2\/users\/2"}],"replies":[{"embeddable":true,"href":"https:\/\/www.europesays.com\/lv\/wp-json\/wp\/v2\/comments?post=281200"}],"version-history":[{"count":0,"href":"https:\/\/www.europesays.com\/lv\/wp-json\/wp\/v2\/posts\/281200\/revisions"}],"wp:featuredmedia":[{"embeddable":true,"href":"https:\/\/www.europesays.com\/lv\/wp-json\/wp\/v2\/media\/281201"}],"wp:attachment":[{"href":"https:\/\/www.europesays.com\/lv\/wp-json\/wp\/v2\/media?parent=281200"}],"wp:term":[{"taxonomy":"category","embeddable":true,"href":"https:\/\/www.europesays.com\/lv\/wp-json\/wp\/v2\/categories?post=281200"},{"taxonomy":"post_tag","embeddable":true,"href":"https:\/\/www.europesays.com\/lv\/wp-json\/wp\/v2\/tags?post=281200"}],"curies":[{"name":"wp","href":"https:\/\/api.w.org\/{rel}","templated":true}]}}