{"id":281206,"date":"2026-08-31T10:33:12","date_gmt":"2026-08-31T10:33:12","guid":{"rendered":"https:\/\/www.europesays.com\/lv\/281206\/"},"modified":"2026-08-31T10:33:12","modified_gmt":"2026-08-31T10:33:12","slug":"lidz-ar-jauno-macibu-gadu-jarekinas-ar-intensivaku-satiksmi-un-berniem-taja","status":"publish","type":"post","link":"https:\/\/www.europesays.com\/lv\/281206\/","title":{"rendered":"L\u012bdz ar jauno m\u0101c\u012bbu gadu j\u0101r\u0113\u0137in\u0101s ar intens\u012bv\u0101ku satiksmi un b\u0113rniem taj\u0101"},"content":{"rendered":"<p class=\"text-align-justify\">S\u0101koties jaunajam m\u0101c\u012bbu gadam, aicin\u0101m autovad\u012bt\u0101jus pl\u0101not papildu laiku ce\u013cam un savlaic\u012bgi doties dienas gait\u0101s. J\u0101r\u0113\u0137in\u0101s, ka satiksme, \u012bpa\u0161i piepils\u0113t\u0101, k\u013c\u016bs intens\u012bv\u0101ka un pa iel\u0101m un ce\u013ciem p\u0101rvietosies vair\u0101k b\u0113rnu. Ats\u0101ks kurs\u0113t ar\u012b skol\u0113nu autobusi.<\/p>\n<p class=\"text-align-justify\">Visus satiksmes dal\u012bbniekus aicin\u0101m iev\u0113rot ce\u013cu satiksmes noteikumus, tostarp \u0101truma un citus ierobe\u017eojumus pie skol\u0101m, k\u0101 ar\u012b b\u016bt \u012bpa\u0161i uzman\u012bgiem jaun\u0101 m\u0101c\u012bbu gada pirmaj\u0101s dien\u0101s, kad b\u0113rni atgrie\u017eas skolas gait\u0101s.<\/p>\n<p class=\"text-align-justify\">M\u0101c\u012bbu gada s\u0101kum\u0101 b\u0113rniem ir v\u0113rts atg\u0101din\u0101t par ce\u013cu satiksmes noteikumiem. Daudzviet apdz\u012bvotu vietu un pils\u0113tu tuvum\u0101 ir izveidota jauna infrastrukt\u016bra g\u0101j\u0113jiem un velosip\u0113distiem, ko b\u0113rni var izmantot nok\u013c\u016b\u0161anai skol\u0101. Lai tas b\u016btu dro\u0161i, b\u0113rniem j\u0101zina noteikumi, k\u0101 pareizi lietot \u0161o infrastrukt\u016bru, un j\u0101r\u016bp\u0113jas par savu un citu satiksmes dal\u012bbnieku dro\u0161\u012bbu.<\/p>\n<p class=\"text-align-justify\">Ik\u0161\u0137il\u0113 un Ulbrok\u0101 ce\u013ca remontdarbi notiek skolu tuvum\u0101 un vec\u0101kiem ir j\u0101r\u0113\u0137in\u0101s, ka satiksme tur var b\u016bt pal\u0113nin\u0101ta:<\/p>\n<ul>\n<li>\n<p class=\"text-align-justify\">Ulbrok\u0101 uz autoce\u013ca Ulbroka\u2013Ogre (P5) pie Ulbrokas vidusskolas ir viens luksofora posms, kust\u012bba pa vienu brauk\u0161anas joslu, paredzamais \u0161\u0137\u0113rso\u0161anas laiks aptuveni 15 min\u016btes, darbus \u00a0pl\u0101nots pabeigt l\u012bdz novembra beig\u0101m;<\/p>\n<\/li>\n<li>\n<p class=\"text-align-justify\">Ik\u0161\u0137il\u0113 Skolas iel\u0101 zem Daugavpils \u0161osejas (A6) p\u0101rvada 1. septembr\u012b tiks nodro\u0161in\u0101tas divas brauk\u0161anas joslas. Savuk\u0101rt p\u0113c tam, l\u012bdz darbu pabeig\u0161anai, satiksme paredz\u0113ta mai\u0146virzien\u0101 pa vienu joslu.\u00a0Darbus pl\u0101nots pabeigt 2027. gad\u0101.<\/p>\n<\/li>\n<\/ul>\n<p class=\"text-align-justify\">Valsts ce\u013cu t\u012bkl\u0101 ar\u012b turpin\u0101s b\u016bvdarbu sezona, darbi notiek 45\u00a0posmos. Pier\u012bg\u0101 j\u0101r\u0113\u0137in\u0101s ar\u00a0 satiksmes ierobe\u017eojumiem uz Liep\u0101jas \u0161osejas (A9) no Br\u012bvkalniem l\u012bdz Kl\u012bv\u0113m (0,0\u20139,9 km) un no Lielupes l\u012bdz krustojumam ar a\/c Jelgava\u2013Tukums (P98) (24,37\u201339,13 km). Uz Liep\u0101ja \u0161osejas darbi notiek v\u0113l div\u0101s viet\u0101s: no Bl\u012bdenes l\u012bdz Purvakroga kapiem (79,3\u201387,51 km) un Broc\u0113nos (94,69\u201394,94 km). Pla\u0161\u0101kie satiksmes ierobe\u017eojumi uz valsts autoce\u013ciem saglab\u0101jas Pier\u012bg\u0101, Latgal\u0113 un Kurzem\u0113.<\/p>\n<p class=\"text-align-justify\">Inform\u0101cija par visiem aktu\u0101lajiem satiksmes ierobe\u017eojumiem uz valsts autoce\u013ciem atrodama VSIA &#8220;Latvijas Valsts ce\u013ci&#8221; (LVC) t\u012bmek\u013ca vietn\u0113 <a data-external-link=\"TRUE\" href=\"https:\/\/eur05.safelinks.protection.outlook.com\/?url=https%3A%2F%2Flvceli.lv%2F%231_buvdarbi_un_satiksmes_ierobezojumi&amp;data=05%7C02%7CElina.Pankovska%40lvceli.lv%7Cc1e48928cf694a8711da08df04f00d4b%7Cabb448e43502490e8f905ca74b58a659%7C0%7C0%7C639235101185433244%7CUnknown%7CTWFpbGZsb3d8eyJFbXB0eU1hcGkiOnRydWUsIlYiOiIwLjAuMDAwMCIsIlAiOiJXaW4zMiIsIkFOIjoiTWFpbCIsIldUIjoyfQ%3D%3D%7C0%7C%7C%7C&amp;sdata=hXnRvZ6ebm7sI3n%2FUQ7ac2qatehussAdldDVcLFZTtc%3D&amp;reserved=0\" rel=\"nofollow noopener\" target=\"_blank\">lvceli.lv\/#kartes<\/a>. Lai ieg\u016btu vai nodotu inform\u0101ciju par notieko\u0161o uz valsts autoce\u013ciem, aicin\u0101m zvan\u012bt uz VSIA &#8220;Latvijas Valsts ce\u013ci&#8221;\u00a0diennakts informat\u012bvo bezmaksas t\u0101lruni <a href=\"https:\/\/www.ropazi.lv\/lv\/jaunums\/tel:+371 80005555\" rel=\"nofollow noopener\" target=\"_blank\">+371 80005555<\/a>.<\/p>\n","protected":false},"excerpt":{"rendered":"S\u0101koties jaunajam m\u0101c\u012bbu gadam, aicin\u0101m autovad\u012bt\u0101jus pl\u0101not papildu laiku ce\u013cam un savlaic\u012bgi doties dienas gait\u0101s. J\u0101r\u0113\u0137in\u0101s, ka satiksme,&hellip;\n","protected":false},"author":2,"featured_media":281207,"comment_status":"","ping_status":"","sticky":false,"template":"","format":"standard","meta":{"footnotes":"","_share_on_mastodon":"0"},"categories":[12],"tags":[23,28,29,32,33,22,30,31,35,39,38,36,37,34,40,20,26,27,24,25,21],"class_list":["post-281206","post","type-post","status-publish","format-standard","has-post-thumbnail","category-latvija","tag-aktualitates","tag-breaking-news","tag-breakingnews","tag-featured-news","tag-featurednews","tag-headlines","tag-latest-news","tag-latestnews","tag-latvia","tag-latvian","tag-latviesu","tag-latviesu-valoda","tag-latviesuvaloda","tag-latvija","tag-lv","tag-news","tag-popularakas-zinas","tag-popularakaszinas","tag-top-stories","tag-topstories","tag-zinas"],"share_on_mastodon":{"url":"https:\/\/pubeurope.com\/@lv\/117189673218365946","error":""},"_links":{"self":[{"href":"https:\/\/www.europesays.com\/lv\/wp-json\/wp\/v2\/posts\/281206","targetHints":{"allow":["GET"]}}],"collection":[{"href":"https:\/\/www.europesays.com\/lv\/wp-json\/wp\/v2\/posts"}],"about":[{"href":"https:\/\/www.europesays.com\/lv\/wp-json\/wp\/v2\/types\/post"}],"author":[{"embeddable":true,"href":"https:\/\/www.europesays.com\/lv\/wp-json\/wp\/v2\/users\/2"}],"replies":[{"embeddable":true,"href":"https:\/\/www.europesays.com\/lv\/wp-json\/wp\/v2\/comments?post=281206"}],"version-history":[{"count":0,"href":"https:\/\/www.europesays.com\/lv\/wp-json\/wp\/v2\/posts\/281206\/revisions"}],"wp:featuredmedia":[{"embeddable":true,"href":"https:\/\/www.europesays.com\/lv\/wp-json\/wp\/v2\/media\/281207"}],"wp:attachment":[{"href":"https:\/\/www.europesays.com\/lv\/wp-json\/wp\/v2\/media?parent=281206"}],"wp:term":[{"taxonomy":"category","embeddable":true,"href":"https:\/\/www.europesays.com\/lv\/wp-json\/wp\/v2\/categories?post=281206"},{"taxonomy":"post_tag","embeddable":true,"href":"https:\/\/www.europesays.com\/lv\/wp-json\/wp\/v2\/tags?post=281206"}],"curies":[{"name":"wp","href":"https:\/\/api.w.org\/{rel}","templated":true}]}}