{"id":281212,"date":"2026-08-31T10:39:23","date_gmt":"2026-08-31T10:39:23","guid":{"rendered":"https:\/\/www.europesays.com\/lv\/281212\/"},"modified":"2026-08-31T10:39:23","modified_gmt":"2026-08-31T10:39:23","slug":"postosajai-vetrai-kas-plosijas-latvija-21-augusta-vacijas-meteorologi-deva-ipasu-vardu","status":"publish","type":"post","link":"https:\/\/www.europesays.com\/lv\/281212\/","title":{"rendered":"Posto\u0161ajai v\u0113trai kas plos\u012bj\u0101s Latvij\u0101 21. august\u0101 V\u0101cijas meteorologi deva \u012bpa\u0161u v\u0101rdu"},"content":{"rendered":"<p><img loading=\"lazy\" decoding=\"async\" class=\"lazy lazy-hidden alignnone size-full wp-image-303656\" src=\"data:image\/gif;base64,R0lGODlhAQABAIAAAAAAAP\/\/\/yH5BAEAAAAALAAAAAABAAEAAAIBRAA7\" data-lazy-type=\"image\" data-lazy-src=\"https:\/\/www.europesays.com\/lv\/wp-content\/uploads\/2026\/08\/jason-zeis-F_9F5MzyeFY-unsplash-1.jpg\" alt=\"\" width=\"900\" height=\"597\" data-lazy- data-lazy-\/><\/p>\n<p>Nakt\u012b uz 21. augustu Eiropas centr\u0101laj\u0101 un dienvidu da\u013c\u0101 izveidoj\u0101s jauns ciklons. V\u0101cijas meteorologi tam deva v\u0101rdu Priska. \u0160is ciklons rad\u0101s saist\u012bb\u0101 ar lielo temperat\u016bras starp\u012bbu starp karstaj\u0101m gaisa mas\u0101m dienvidos un v\u0113so gaisu zieme\u013cos.<\/p>\n<p>Papildus tam no Vidusj\u016bras re\u0123iona n\u0101ca liels mitrums, kas v\u0113l\u0101k izrais\u012bja \u013coti sp\u0113c\u012bgas lietavas.<\/p>\n<p>Ciklons pak\u0101peniski virz\u012bj\u0101s uz zieme\u013caustrumiem Baltijas valstu virzien\u0101. Vissp\u0113c\u012bg\u0101k\u0101 v\u0113tras f\u0101ze tika sasniegta 22. august\u0101 un nakt\u012b uz 23. augustu, kad t\u0101s centrs atrad\u0101s tie\u0161i virs Lietuvas un Latvijas. Lietus valsts dienvidos s\u0101k\u0101s jau 22. augusta priek\u0161pusdien\u0101. P\u0113cpusdien\u0101 ciklona centrs \u0161\u0137\u0113rsoja Latvijas teritoriju no dienvidiem uz zieme\u013ciem.<\/p>\n<p>Prognozes un pirmie br\u012bdin\u0101jumi<\/p>\n<p>Atmosf\u0113ras spiediena izmai\u0146as un ciklonu model\u0113t\u0101ji fiks\u0113ja aptuveni tr\u012bs dienas pirms pa\u0161as v\u0113tras. S\u0101kotn\u0113jie dati gan neuzr\u0101d\u012bja, ka gaid\u0101ms tik sp\u0113c\u012bgs v\u0113j\u0161 un nokri\u0161\u0146u daudzums. Ar\u012b ciklona kust\u012bbas trajektorija s\u0101kum\u0101 izskat\u012bj\u0101s cit\u0101da un neliecin\u0101ja par tie\u0161u ietekmi uz Latviju.<\/p>\n<p><img loading=\"lazy\" decoding=\"async\" class=\"lazy lazy-hidden alignnone size-full wp-image-303657\" src=\"data:image\/gif;base64,R0lGODlhAQABAIAAAAAAAP\/\/\/yH5BAEAAAAALAAAAAABAAEAAAIBRAA7\" data-lazy-type=\"image\" data-lazy-src=\"https:\/\/www.europesays.com\/lv\/wp-content\/uploads\/2026\/08\/clayton-prouty-pWXTJ7kU6uM-unsplash.jpg\" alt=\"\" width=\"900\" height=\"596\" data-lazy- data-lazy-\/><\/p>\n<p>Situ\u0101cija main\u012bj\u0101s divas dienas pirms v\u0113tras s\u0101kuma. Apkopotie dati s\u0101ka r\u0101d\u012bt, ka v\u0113tra tom\u0113r skars Latviju. T\u0101p\u0113c sinopti\u0137i \u0161o inform\u0101ciju uzreiz iek\u013c\u0101va ikdienas laika zi\u0146u prognoz\u0113s. Piektdien\u0101, dienu pirms gaid\u0101majiem notikumiem, datu precizit\u0101te bija pietiekami augsta. Sinopti\u0137i var\u0113ja izstr\u0101d\u0101t un izplat\u012bt ofici\u0101los br\u012bdin\u0101jumus. 22. august\u0101 valst\u012b sp\u0113k\u0101 bija dzelten\u0101, oran\u017e\u0101 un pat sarkan\u0101 l\u012bme\u0146a br\u012bdin\u0101jumi par b\u012bstamu v\u0113ju un \u013coti sp\u0113c\u012bg\u0101m lietav\u0101m.<\/p>\n<p>Neierasts v\u0113ja sp\u0113ks vasaras m\u0113ne\u0161os<\/p>\n<p>Latvijas klimatiskajos apst\u0101k\u013cos sp\u0113c\u012bgas v\u0113tras visbie\u017e\u0101k nov\u0113ro rudens un ziemas m\u0113ne\u0161os. Vasar\u0101 sp\u0113c\u012bgas v\u0113ja br\u0101zmas parasti izraisa nevis lieli un akt\u012bvi cikloni, bet gan lok\u0101li p\u0113rkona negaisa m\u0101ko\u0146i. T\u0101dos gad\u012bjumos sp\u0113c\u012bgs v\u0113j\u0161 p\u016b\u0161 \u012bsu br\u012bdi un neliel\u0101 teritorij\u0101.<\/p>\n<p>Ciklons Priska bija iz\u0146\u0113mums. \u0160oreiz sp\u0113c\u012bgs v\u0113j\u0161 p\u016bta daudzas stundas p\u0113c k\u0101rtas un aptv\u0113ra pla\u0161us valsts re\u0123ionus. V\u0113tras sp\u0113ka br\u0101zmas, kas p\u0101rsniedza 20,8 metrus sekund\u0113, tika re\u0123istr\u0113tas 14 nov\u0113rojumu stacij\u0101s. Asto\u0146\u0101s no t\u0101m v\u0113ja \u0101trums p\u0101rsniedza pat 24,5 metrus sekund\u0113.<\/p>\n<p>Stipr\u0101ko v\u0113ju fiks\u0113ja Daugavgr\u012bv\u0101, kur br\u0101zmas sasniedza 31 metru sekund\u0113. Iek\u0161zem\u0113 visstipr\u0101kais v\u0113j\u0161 bija Jelgav\u0101 \u2013 26,8 metri sekund\u0113. Vid\u0113jais maksim\u0101lo v\u0113ja br\u0101zmu \u0101trums vis\u0101 Latvij\u0101 22. august\u0101 sasniedza 20,7 metrus sekund\u0113. Tas ir augst\u0101kais r\u0101d\u012bt\u0101js, k\u0101ds jebkad re\u0123istr\u0113ts vasaras m\u0113ne\u0161os nov\u0113rojumu v\u0113stur\u0113.<\/p>\n<p><a href=\"https:\/\/dzentlmenis.lv\/ka-izmantot-kafijas-biezumus-istabas-augu-kopsana-vienkarss-panemiens-audzesanas-uzlabosanai\/302964\/\" rel=\"nofollow noopener\" target=\"_blank\"><img class=\"lazy lazy-hidden\" decoding=\"async\" src=\"data:image\/gif;base64,R0lGODlhAQABAIAAAAAAAP\/\/\/yH5BAEAAAAALAAAAAABAAEAAAIBRAA7\" data-lazy-type=\"image\" data-lazy-src=\"https:\/\/www.europesays.com\/lv\/wp-content\/uploads\/2026\/08\/kafija-augiem.jpg\" data-lazy- alt=\"K\u0101 izmantot kafijas biezumus istabas augu kop\u0161an\u0101: vienk\u0101r\u0161s pa\u0146\u0113miens audz\u0113\u0161anas uzlabo\u0161anai\"\/><\/a>Citi lasa<a class=\"monsterinsights-inline-popular-posts-title\" href=\"https:\/\/dzentlmenis.lv\/ka-izmantot-kafijas-biezumus-istabas-augu-kopsana-vienkarss-panemiens-audzesanas-uzlabosanai\/302964\/\" rel=\"nofollow noopener\" target=\"_blank\">K\u0101 izmantot kafijas biezumus istabas augu kop\u0161an\u0101: vienk\u0101r\u0161s pa\u0146\u0113miens audz\u0113\u0161anas uzlabo\u0161anai<\/a><\/p>\n<p>Ilgsto\u0161\u0101k\u0101s v\u0113ja br\u0101zmas pieredz\u0113ja Ventspil\u012b. Tur v\u0113tras sp\u0113ka v\u0113j\u0161 nep\u0101rtraukti p\u016bta 12 stundas p\u0113c k\u0101rtas, s\u0101kot no 22. augusta p\u0113cpusdienas. Daugavgr\u012bv\u0101 \u0161\u0101ds v\u0113j\u0161 saglab\u0101j\u0101s 10 stundas. Ilgi v\u0113j\u0161 p\u016bta ar\u012b citviet \u2013 R\u0113zekn\u0113 6 stundas, bet Bausk\u0101, Kolk\u0101 un Sald\u016b \u2013 5 stundas. R\u012bg\u0101, Jelgav\u0101 un Dagd\u0101 sp\u0113c\u012bg\u0101s br\u0101zmas ilga aptuveni 4 stundas.<\/p>\n<p>Rekordliels nokri\u0161\u0146u daudzums<\/p>\n<p>L\u012bdztekus v\u0113jam ciklons atnesa ar\u012b \u013coti lielu \u016bdens daudzumu. Divu diennak\u0161u laik\u0101, 22. un 23. august\u0101, vid\u0113jais nokri\u0161\u0146u daudzums valst\u012b sasniedza 50,4 milimetrus. Tas ir aptuveni 66% no visas m\u0113ne\u0161a normat\u012bv\u0101s normas.<\/p>\n<p>Pa\u0161\u0101 22. august\u0101 vid\u0113ji Latvij\u0101 nolija 36,1 milimetrs \u016bdens. Tas k\u013cuva par visu laiku mitr\u0101ko 22. augustu nov\u0113rojumu v\u0113stur\u0113 vienas diennakts griezum\u0101.<\/p>\n<p>Visliel\u0101kais nokri\u0161\u0146u daudzums tika nov\u0113rots Kolk\u0101. Tur vienas diennakts laik\u0101 nolija 102,9 milimetri lietus, kas ir 125% no vietas m\u0113ne\u0161a normas. Ar \u0161o r\u0101d\u012bt\u0101ju tika labots iepriek\u0161\u0113jais Kolkas diennakts rekords, kas bija re\u0123istr\u0113ts 2011. gad\u0101. Div\u0101s dien\u0101s kop\u0101 Kolk\u0101 nolija 124,8 milimetri \u016bdens.<\/p>\n<p>Kopum\u0101 20 nov\u0113rojumu stacij\u0101s re\u0123istr\u0113ts lietus, kas p\u0101rsniedza 20 milimetrus diennakt\u012b, bet devi\u0146\u0101s stacij\u0101s nolija vair\u0101k par 50 milimetriem. Vair\u0101k\u0101s viet\u0101s, piem\u0113ram, Stend\u0113, Sald\u016b, Dobel\u0113 un Vi\u010dakos, nokri\u0161\u0146u daudzums p\u0101rsniedza visa m\u0113ne\u0161a normu. Kolk\u0101 un Vi\u010dakos lietus nep\u0101rtraukti lija 17 stundas p\u0113c k\u0101rtas. Tas ir \u0161o staciju laika nov\u0113rojumu rekords. Siguld\u0101 un Ventspil\u012b nep\u0101rtraukts lietus ilga 14 stundas, savuk\u0101rt Kuld\u012bg\u0101 un Liep\u0101j\u0101 \u2013 13 stundas.<\/p>\n<p>Situ\u0101cija up\u0113s un \u016bdenstilp\u0113s<\/p>\n<p>Sp\u0113c\u012bgo lietavu d\u0113\u013c Latvijas up\u0113s s\u0101k\u0101s strauja \u016bdens l\u012bme\u0146a cel\u0161an\u0101s. Vis\u0101tr\u0101k \u016bdens l\u012bmenis k\u0101pa Kurzemes up\u0113s, kur nokri\u0161\u0146u bija visvair\u0101k. Ventas un B\u0101rtas baseinos \u016bdens atsevi\u0161\u0137\u0101s viet\u0101s pac\u0113l\u0101s vair\u0101k nek\u0101 par tr\u012bs metriem.<\/p>\n<p>\u016adens l\u012bme\u0146a k\u0101puma d\u0113\u013c Kurzem\u0113 appl\u016bda zem\u0101k\u0101s vietas un p\u013cavas blakus up\u0113m. L\u0113n\u0101ka, tom\u0113r paman\u0101ma \u016bdens l\u012bme\u0146a cel\u0161an\u0101s tika nov\u0113rota ar\u012b Lielupes un Daugavas baseina up\u0113s. Vasaras periodam \u0161\u0101da \u016bdens l\u012bme\u0146a main\u012bba bija neierasta, t\u0101p\u0113c tika izplat\u012bti atbilsto\u0161i hidrologu br\u012bdin\u0101jumi.<\/p>\n<p>Kad lietavas mit\u0113j\u0101s un iest\u0101j\u0101s saus\u0101ks laiks, \u016bdens l\u012bmenis up\u0113s pak\u0101peniski stabiliz\u0113j\u0101s. No 25. l\u012bdz 27. augustam vairum\u0101 upju \u016bdens l\u012bmenis s\u0101ka kristies. Tikai atsevi\u0161\u0137os rajonos, piem\u0113ram, Irbes upes basein\u0101, \u016bdens l\u012bme\u0146a l\u0113na cel\u0161an\u0101s v\u0113l turpin\u0101j\u0101s ar\u012b 28. august\u0101.<\/p>\n<p><a href=\"https:\/\/dzentlmenis.lv\/sab-bridinajums-iedzivotajiem-krievijas-retorika-pret-latviju-sak-atgadinat-scenariju-pirms-kara-ukraina\/303487\/\" rel=\"nofollow noopener\" target=\"_blank\"><img class=\"lazy lazy-hidden\" decoding=\"async\" src=\"data:image\/gif;base64,R0lGODlhAQABAIAAAAAAAP\/\/\/yH5BAEAAAAALAAAAAABAAEAAAIBRAA7\" data-lazy-type=\"image\" data-lazy-src=\"https:\/\/www.europesays.com\/lv\/wp-content\/uploads\/2026\/08\/1788172763_62_Putins-1.jpg\" data-lazy- alt=\"SAB br\u012bdin\u0101jums iedz\u012bvot\u0101jiem: Krievijas retorika pret Latviju s\u0101k atg\u0101din\u0101t scen\u0101riju pirms kara Ukrain\u0101\"\/><\/a>Citi lasa<a class=\"monsterinsights-inline-popular-posts-title\" href=\"https:\/\/dzentlmenis.lv\/sab-bridinajums-iedzivotajiem-krievijas-retorika-pret-latviju-sak-atgadinat-scenariju-pirms-kara-ukraina\/303487\/\" rel=\"nofollow noopener\" target=\"_blank\">SAB br\u012bdin\u0101jums iedz\u012bvot\u0101jiem: Krievijas retorika pret Latviju s\u0101k atg\u0101din\u0101t scen\u0101riju pirms kara Ukrain\u0101<\/a><\/p>\n<p>V\u0113tras rad\u012bt\u0101s sekas un post\u012bjumi<\/p>\n<p>Lielais v\u0113ja \u0101trums un lietavas rad\u012bja nopietnus boj\u0101jumus vis\u0101 Latvij\u0101. V\u0113tra l\u016bza koki, tika boj\u0101tas \u0113kas un s\u0101k\u0101s lok\u0101li pl\u016bdi. Negad\u012bjumos cieta vismaz 14 cilv\u0113ki, un Jelgav\u0101 viens cilv\u0113ks zaud\u0113ja dz\u012bv\u012bbu.<\/p>\n<p>Ciklona laik\u0101 elektroapg\u0101de tika trauc\u0113ta vair\u0101k nek\u0101 277 000 m\u0101jsaimniec\u012bbu. \u0160ie bija pla\u0161\u0101kie elektroener\u0123ijas pieg\u0101des p\u0101rtraukumi p\u0113d\u0113jo desmitga\u017eu laik\u0101. Boj\u0101jumi sk\u0101ra gan zemsprieguma, gan augstsprieguma t\u012bklus. Atsevi\u0161\u0137os novados, tostarp Aizkraukles, J\u0113kabpils, Prei\u013cu un R\u0113zeknes pus\u0113, elektr\u012bbas atjauno\u0161ana pras\u012bja vair\u0101kas dienas.<\/p>\n<p>Nol\u016bku\u0161o koku d\u0113\u013c tika blo\u0137\u0113ti daudzi autoce\u013ci. Da\u017eos ce\u013cu posmos nol\u016bzu\u0161i koki atrad\u0101s ik p\u0113c p\u0101ris desmitiem metru. Valsts me\u017eos boj\u0101to koksnes apjomu nov\u0113rt\u0113ja vair\u0101k nek\u0101 100 000 kubikmetru apm\u0113r\u0101. T\u0101pat tika boj\u0101ta me\u017ea infrastrukt\u016bra un atp\u016btas vietas. Nog\u0101zto koku d\u0113\u013c uz laiku n\u0101c\u0101s ierobe\u017eot vai aptur\u0113t ar\u012b vilcienu, autobusu un aviosatiksmi.<\/p>\n","protected":false},"excerpt":{"rendered":"Nakt\u012b uz 21. augustu Eiropas centr\u0101laj\u0101 un dienvidu da\u013c\u0101 izveidoj\u0101s jauns ciklons. V\u0101cijas meteorologi tam deva v\u0101rdu Priska.&hellip;\n","protected":false},"author":2,"featured_media":281213,"comment_status":"","ping_status":"","sticky":false,"template":"","format":"standard","meta":{"footnotes":"","_share_on_mastodon":"0"},"categories":[12],"tags":[23,28,29,32,33,22,30,31,35,39,38,36,37,34,40,20,26,27,24,25,21],"class_list":["post-281212","post","type-post","status-publish","format-standard","has-post-thumbnail","category-latvija","tag-aktualitates","tag-breaking-news","tag-breakingnews","tag-featured-news","tag-featurednews","tag-headlines","tag-latest-news","tag-latestnews","tag-latvia","tag-latvian","tag-latviesu","tag-latviesu-valoda","tag-latviesuvaloda","tag-latvija","tag-lv","tag-news","tag-popularakas-zinas","tag-popularakaszinas","tag-top-stories","tag-topstories","tag-zinas"],"share_on_mastodon":{"url":"https:\/\/pubeurope.com\/@lv\/117189696996747200","error":""},"_links":{"self":[{"href":"https:\/\/www.europesays.com\/lv\/wp-json\/wp\/v2\/posts\/281212","targetHints":{"allow":["GET"]}}],"collection":[{"href":"https:\/\/www.europesays.com\/lv\/wp-json\/wp\/v2\/posts"}],"about":[{"href":"https:\/\/www.europesays.com\/lv\/wp-json\/wp\/v2\/types\/post"}],"author":[{"embeddable":true,"href":"https:\/\/www.europesays.com\/lv\/wp-json\/wp\/v2\/users\/2"}],"replies":[{"embeddable":true,"href":"https:\/\/www.europesays.com\/lv\/wp-json\/wp\/v2\/comments?post=281212"}],"version-history":[{"count":0,"href":"https:\/\/www.europesays.com\/lv\/wp-json\/wp\/v2\/posts\/281212\/revisions"}],"wp:featuredmedia":[{"embeddable":true,"href":"https:\/\/www.europesays.com\/lv\/wp-json\/wp\/v2\/media\/281213"}],"wp:attachment":[{"href":"https:\/\/www.europesays.com\/lv\/wp-json\/wp\/v2\/media?parent=281212"}],"wp:term":[{"taxonomy":"category","embeddable":true,"href":"https:\/\/www.europesays.com\/lv\/wp-json\/wp\/v2\/categories?post=281212"},{"taxonomy":"post_tag","embeddable":true,"href":"https:\/\/www.europesays.com\/lv\/wp-json\/wp\/v2\/tags?post=281212"}],"curies":[{"name":"wp","href":"https:\/\/api.w.org\/{rel}","templated":true}]}}