{"id":281214,"date":"2026-08-31T10:40:18","date_gmt":"2026-08-31T10:40:18","guid":{"rendered":"https:\/\/www.europesays.com\/lv\/281214\/"},"modified":"2026-08-31T10:40:18","modified_gmt":"2026-08-31T10:40:18","slug":"video-vel-vieni-peksni-pludi-asv-kanjona-nacionalo-parku-parsalc-tragedija","status":"publish","type":"post","link":"https:\/\/www.europesays.com\/lv\/281214\/","title":{"rendered":"VIDEO. V\u0113l vieni p\u0113k\u0161\u0146i pl\u016bdi: ASV kanjona nacion\u0101lo parku p\u0101r\u0161alc tra\u0123\u0113dija"},"content":{"rendered":"<p>    <img decoding=\"async\" src=\"https:\/\/www.europesays.com\/lv\/wp-content\/uploads\/2026\/08\/kanjons-1024x664.png\" alt=\"&#10;\"\/><\/p>\n<p>Foto: AP\/Scanpix\n<\/p>\n<p>                                                <a href=\"https:\/\/news.google.com\/publications\/CAAqHQgKIhdDQklTQ3dnTWFnY0tCV3hoTG14MktBQVAB?hl=lv&amp;gl=LV&amp;ceid=LV%3Alv\" target=\"_blank\" style=\"font-family:SF Pro Display, Roboto, serif;font-size:12px;font-weight:bold;text-transform:uppercase;color:#000;text-decoration:none;line-height:34px;height:32px;display:block\" rel=\"nofollow noopener\"><br \/>\n                            Pievieno LA.LV<br \/>\n                            <img loading=\"lazy\" decoding=\"async\" src=\"https:\/\/www.la.lv\/assets\/images\/icon\/logo-google.svg\" style=\"margin-left:4px;vertical-align: -5px;\" width=\"18\" height=\"18\"\/><br \/>\n                        <\/a><br \/>\n                                                                        <a href=\"https:\/\/whatsapp.com\/channel\/0029VbCMJEF2v1IwTt54UN0u\" target=\"_blank\" class=\"whatsapp-channel-follow\" rel=\"nofollow noopener\"><br \/>\n                            Seko WhatsApp<\/p>\n<p>                        <\/a><\/p>\n<p>P\u0113k\u0161\u0146os pl\u016bdos Liel\u0101 kanjona nacion\u0101laj\u0101 park\u0101, ASV Arizonas \u0161tat\u0101, ned\u0113\u013cas nogal\u0113 g\u0101jis boj\u0101 vismaz viens cilv\u0113ks un aptuveni 15 pazudu\u0161i, pazi\u0146oju\u0161as Nacion\u0101lo parku dienesta (NPS) amatpersonas.<\/p>\n<p>        Las\u012bt\u0101kie<br \/>\n        <a data-imagesrc=\"{&quot;300&quot;:&quot;https:\\\/\\\/lastatic.ams3.cdn.digitaloceanspaces.com\\\/2026\\\/08\\\/young-blonde-woman-wearing-casual-clothes-celebrating-mad-crazy-success-with-arms-raised-closed-eyes-screaming-excited-winner-concept-300x188.jpg&quot;,&quot;1024&quot;:&quot;https:\\\/\\\/lastatic.ams3.cdn.digitaloceanspaces.com\\\/2026\\\/08\\\/young-blonde-woman-wearing-casual-clothes-celebrating-mad-crazy-success-with-arms-raised-closed-eyes-screaming-excited-winner-concept-1024x643.jpg&quot;,&quot;1536&quot;:&quot;https:\\\/\\\/lastatic.ams3.cdn.digitaloceanspaces.com\\\/2026\\\/08\\\/young-blonde-woman-wearing-casual-clothes-celebrating-mad-crazy-success-with-arms-raised-closed-eyes-screaming-excited-winner-concept-1536x964.jpg&quot;,&quot;500&quot;:&quot;https:\\\/\\\/lastatic.ams3.cdn.digitaloceanspaces.com\\\/2026\\\/08\\\/young-blonde-woman-wearing-casual-clothes-celebrating-mad-crazy-success-with-arms-raised-closed-eyes-screaming-excited-winner-concept-500x314.jpg&quot;,&quot;800&quot;:&quot;https:\\\/\\\/lastatic.ams3.cdn.digitaloceanspaces.com\\\/2026\\\/08\\\/young-blonde-woman-wearing-casual-clothes-celebrating-mad-crazy-success-with-arms-raised-closed-eyes-screaming-excited-winner-concept-800x502.jpg&quot;,&quot;2560&quot;:&quot;https:\\\/\\\/lastatic.ams3.cdn.digitaloceanspaces.com\\\/2026\\\/08\\\/young-blonde-woman-wearing-casual-clothes-celebrating-mad-crazy-success-with-arms-raised-closed-eyes-screaming-excited-winner-concept-scaled.jpg&quot;}\" data-focuspoint=\"&quot;&quot;\" data-p=\"2601655\" href=\"https:\/\/www.la.lv\/nauda-pie-tevis-atnaks-pati-tris-zodiaka-zimes-septembri-negaiditi-var-klut-bagatas\" class=\"content-item lazy-load\" wp_automatic_readability=\"26\" rel=\"nofollow noopener\" target=\"_blank\"><\/p>\n<p>                                <img decoding=\"async\" src=\"\" alt=\"\" style=\"\" data-imageid=\"\"\/><\/p>\n<p>                                Kokteilis<\/p>\n<p>\n                                                                                Nauda pie tevis atn\u0101ks pati: tr\u012bs zodiaka z\u012bmes septembr\u012b negaid\u012bti var k\u013c\u016bt bag\u0101tas\n                            <\/p>\n<p><\/a><a data-imagesrc=\"{&quot;300&quot;:&quot;https:\\\/\\\/lastatic.ams3.cdn.digitaloceanspaces.com\\\/2026\\\/08\\\/pexels-sahar-photography-914616632-29343301-300x200.jpg&quot;,&quot;1024&quot;:&quot;https:\\\/\\\/lastatic.ams3.cdn.digitaloceanspaces.com\\\/2026\\\/08\\\/pexels-sahar-photography-914616632-29343301-1024x683.jpg&quot;,&quot;1536&quot;:&quot;https:\\\/\\\/lastatic.ams3.cdn.digitaloceanspaces.com\\\/2026\\\/08\\\/pexels-sahar-photography-914616632-29343301-1536x1024.jpg&quot;,&quot;500&quot;:&quot;https:\\\/\\\/lastatic.ams3.cdn.digitaloceanspaces.com\\\/2026\\\/08\\\/pexels-sahar-photography-914616632-29343301-500x333.jpg&quot;,&quot;800&quot;:&quot;https:\\\/\\\/lastatic.ams3.cdn.digitaloceanspaces.com\\\/2026\\\/08\\\/pexels-sahar-photography-914616632-29343301-800x533.jpg&quot;,&quot;2560&quot;:&quot;https:\\\/\\\/lastatic.ams3.cdn.digitaloceanspaces.com\\\/2026\\\/08\\\/pexels-sahar-photography-914616632-29343301-scaled.jpg&quot;}\" data-focuspoint=\"&quot;&quot;\" data-p=\"2599887\" href=\"https:\/\/www.la.lv\/ja-atsakies-teret-naudu-sim-11-lietam-nav-saubu-tu-esi-veca-kaluma-cilveks\" class=\"content-item lazy-load\" wp_automatic_readability=\"26.5\" rel=\"nofollow noopener\" target=\"_blank\"><\/p>\n<p>                                <img decoding=\"async\" src=\"\" alt=\"\" style=\"\" data-imageid=\"\"\/><\/p>\n<p>                                Kokteilis<\/p>\n<p>\n                                                                                Ja atsakies t\u0113r\u0113t naudu \u0161\u012bm 11 liet\u0101m, nav \u0161aubu \u2013 tu esi vec\u0101 kaluma cilv\u0113ks\n                            <\/p>\n<p><\/a><a data-imagesrc=\"{&quot;300&quot;:&quot;https:\\\/\\\/lastatic.ams3.cdn.digitaloceanspaces.com\\\/2026\\\/08\\\/pexels-jonathanborba-19882187-300x200.jpg&quot;,&quot;1024&quot;:&quot;https:\\\/\\\/lastatic.ams3.cdn.digitaloceanspaces.com\\\/2026\\\/08\\\/pexels-jonathanborba-19882187-1024x684.jpg&quot;,&quot;1536&quot;:&quot;https:\\\/\\\/lastatic.ams3.cdn.digitaloceanspaces.com\\\/2026\\\/08\\\/pexels-jonathanborba-19882187-1536x1025.jpg&quot;,&quot;500&quot;:&quot;https:\\\/\\\/lastatic.ams3.cdn.digitaloceanspaces.com\\\/2026\\\/08\\\/pexels-jonathanborba-19882187-500x334.jpg&quot;,&quot;800&quot;:&quot;https:\\\/\\\/lastatic.ams3.cdn.digitaloceanspaces.com\\\/2026\\\/08\\\/pexels-jonathanborba-19882187-800x534.jpg&quot;,&quot;2560&quot;:&quot;https:\\\/\\\/lastatic.ams3.cdn.digitaloceanspaces.com\\\/2026\\\/08\\\/pexels-jonathanborba-19882187-scaled.jpg&quot;}\" data-focuspoint=\"&quot;&quot;\" data-p=\"2600849\" href=\"https:\/\/www.la.lv\/vari-uzvilkt-zekes-stavot-uz-vienas-kajas-7-neparastas-pazimes-kas-liecina-ka-tev-ir-tiesam-laba-veseliba\" class=\"content-item lazy-load\" wp_automatic_readability=\"28\" rel=\"nofollow noopener\" target=\"_blank\"><\/p>\n<p>                                <img decoding=\"async\" src=\"\" alt=\"\" style=\"\" data-imageid=\"\"\/><\/p>\n<p>                                Veselam<\/p>\n<p>\n                                                                                Vai vari uzvilkt ze\u0137es, st\u0101vot uz vienas k\u0101jas? 7 neparastas paz\u012bmes, kas liecina, ka tev ir tie\u0161\u0101m laba vesel\u012bba\n                            <\/p>\n<p><\/a><br \/>\n        <a class=\"read-more\" href=\"https:\/\/www.la.lv\/top\" rel=\"nofollow noopener\" target=\"_blank\">Las\u012bt citas zi\u0146as<\/a><\/p>\n<p>Sv\u0113tdienas vakar\u0101 no Kolor\u0101do upes tika izceltas 46 gadus veca v\u012brie\u0161a mirst\u012bg\u0101s atliekas.<\/p>\n<p>NPS aicin\u0101ja sabiedr\u012bbu zi\u0146ot par cilv\u0113kiem, kuri atrad\u0101s parka teritorij\u0101, kad to sestdien p\u0113c sp\u0113c\u012bga lietus un v\u0113ja sk\u0101ra p\u0113k\u0161\u0146i pl\u016bdi.<\/p>\n<p>    CITI \u0160OBR\u012aD LASA<\/p>\n<p>S\u0101kotn\u0113ji amatpersonas zi\u0146oja, ka pazudu\u0161i vair\u0101k nek\u0101 20 cilv\u0113ki, bet v\u0113l\u0101k preciz\u0113ja, ka par pazudu\u0161iem pagaid\u0101m tiek uzskat\u012bti apm\u0113ram 15 cilv\u0113ki.<\/p>\n<p>Saska\u0146\u0101 ar ASV mediju zi\u0146oto pl\u016bdi nodar\u012bju\u0161i pla\u0161us post\u012bjumus vair\u0101k\u0101s Liel\u0101 kanjona nacion\u0101l\u0101 parka da\u013c\u0101s, kur izskaloti g\u0101j\u0113ju tilti\u0146i un p\u0101rg\u0101jienu takas, k\u0101 ar\u012b saboj\u0101tas kempingu vietas.<\/p>\n<p>L\u012bdz sv\u0113tdienas r\u012btam no apmetnes \u201cPhantom Ranch\u201d un takas \u201cNorth Kaibab Trail\u201d bija evaku\u0113ti 62 cilv\u0113ki, un evaku\u0101cija turpin\u0101j\u0101s. Par ievainotiem nav zi\u0146ots.<\/p>\n<p>NPS pazi\u0146oja, ka pl\u016bdu skart\u0101s parka da\u013cas paliks sl\u0113gtas l\u012bdz turpm\u0101kam pazi\u0146ojumam.<\/p>\n<p>Lielais kanjons, ko miljoniem gadu garum\u0101 izveidojusi Kolor\u0101do upe, ir viens no ASV slaven\u0101kajiem dabas pieminek\u013ciem un katru gadu piesaista miljoniem apmekl\u0113t\u0101ju.<\/p>\n<p>Pl\u016bdi boj\u0101ju\u0161i ar\u012b \u016bdensvadu t\u012bklus, t\u0101p\u0113c no pirmdienas da\u013c\u0101 parka teritorijas tiks ieviesti stingri \u016bdens taup\u012b\u0161anas pas\u0101kumi. Vair\u0101kas viesn\u012bcas, kempingu vietas un p\u0101rg\u0101jienu takas paliks sl\u0113gtas.<\/p>\n<p>Amatpersonas br\u012bdin\u0101ju\u0161as, ka pirmdien prognoz\u0113tas stipras lietusg\u0101zes, kas var izrais\u012bt jaunus p\u0113k\u0161\u0146us pl\u016bdus.<\/p>\n<blockquote class=\"twitter-tweet\" wp_automatic_readability=\"12.405555555556\">\n<p lang=\"en\" dir=\"ltr\">STAGE 4 WATER RESTRICTIONS BEGIN AUG. 31<\/p>\n<p>Grand Canyon National Park will implement Stage 4 water restrictions on the South Rim at noon Aug. 31 following significant flash flooding in Bright Angel Canyon on Aug. 29.<\/p>\n<p>Flooding damaged the Transcanyon Waterline, leaving the park\u2026 <a href=\"https:\/\/t.co\/nbzJENbSFL\" rel=\"nofollow\">pic.twitter.com\/nbzJENbSFL<\/a><\/p>\n<p>\u2014 Grand Canyon NPS (@GrandCanyonNPS) <a href=\"https:\/\/x.com\/GrandCanyonNPS\/status\/2094221589391028488?ref_src=twsrc%5Etfw\" rel=\"nofollow\">August 31, 2026<\/a><\/p>\n<\/blockquote>\n<p>T\u0113mas<\/p>\n<p>    SAIST\u012aTIE RAKSTI<\/p>\n<p>                            <script async src=\"https:\/\/platform.twitter.com\/widgets.js\" charset=\"utf-8\"><\/script><\/p>\n","protected":false},"excerpt":{"rendered":"Foto: AP\/Scanpix Pievieno LA.LV Seko WhatsApp P\u0113k\u0161\u0146os pl\u016bdos Liel\u0101 kanjona nacion\u0101laj\u0101 park\u0101, ASV Arizonas \u0161tat\u0101, ned\u0113\u013cas nogal\u0113 g\u0101jis&hellip;\n","protected":false},"author":2,"featured_media":281215,"comment_status":"","ping_status":"","sticky":false,"template":"","format":"standard","meta":{"footnotes":"","_share_on_mastodon":"0"},"categories":[5],"tags":[23,28,29,32,33,22,30,31,35,39,38,36,37,34,40,20,26,27,24,25,21],"class_list":["post-281214","post","type-post","status-publish","format-standard","has-post-thumbnail","category-aktualitates","tag-aktualitates","tag-breaking-news","tag-breakingnews","tag-featured-news","tag-featurednews","tag-headlines","tag-latest-news","tag-latestnews","tag-latvia","tag-latvian","tag-latviesu","tag-latviesu-valoda","tag-latviesuvaloda","tag-latvija","tag-lv","tag-news","tag-popularakas-zinas","tag-popularakaszinas","tag-top-stories","tag-topstories","tag-zinas"],"share_on_mastodon":{"url":"https:\/\/pubeurope.com\/@lv\/117189701173246096","error":""},"_links":{"self":[{"href":"https:\/\/www.europesays.com\/lv\/wp-json\/wp\/v2\/posts\/281214","targetHints":{"allow":["GET"]}}],"collection":[{"href":"https:\/\/www.europesays.com\/lv\/wp-json\/wp\/v2\/posts"}],"about":[{"href":"https:\/\/www.europesays.com\/lv\/wp-json\/wp\/v2\/types\/post"}],"author":[{"embeddable":true,"href":"https:\/\/www.europesays.com\/lv\/wp-json\/wp\/v2\/users\/2"}],"replies":[{"embeddable":true,"href":"https:\/\/www.europesays.com\/lv\/wp-json\/wp\/v2\/comments?post=281214"}],"version-history":[{"count":0,"href":"https:\/\/www.europesays.com\/lv\/wp-json\/wp\/v2\/posts\/281214\/revisions"}],"wp:featuredmedia":[{"embeddable":true,"href":"https:\/\/www.europesays.com\/lv\/wp-json\/wp\/v2\/media\/281215"}],"wp:attachment":[{"href":"https:\/\/www.europesays.com\/lv\/wp-json\/wp\/v2\/media?parent=281214"}],"wp:term":[{"taxonomy":"category","embeddable":true,"href":"https:\/\/www.europesays.com\/lv\/wp-json\/wp\/v2\/categories?post=281214"},{"taxonomy":"post_tag","embeddable":true,"href":"https:\/\/www.europesays.com\/lv\/wp-json\/wp\/v2\/tags?post=281214"}],"curies":[{"name":"wp","href":"https:\/\/api.w.org\/{rel}","templated":true}]}}