{"id":28122,"date":"2025-10-22T11:34:09","date_gmt":"2025-10-22T11:34:09","guid":{"rendered":"https:\/\/www.europesays.com\/lv\/28122\/"},"modified":"2025-10-22T11:34:09","modified_gmt":"2025-10-22T11:34:09","slug":"23-x-latvija-kausa-izcina-kamaninu-sporta-sigulda","status":"publish","type":"post","link":"https:\/\/www.europesays.com\/lv\/28122\/","title":{"rendered":"23.X Latvija kausa izc\u012b\u0146a kamani\u0146u sport\u0101 Siguld\u0101"},"content":{"rendered":"<p>23.oktobr\u012b no plkst.10.00 Siguldas bobsleja un kamani\u0146u tras\u0113 notiks Latvija kausa izc\u012b\u0146a kamani\u0146u sport\u0101 ar Latvijas pieaugu\u0161o un junioru izla\u0161u sportistu piedal\u012b\u0161anos. Otrie braucieni pl\u0101noti plkst.11.10, apbalvo\u0161ana plkst.12.30. \u0160\u012bs sacens\u012bbas kalpo k\u0101\u00a0p\u0101rbaudes starts pirms 2025.\/2026. gada starptautisk\u0101s sezonas, kas ietver\u00a0Pasaules kausa un Eiropas \u010dempion\u0101ta posmus, k\u0101 ar\u012b ir svar\u012bgs etaps\u00a0gatavo\u0161an\u0101s proces\u0101 jaunajai sezonai un ziemas olimpiskaj\u0101m sp\u0113l\u0113m Mil\u0101n\u0101\u2013Kort\u012bn\u0101.<\/p>\n","protected":false},"excerpt":{"rendered":"23.oktobr\u012b no plkst.10.00 Siguldas bobsleja un kamani\u0146u tras\u0113 notiks Latvija kausa izc\u012b\u0146a kamani\u0146u sport\u0101 ar Latvijas pieaugu\u0161o un&hellip;\n","protected":false},"author":2,"featured_media":28123,"comment_status":"","ping_status":"","sticky":false,"template":"","format":"standard","meta":{"footnotes":""},"categories":[17],"tags":[47,381,64,35,39,38,36,37,34,40,385,172,382,384,67,383,21],"class_list":{"0":"post-28122","1":"post","2":"type-post","3":"status-publish","4":"format-standard","5":"has-post-thumbnail","7":"category-sports","8":"tag-ekonomika","9":"tag-jaunumi","10":"tag-kultura","11":"tag-latvia","12":"tag-latvian","13":"tag-latviesu","14":"tag-latviesu-valoda","15":"tag-latviesuvaloda","16":"tag-latvija","17":"tag-lv","18":"tag-pieriga","19":"tag-riga","20":"tag-sabiedriba","21":"tag-sludinajumi","22":"tag-sports","23":"tag-sports-afisa","24":"tag-zinas"},"share_on_mastodon":{"url":"","error":""},"_links":{"self":[{"href":"https:\/\/www.europesays.com\/lv\/wp-json\/wp\/v2\/posts\/28122","targetHints":{"allow":["GET"]}}],"collection":[{"href":"https:\/\/www.europesays.com\/lv\/wp-json\/wp\/v2\/posts"}],"about":[{"href":"https:\/\/www.europesays.com\/lv\/wp-json\/wp\/v2\/types\/post"}],"author":[{"embeddable":true,"href":"https:\/\/www.europesays.com\/lv\/wp-json\/wp\/v2\/users\/2"}],"replies":[{"embeddable":true,"href":"https:\/\/www.europesays.com\/lv\/wp-json\/wp\/v2\/comments?post=28122"}],"version-history":[{"count":0,"href":"https:\/\/www.europesays.com\/lv\/wp-json\/wp\/v2\/posts\/28122\/revisions"}],"wp:featuredmedia":[{"embeddable":true,"href":"https:\/\/www.europesays.com\/lv\/wp-json\/wp\/v2\/media\/28123"}],"wp:attachment":[{"href":"https:\/\/www.europesays.com\/lv\/wp-json\/wp\/v2\/media?parent=28122"}],"wp:term":[{"taxonomy":"category","embeddable":true,"href":"https:\/\/www.europesays.com\/lv\/wp-json\/wp\/v2\/categories?post=28122"},{"taxonomy":"post_tag","embeddable":true,"href":"https:\/\/www.europesays.com\/lv\/wp-json\/wp\/v2\/tags?post=28122"}],"curies":[{"name":"wp","href":"https:\/\/api.w.org\/{rel}","templated":true}]}}