{"id":281222,"date":"2026-08-31T10:50:17","date_gmt":"2026-08-31T10:50:17","guid":{"rendered":"https:\/\/www.europesays.com\/lv\/281222\/"},"modified":"2026-08-31T10:50:17","modified_gmt":"2026-08-31T10:50:17","slug":"neaizskaramo-vairs-nav-vai-putina-vienosanas-ar-eliti-ir-anuletas","status":"publish","type":"post","link":"https:\/\/www.europesays.com\/lv\/281222\/","title":{"rendered":"&#8220;Neaizskaramo vairs nav&#8221;. Vai Putina vieno\u0161an\u0101s ar &#8220;eliti&#8221; ir anul\u0113tas?"},"content":{"rendered":"<p class=\"descr\">Krievijas politi\u0137is Georgijs Fjodorovs pazi\u0146ojis, ka Krievijas prezidenta Vladimira Putina vieno\u0161an\u0101s ar t\u0101 saukto vi\u0146a eliti ir anul\u0113tas.<\/p>\n<p>Krem\u013ca l\u012bdera Vladimira Putina tuv\u0101kais loks ir zaud\u0113jis savu imunit\u0101ti &#8211; Putins ir anul\u0113jis visas vieno\u0161an\u0101s ar savu &#8220;eliti&#8221;, apgalvo Georgijs Fjodorovs, raksta \u201cdialog.ua\u201d.<\/p>\n<p>Vi\u0146\u0161 piev\u0113rsa uzman\u012bbu nopietnaj\u0101m probl\u0113m\u0101m, ar kur\u0101m saskaras cilv\u0113ki, kuri savulaik bija \u013coti tuvi Putinam. Sanktp\u0113terburgas &#8220;naftas kara\u013ca&#8221; I\u013cjas Trabera, iesaukta par &#8220;Antikvari\u0101tu&#8221;, lieta ir spilgts piem\u0113rs &#8211; vi\u0146\u0161 bija spiests atdot savus biznesa akt\u012bvus, kad vi\u0146am piedraud\u0113ja ar krimin\u0101lvaj\u0101\u0161anu.<\/p>\n<p>&#8220;Tagad l\u012bdzsvara un atsvara sist\u0113ma ir piln\u012bb\u0101 sabrukusi. V\u0113l nesen mums bija vienpr\u0101t\u012bba starp vald\u012bbu un prezidentu: m\u0113s dar\u0101m, ko v\u0113lamies, bet lojalit\u0101te tiek apmain\u012bta pret lojalit\u0101ti. Tagad visi saprot, ka \u0161\u0101di noteikumi ir atcelti. Ja probl\u0113mas rodas starp Putina draugiem, vi\u0146a iek\u0161\u0113jo loku, kas ilgi bija neaizskarami, tad tas noz\u012bm\u0113, ka Putins ir nol\u0113mis atcelt visas vieno\u0161an\u0101s&#8230; Tagad neaizskaramo liel\u0101koties nav&#8230; Vi\u0146i lieliski saprot, ka nevienam vairs nav nek\u0101du garantiju, ka katrs augsta ranga ier\u0113dnis ir \u0101rk\u0101rt\u012bgi neaizsarg\u0101ts,&#8221; sac\u012bja Fjodorovs.<\/p>\n<p>Vi\u0146\u0161 ar\u012b uzskata, ka Krem\u013ca &#8220;elite&#8221; tagad dara visu iesp\u0113jamo, lai pa\u0101trin\u0101tu Putina re\u017e\u012bma sagrau\u0161anu. &#8220;Vi\u0146i nek\u0101di nevar sav\u0101 starp\u0101 sazv\u0113r\u0113ties, lai g\u0101ztu Putinu, un s\u0101k sabot\u0113t savas poz\u012bcijas. Putins pa\u0161reiz\u0113j\u0101 form\u0101 &#8220;neatbilst&#8221; iev\u0113rojamai da\u013cai augst\u0101k\u0101s varas,&#8221; pazi\u0146oja Fjodorovs.<\/p>\n<p>\u0160\u0101das norises, p\u0113c Fjodorova teikt\u0101, liecinot par b\u016btisk\u0101m p\u0101rmai\u0146\u0101m Krievijas varas sist\u0113m\u0101. Ja agr\u0101k ietekm\u012bgiem cilv\u0113kiem pieticis ar lojalit\u0101ti Kremlim, lai saglab\u0101tu savu st\u0101vokli un \u012bpa\u0161umus, tad tagad \u0161\u012b neform\u0101l\u0101 vieno\u0161an\u0101s vairs nedarbojoties. Tas radot arvien liel\u0101ku nedro\u0161\u012bbu ar\u012b augst\u0101kajos varas gaite\u0146os, jo neviens nevar b\u016bt p\u0101rliecin\u0101ts, ka vi\u0146a iepriek\u0161\u0113jie sakari vai nopelni garant\u0113s aizsardz\u012bbu.<\/p>\n<p>Fjodorovs nor\u0101d\u012bja, ka \u0161\u0101da situ\u0101cija var\u0113tu ietekm\u0113t ar\u012b pa\u0161u <a href=\"https:\/\/nra.lv\/pasaule\/505149-utina-ieksejais-loks-velas-vina-aiziesanu-krievijas-nakotne-neskaidra.htm\" data-item-link=\"true\" data-item-id=\"505149\" rel=\"nofollow noopener\" target=\"_blank\">Krievijas varas eliti.<\/a> Cilv\u0113ki, kuri iepriek\u0161 biju\u0161i ieinteres\u0113ti sist\u0113mas stabilit\u0101t\u0113, tagad varot k\u013c\u016bt piesardz\u012bg\u0101ki, vair\u0101k r\u016bp\u0113ties par sav\u0101m poz\u012bcij\u0101m un mekl\u0113t veidus, k\u0101 pasarg\u0101t sevi no iesp\u0113jam\u0101m represij\u0101m vai akt\u012bvu zaud\u0113\u0161anas. Vi\u0146apr\u0101t, tas var v\u0101jin\u0101t savstarp\u0113jo uztic\u0113\u0161anos starp da\u017e\u0101d\u0101m varas grup\u0101m.<\/p>\n<p>\t\t\t\t\t\tinfo<\/p>\n<p>Uzzini pirmais<br \/>kas interesants noticis Latvij\u0101 un pasaul\u0113,<br \/>pievienojoties mums <a href=\"https:\/\/t.me\/neatkariga\" rel=\"nofollow\">Telegram<\/a> vai <a href=\"https:\/\/whatsapp.com\/channel\/0029VaMLFUH5K3zLU5s4wm3y\" rel=\"nofollow noopener\" target=\"_blank\">Whatsapp<\/a> kan\u0101l\u0101<\/p>\n","protected":false},"excerpt":{"rendered":"Krievijas politi\u0137is Georgijs Fjodorovs pazi\u0146ojis, ka Krievijas prezidenta Vladimira Putina vieno\u0161an\u0101s ar t\u0101 saukto vi\u0146a eliti ir anul\u0113tas.&hellip;\n","protected":false},"author":2,"featured_media":281223,"comment_status":"","ping_status":"","sticky":false,"template":"","format":"standard","meta":{"footnotes":"","_share_on_mastodon":"0"},"categories":[14],"tags":[23,57,28,29,32,33,22,30,31,35,39,38,36,37,34,40,20,26,27,24,25,54,55,56,21,58],"class_list":["post-281222","post","type-post","status-publish","format-standard","has-post-thumbnail","category-zinas-no-arvalstim","tag-aktualitates","tag-arvalstim","tag-breaking-news","tag-breakingnews","tag-featured-news","tag-featurednews","tag-headlines","tag-latest-news","tag-latestnews","tag-latvia","tag-latvian","tag-latviesu","tag-latviesu-valoda","tag-latviesuvaloda","tag-latvija","tag-lv","tag-news","tag-popularakas-zinas","tag-popularakaszinas","tag-top-stories","tag-topstories","tag-world","tag-world-news","tag-worldnews","tag-zinas","tag-zinas-no-arvalstim"],"share_on_mastodon":{"url":"https:\/\/pubeurope.com\/@lv\/117189740079149899","error":""},"_links":{"self":[{"href":"https:\/\/www.europesays.com\/lv\/wp-json\/wp\/v2\/posts\/281222","targetHints":{"allow":["GET"]}}],"collection":[{"href":"https:\/\/www.europesays.com\/lv\/wp-json\/wp\/v2\/posts"}],"about":[{"href":"https:\/\/www.europesays.com\/lv\/wp-json\/wp\/v2\/types\/post"}],"author":[{"embeddable":true,"href":"https:\/\/www.europesays.com\/lv\/wp-json\/wp\/v2\/users\/2"}],"replies":[{"embeddable":true,"href":"https:\/\/www.europesays.com\/lv\/wp-json\/wp\/v2\/comments?post=281222"}],"version-history":[{"count":0,"href":"https:\/\/www.europesays.com\/lv\/wp-json\/wp\/v2\/posts\/281222\/revisions"}],"wp:featuredmedia":[{"embeddable":true,"href":"https:\/\/www.europesays.com\/lv\/wp-json\/wp\/v2\/media\/281223"}],"wp:attachment":[{"href":"https:\/\/www.europesays.com\/lv\/wp-json\/wp\/v2\/media?parent=281222"}],"wp:term":[{"taxonomy":"category","embeddable":true,"href":"https:\/\/www.europesays.com\/lv\/wp-json\/wp\/v2\/categories?post=281222"},{"taxonomy":"post_tag","embeddable":true,"href":"https:\/\/www.europesays.com\/lv\/wp-json\/wp\/v2\/tags?post=281222"}],"curies":[{"name":"wp","href":"https:\/\/api.w.org\/{rel}","templated":true}]}}