{"id":281224,"date":"2026-08-31T10:51:10","date_gmt":"2026-08-31T10:51:10","guid":{"rendered":"https:\/\/www.europesays.com\/lv\/281224\/"},"modified":"2026-08-31T10:51:10","modified_gmt":"2026-08-31T10:51:10","slug":"kem-iedzivotajiem-nebus-jamaksa-fikseta-piesleguma-maksa-vetras-izraisito-ilgstosu-elektroapgades-partraukumu-gadijumos-lv-portals","status":"publish","type":"post","link":"https:\/\/www.europesays.com\/lv\/281224\/","title":{"rendered":"KEM: iedz\u012bvot\u0101jiem neb\u016bs j\u0101maks\u0101 fiks\u0113t\u0101 piesl\u0113guma maksa v\u0113tras izrais\u012bto ilgsto\u0161u elektroapg\u0101des p\u0101rtraukumu gad\u012bjumos &#8211; LV port\u0101ls"},"content":{"rendered":"<ol>\n<li><a href=\"https:\/\/news.google.com\/rss\/articles\/CBMi-gFBVV95cUxPWEtqd01pRnNXV01oWHNTY2JpWUxObEdqQUQzYzlyTTZmVU9NTEM1YmdmOWpUa1M5SzBlaW51S09jX0l4V1BfY0cwNVFUYUxQZXpTNGFla29MU1l1ODY3ck13UWV2MUNQV3ZKS2kxZDhYaTJCYjlzQ21BSl9SbkxFR1FpTXAteUFCRTdwZ09jVUNpYjZSTUtGSWt5NE5UUzJGUktyalMtNm90WmZqZV84QTVnN01pVk42cC1FSkJnd2RfbXRpQzA0ZTdnZzViT1ZYbElaNUJUb3dxVzF1S3JaaEoxTEwxNXVqb3AzazZkaFFuMEtVZkg1U2hB?oc=5\" target=\"_blank\" rel=\"nofollow noopener\">KEM: iedz\u012bvot\u0101jiem neb\u016bs j\u0101maks\u0101 fiks\u0113t\u0101 piesl\u0113guma maksa v\u0113tras izrais\u012bto ilgsto\u0161u elektroapg\u0101des p\u0101rtraukumu gad\u012bjumos<\/a>&nbsp;&nbsp;LV port\u0101ls<\/li>\n<li><a href=\"https:\/\/news.google.com\/rss\/articles\/CBMiygFBVV95cUxOcWFLX3ctY2ViRUQ5M2VZRktmRGNwcnhzZlhldWZUU1JzYTdjZEhLbzZia1dScDltWHFLZ0ZPeWtOYVhnclRBaEtkY2RMMHl3eldTNURHWlBnLVRoMkJyWWV0ejg4c25qS2pjd0I3eWhiODBtdmFlZm1xRTVBcWpEX1llV0JXV09qX29Tam56UlluLXNXQkk2anRBWUFuMnNzbDBfMEllVkUtdDdGQldfWTNpOHJJZGdtMHZ3clR0YW9wekViR25QT2tB?oc=5\" target=\"_blank\" rel=\"nofollow noopener\">Bez elektr\u012bbas jau ned\u0113\u013cu. &#8220;Sadales t\u012bklam&#8221; v\u0113l nav izdevies atjaunot pieg\u0101di 240 klientu<\/a>&nbsp;&nbsp;DELFI<\/li>\n<li><a href=\"https:\/\/news.google.com\/rss\/articles\/CBMiqgFBVV95cUxORS1md0M4MThwOTctZ3dxWndzdFZ2V3lJYmcxOVpaMkJvVXBrOXZvcFJuTklha3FEdjZkUmtEUXdQN2RwQUI3ZGxpNVpBWk5LSXNHbzlMOUVWWnJYTkh6M2Vfb041c2lYaFhuVFViMHhJMHptcUtKREFVQnFwdWk0dktSd1FqT0JXN05fS2JlQ2c4RF9VV2F1LWllZWZ3eTRtbWUxSFExbFVIQQ?oc=5\" target=\"_blank\" rel=\"nofollow noopener\">Zi\u0146as vieglaj\u0101 valod\u0101 30. august\u0101 \/ Raksts<\/a>&nbsp;&nbsp;LSM<\/li>\n<li><a href=\"https:\/\/news.google.com\/rss\/articles\/CBMi1gFBVV95cUxNX1FZQnBtT3FKNDJ6a2JzWE9wUHBIaVFKTVFRUjRJYnBHRTRoZEYybVFPcEJDNXpWdlVXNkVZdXZmbDlWbHBuQTRBdEpnR3MzYTVlazlPUGFiLTlVR1VhOTlvWWJsQ1VRNHpFVjRZM0llZUFQcXNxd3ZyX2xHUzVRUHZPSWdGcmdWMWpEMFJPamx2RE1kOTRYdjg4LTZ5d2pBWmtLQm5HUTRxZmVkVE5lZkFrbmYxbkVIbUtxS1lfQm42aFFJbGEyX1M4ZmFieUVXaXBZRHdR?oc=5\" target=\"_blank\" rel=\"nofollow noopener\">Apdro\u0161in\u0101t\u0101ji saist\u012bb\u0101 ar pag\u0101ju\u0161\u0101s ned\u0113\u013cas nogales v\u0113tru atl\u012bdz\u012bb\u0101m rezerv\u0113ju\u0161i 8,05 miljonus eiro<\/a>&nbsp;&nbsp;Diena<\/li>\n<li><a href=\"https:\/\/news.google.com\/rss\/articles\/CBMixwFBVV95cUxNWU5PSWtFekRMdXgxMUR5NGpHcUpSRGpyczRWNEoyeG82aHBkSlRBY2NKaGM1TUw3S1R4Z0JKWU1oUkE0b19iWWhfa3Q2dV9nemZUYTIzVkN3SnBOTFU2MGdnWXZfLTZtcmVlaTN1dkIzTmhNNEhNV3lpZkk3OThxMTl0bXd2NTJJMTlfbDZlaHhXcGNzbzdYTUwwQWFZZHBZRGJJNGY3N1Q3Y3lMc2R6NGRzVzZxRm8zZXNRazB1V3E4RkEzNi00?oc=5\" target=\"_blank\" rel=\"nofollow noopener\">Apdro\u0161in\u0101t\u0101js: V\u0113tras post\u012bjumi turpina augt \u2014 vienam \u012bpa\u0161umam uzkritu\u0161i pat septi\u0146i koki<\/a>&nbsp;&nbsp;Lasi.lv<\/li>\n<\/ol>\n","protected":false},"excerpt":{"rendered":"KEM: iedz\u012bvot\u0101jiem neb\u016bs j\u0101maks\u0101 fiks\u0113t\u0101 piesl\u0113guma maksa v\u0113tras izrais\u012bto ilgsto\u0161u elektroapg\u0101des p\u0101rtraukumu gad\u012bjumos&nbsp;&nbsp;LV port\u0101ls Bez elektr\u012bbas jau ned\u0113\u013cu.&hellip;\n","protected":false},"author":2,"featured_media":281225,"comment_status":"","ping_status":"","sticky":false,"template":"","format":"standard","meta":{"footnotes":"","_share_on_mastodon":"0"},"categories":[12],"tags":[23,28,29,32,33,22,30,31,35,39,38,36,37,34,40,20,26,27,24,25,21],"class_list":["post-281224","post","type-post","status-publish","format-standard","has-post-thumbnail","category-latvija","tag-aktualitates","tag-breaking-news","tag-breakingnews","tag-featured-news","tag-featurednews","tag-headlines","tag-latest-news","tag-latestnews","tag-latvia","tag-latvian","tag-latviesu","tag-latviesu-valoda","tag-latviesuvaloda","tag-latvija","tag-lv","tag-news","tag-popularakas-zinas","tag-popularakaszinas","tag-top-stories","tag-topstories","tag-zinas"],"share_on_mastodon":{"url":"https:\/\/pubeurope.com\/@lv\/117189744316555489","error":""},"_links":{"self":[{"href":"https:\/\/www.europesays.com\/lv\/wp-json\/wp\/v2\/posts\/281224","targetHints":{"allow":["GET"]}}],"collection":[{"href":"https:\/\/www.europesays.com\/lv\/wp-json\/wp\/v2\/posts"}],"about":[{"href":"https:\/\/www.europesays.com\/lv\/wp-json\/wp\/v2\/types\/post"}],"author":[{"embeddable":true,"href":"https:\/\/www.europesays.com\/lv\/wp-json\/wp\/v2\/users\/2"}],"replies":[{"embeddable":true,"href":"https:\/\/www.europesays.com\/lv\/wp-json\/wp\/v2\/comments?post=281224"}],"version-history":[{"count":0,"href":"https:\/\/www.europesays.com\/lv\/wp-json\/wp\/v2\/posts\/281224\/revisions"}],"wp:featuredmedia":[{"embeddable":true,"href":"https:\/\/www.europesays.com\/lv\/wp-json\/wp\/v2\/media\/281225"}],"wp:attachment":[{"href":"https:\/\/www.europesays.com\/lv\/wp-json\/wp\/v2\/media?parent=281224"}],"wp:term":[{"taxonomy":"category","embeddable":true,"href":"https:\/\/www.europesays.com\/lv\/wp-json\/wp\/v2\/categories?post=281224"},{"taxonomy":"post_tag","embeddable":true,"href":"https:\/\/www.europesays.com\/lv\/wp-json\/wp\/v2\/tags?post=281224"}],"curies":[{"name":"wp","href":"https:\/\/api.w.org\/{rel}","templated":true}]}}