{"id":281226,"date":"2026-08-31T10:52:11","date_gmt":"2026-08-31T10:52:11","guid":{"rendered":"https:\/\/www.europesays.com\/lv\/281226\/"},"modified":"2026-08-31T10:52:11","modified_gmt":"2026-08-31T10:52:11","slug":"latvijas-iekszemes-kopprodukts-pirmaja-pusgada-pieaudzis-par-28-raksts","status":"publish","type":"post","link":"https:\/\/www.europesays.com\/lv\/281226\/","title":{"rendered":"Latvijas iek\u0161zemes kopprodukts pirmaj\u0101 pusgad\u0101 pieaudzis par 2,8 % \/ Raksts"},"content":{"rendered":"<p>Vienlaikus \u0161ogad otraj\u0101 ceturksn\u012b, sal\u012bdzinot ar iepriek\u0161\u0113jo ceturksni, proti, \u0161\u0101 gada pirmo ceturksni, p\u0113c sezon\u0101li un kalend\u0101ri kori\u0123\u0113tajiem datiem, Latvijas IKP palielin\u0101jies par 0,7 %.<\/p>\n<p>Faktiskaj\u0101s cen\u0101s Latvijas IKP \u0161ogad pirmaj\u0101 pusgad\u0101 bija 21,3 miljardi eiro, tostarp otraj\u0101 ceturksn\u012b \u2013\u00a011,5 miljardi eiro.<\/p>\n<p>2.\u00a0ceturksn\u012b liel\u0101ko ieguld\u012bjumu pievienot\u0101s v\u0113rt\u012bb\u0101s izaugsm\u0113 devusi ne vien vairumtirdzniec\u012bbas un mazumtirdzniec\u012bbas, automobi\u013cu un motociklu remonta nozare, bet ar\u012b apstr\u0101des r\u016bpniec\u012bba un inform\u0101cijas un komunik\u0101cijas pakalpojumu nozare.\u00a0Samazin\u0101jums nov\u0113rots transporta un uzglab\u0101\u0161anas nozar\u0113, k\u0101 ar\u012b lauksaimniec\u012bbas, me\u017esaimniec\u012bbas un zivsaimniec\u012bbas nozar\u0113.<\/p>\n<p>            <img decoding=\"async\" src=\"https:\/\/www.europesays.com\/lv\/wp-content\/uploads\/2026\/08\/u1wz.jpg\" alt=\"\"\/><\/p>\n<p>Foto: Centr\u0101l\u0101 statistikas p\u0101rvalde<\/p>\n<\/p>\n<p>IKP faktiskaj\u0101s cen\u0101s 2026. gada 2. ceturksn\u012b bija 11 491 miljoni eiro.<\/p>\n<p>Lai skat\u012btu \u0161o resursu, mums ir nepiecie\u0161ama j\u016bsu piekri\u0161ana s\u012bkdatn\u0113m.<\/p>\n<p>Piekr\u012btu &#8220;Tre\u0161\u0101s puses&#8221; s\u012bkdatn\u0113mP\u0101rvald\u012bt s\u012bkdatnes<\/p>\n<p>\u00a0<\/p>\n<p>Ra\u017eo\u0161anas aspekts<\/p>\n<p>            <img decoding=\"async\" src=\"https:\/\/www.europesays.com\/lv\/wp-content\/uploads\/2026\/08\/u1x0.jpg\" alt=\"\"\/><\/p>\n<p>2026.\u00a0gada 2.\u00a0ceturksn\u012b sal\u012bdzin\u0101jum\u0101 ar iepriek\u0161\u0113j\u0101 gada attiec\u012bgo periodu kop\u0113j\u0101 pievienot\u0101 v\u0113rt\u012bba palielin\u0101jusies par 3,4\u00a0%. Ra\u017eojo\u0161aj\u0101s nozar\u0113s t\u0101s k\u0101pums sasniedza 3,3\u00a0%, savuk\u0101rt pakalpojumu nozar\u0113s pievienot\u0101 v\u0113rt\u012bba palielin\u0101j\u0101s par 3,5\u00a0%.<\/p>\n<p>Lauksaimniec\u012bb\u0101 re\u0123istr\u0113ts pievienot\u0101s v\u0113rt\u012bbas pieaugums par 2,1\u00a0%, kam\u0113r me\u017esaimniec\u012bbas un me\u017eizstr\u0101des jom\u0101 pievienot\u0101 v\u0113rt\u012bba saruka par 7,1\u00a0%.<\/p>\n<p>Akme\u0146u, smil\u0161u, m\u0101la un k\u016bdras ieguv\u0113 pievienot\u0101 v\u0113rt\u012bba pieauga par 4,5\u00a0%.<\/p>\n<p>Apstr\u0101des r\u016bpniec\u012bb\u0101 pievienot\u0101 v\u0113rt\u012bba palielin\u0101j\u0101s par 5,5\u00a0%, ko veicin\u0101ja izaugsme 16 no 22 apak\u0161nozar\u0113s.<\/p>\n<blockquote>\n<p>No liel\u0101kaj\u0101m apstr\u0101des r\u016bpniec\u012bbas nozar\u0113m, koksnes un koka izstr\u0101d\u0101jumu ra\u017eo\u0161an\u0101 pievienot\u0101 v\u0113rt\u012bba pieauga par 2,2\u00a0%, bet p\u0101rtikas produktu ra\u017eo\u0161an\u0101 k\u0101pums sasniedza 5,7\u00a0%.<\/p>\n<\/blockquote>\n<p>Nozares kop\u0113jo sniegumu pozit\u012bvi ietekm\u0113ja ar\u012b izaugsme nemet\u0101lisko miner\u0101lu izstr\u0101d\u0101jumu ra\u017eo\u0161an\u0101 par 3,7\u00a0% un gatavo met\u0101lizstr\u0101d\u0101jumu ra\u017eo\u0161an\u0101 par 18,6\u00a0%. Vienlaikus dz\u0113rienu ra\u017eo\u0161an\u0101 tika re\u0123istr\u0113ts samazin\u0101jums par 25,3\u00a0%.<\/p>\n<p>Elektroener\u0123ijas, g\u0101zes apg\u0101des, siltumapg\u0101des un gaisa kondicion\u0113\u0161anas nozar\u0113 pievienot\u0101 v\u0113rt\u012bba pieauga par 2,9\u00a0%. \u016adens apg\u0101des, notek\u016bde\u0146u un atkritumu apsaimnieko\u0161anas, k\u0101 ar\u012b san\u0101cijas jom\u0101 k\u0101pums sasniedza 3,0\u00a0%.<\/p>\n<p>B\u016bvniec\u012bbas pievienot\u0101 v\u0113rt\u012bba 2026.\u00a0gada 2.\u00a0ceturksn\u012b palielin\u0101j\u0101s par 3,2\u00a0%. Att\u012bst\u012bbu veicin\u0101ja izaugsme \u0113ku b\u016bvniec\u012bb\u0101 par 11,8\u00a0%. Vienlaikus in\u017eenierb\u016bvniec\u012bb\u0101 re\u0123istr\u0113ts samazin\u0101jums par 2,8\u00a0%, bet specializ\u0113tajos b\u016bvdarbos par 0,3\u00a0%.<\/p>\n<p>Mazumtirdzniec\u012bb\u0101 pievienot\u0101 v\u0113rt\u012bba pieauga par 5,8\u00a0%. Automobi\u013cu un motociklu vairumtirdzniec\u012bb\u0101, mazumtirdzniec\u012bb\u0101 un remont\u0101 k\u0101pums veidoja 5,3\u00a0%, savuk\u0101rt vairumtirdzniec\u012bbas nozar\u0113 tas sasniedza 7,4\u00a0%.<\/p>\n<p>Izmitin\u0101\u0161anas un \u0113din\u0101\u0161anas pakalpojumu apjoms samazin\u0101j\u0101s par 2,3\u00a0%. Tostarp izmitin\u0101\u0161anas pakalpojumos re\u0123istr\u0113ts kritums par 1,5\u00a0%, bet \u0113din\u0101\u0161anas pakalpojumos par 2,7\u00a0%.<\/p>\n<p>Inform\u0101cijas un komunik\u0101ciju nozar\u0113 pievienot\u0101 v\u0113rt\u012bba palielin\u0101j\u0101s par 8,3\u00a0%. Liel\u0101kaj\u0101 apak\u0161nozar\u0113, datorprogramm\u0113\u0161an\u0101 un konsult\u0113\u0161an\u0101, t\u0101 pieauga par 16,6\u00a0%, savuk\u0101rt inform\u0101cijas pakalpojumos k\u0101pums sasniedza 5,0\u00a0%. Vienlaikus telekomunik\u0101ciju pakalpojumu snieg\u0161an\u0101 re\u0123istr\u0113ts samazin\u0101jums par 2,9\u00a0%.<\/p>\n<blockquote>\n<p>Finan\u0161u un apdro\u0161in\u0101\u0161anas nozar\u0113 pievienot\u0101 v\u0113rt\u012bba palielin\u0101j\u0101s par 10,4\u00a0%. Izaugsmi galvenok\u0101rt nodro\u0161in\u0101ja apdro\u0161in\u0101\u0161anas, p\u0101rapdro\u0161in\u0101\u0161anas un pensiju uzkr\u0101\u0161anas darb\u012bbas, kur\u0101s re\u0123istr\u0113ts k\u0101pums par 40\u00a0%.<\/p>\n<\/blockquote>\n<p>Savuk\u0101rt finan\u0161u pakalpojumu nozar\u0113 un finan\u0161u pakalpojumu un apdro\u0161in\u0101\u0161anas darb\u012bbas papildino\u0161aj\u0101s aktivit\u0101t\u0113s v\u0113rojams samazin\u0101jums attiec\u012bgi par 0,5\u00a0% un 4,3\u00a0%. Straujo izaugsmi apdro\u0161in\u0101\u0161anas, p\u0101rapdro\u0161in\u0101\u0161anas un pensiju uzkr\u0101\u0161anas jom\u0101 veicin\u0101ja bruto parakst\u012bto pr\u0113miju pieaugums nedz\u012bv\u012bbas apdro\u0161in\u0101\u0161an\u0101.<\/p>\n<p>Profesion\u0101lo, zin\u0101tnisko un tehnisko pakalpojumu nozar\u0113 pievienot\u0101 v\u0113rt\u012bba pieauga par 5,2\u00a0%. To sekm\u0113ja arhitekt\u016bras un in\u017eeniertehnisko pakalpojumu, tehnisko p\u0101rbau\u017eu un anal\u012bzes pakalpojumu snieg\u0161anas apjoma k\u0101pums par 10,8\u00a0%, citu profesion\u0101lo, zin\u0101tnisko un tehnisko pakalpojumu pieaugums par 12,2\u00a0%, k\u0101 ar\u012b juridisko un gr\u0101matved\u012bbas pakalpojumu att\u012bst\u012bba par 3,4\u00a0%. Vienlaikus rekl\u0101mas un tirgus izp\u0113tes pakalpojumu jom\u0101 re\u0123istr\u0113ts kritums par 3,1\u00a0%.<\/p>\n<p>Administrat\u012bvo un apkalpojo\u0161o dienestu darb\u012bb\u0101s pievienot\u0101 v\u0113rt\u012bba palielin\u0101j\u0101s par 3,6\u00a0%. Pozit\u012bvu ieguld\u012bjumu nozares izaugsm\u0113 sniedza darbasp\u0113ka mekl\u0113\u0161anas un person\u0101la nodro\u0161in\u0101\u0161anas pakalpojumi, kuros pieaugums sasniedza 2,2\u00a0%, k\u0101 ar\u012b biroju administrat\u012bv\u0101s darb\u012bbas un citas uz\u0146\u0113mumu pal\u012bgdarb\u012bbas, kur re\u0123istr\u0113ts k\u0101pums par 24,1\u00a0%. Savuk\u0101rt att\u012bst\u012bbu kav\u0113ja apsardzes pakalpojumu un izmekl\u0113\u0161anas darb\u012bbu samazin\u0101jums par 7,5\u00a0%, k\u0101 ar\u012b \u0113ku uztur\u0113\u0161anas un ainavu arhitekt\u016bras pakalpojumu kritums par 3,8\u00a0%.<\/p>\n<p>Produktu nodok\u013cu (galvenok\u0101rt, pievienot\u0101s v\u0113rt\u012bbas nodoklis, akc\u012bzes un muitas nodok\u013ci) pieaugumu 0,1\u00a0% apm\u0113r\u0101 noteica pievienot\u0101s v\u0113rt\u012bbas nodok\u013ca ie\u0146\u0113mumu pieaugums. Iekas\u0113tie produktu nodok\u013ci faktiskaj\u0101s cen\u0101s pieaugu\u0161i par 2,8\u00a0%.<\/p>\n<p>Izlietojuma aspekts<\/p>\n<p>2026.\u00a0gada 2.\u00a0ceturksn\u012b, sal\u012bdzinot ar attiec\u012bgo periodu pirms gada, m\u0101jsaimniec\u012bbu galapat\u0113ri\u0146\u0161 palielin\u0101j\u0101s par 3,7\u00a0%. P\u0101rtikas pat\u0113ri\u0146a apjoms pieauga par 3,6\u00a0%. M\u0101jok\u013ca, \u016bdensapg\u0101des, elektroener\u0123ijas, g\u0101zes un cita kurin\u0101m\u0101 izdevumu grup\u0101 m\u0101jsaimniec\u012bbu pat\u0113r\u0113to pre\u010du un pakalpojumu apjoms palielin\u0101j\u0101s par 1,0\u00a0%. Savuk\u0101rt izdevumi transportam, tostarp sabiedriskajam transportam, transportl\u012bdzek\u013cu ieg\u0101dei un ekspluat\u0101cijai, pieauga par 2,0\u00a0%.<\/p>\n<p>Vald\u012bbas galapat\u0113ri\u0146a izdevumi samazin\u0101j\u0101s par 2,4\u00a0%.<\/p>\n<p>Ieguld\u012bjumi bruto pamatkapit\u0101la veido\u0161an\u0101 kopum\u0101 palielin\u0101j\u0101s par 6,5\u00a0%. Ieguld\u012bjumi m\u0101jok\u013cos, cit\u0101s \u0113k\u0101s un b\u016bv\u0113s pieauga par 3,2\u00a0%, bet ma\u0161\u012bn\u0101s un iek\u0101rt\u0101s, tostarp transportl\u012bdzek\u013cos, par 9,8\u00a0%. Savuk\u0101rt ieguld\u012bjumi intelektu\u0101l\u0101 \u012bpa\u0161uma produktos, piem\u0113ram, p\u0113tniec\u012bb\u0101, datorprogramm\u0101s, datub\u0101z\u0113s un autorties\u012bb\u0101s, palielin\u0101j\u0101s par 6,6\u00a0%.<\/p>\n<p>Pre\u010du un pakalpojumu eksporta apjoms pieauga par 7,7\u00a0%, tostarp pre\u010du eksports palielin\u0101j\u0101s par 11,6\u00a0%, kam\u0113r pakalpojumu eksports samazin\u0101j\u0101s par 0,9\u00a0%. Galven\u0101s eksport\u0113t\u0101s preces bija koksne un koka izstr\u0101d\u0101jumi (iz\u0146emot m\u0113beles), elektroier\u012bces un elektroiek\u0101rtas, k\u0101 ar\u012b miner\u0101lprodukti. Savuk\u0101rt noz\u012bm\u012bg\u0101k\u0101s eksport\u0113to pakalpojumu grupas bija transporta pakalpojumi un citas saimniecisk\u0101s darb\u012bbas pakalpojumi, tostarp p\u0113tniec\u012bbas un att\u012bst\u012bbas, profesion\u0101lie un vad\u012bbzin\u012bbu, k\u0101 ar\u012b tehniskie, ar tirdzniec\u012bbu saist\u012btie un citi uz\u0146\u0113m\u0113jdarb\u012bbas pakalpojumi.<\/p>\n<p>Pre\u010du un pakalpojumu importa apjoms palielin\u0101j\u0101s par 7,1\u00a0%. Pre\u010du imports pieauga par 9,6\u00a0%, savuk\u0101rt pakalpojumu imports samazin\u0101j\u0101s par 1,7\u00a0%. Import\u0101 liel\u0101ko \u012bpatsvaru veidoja miner\u0101lprodukti, elektroier\u012bces un elektroiek\u0101rtas, k\u0101 ar\u012b sauszemes transportl\u012bdzek\u013ci un to da\u013cas. Svar\u012bg\u0101k\u0101s import\u0113to pakalpojumu grupas bija transporta pakalpojumi un citas saimniecisk\u0101s darb\u012bbas pakalpojumi.<\/p>\n<p>            <img decoding=\"async\" src=\"https:\/\/www.europesays.com\/lv\/wp-content\/uploads\/2026\/08\/u1x1.jpg\" alt=\"\"\/><\/p>\n<p>Ien\u0101kumu aspekts<\/p>\n<p>2026.\u00a0gada 2.\u00a0ceturksn\u012b, sal\u012bdzinot ar 2025.\u00a0gada 2.\u00a0ceturksni, kop\u0113jais darbinieku atalgojums palielin\u0101j\u0101s par 6,4\u00a0%, tostarp darba alga pieauga par 6,3\u00a0%, bet darba dev\u0113ju soci\u0101l\u0101s iemaksas par 7,2\u00a0%.<\/p>\n<p>Strauj\u0101kais kop\u0113j\u0101 darbinieku atalgojuma k\u0101pums re\u0123istr\u0113ts m\u0101kslas, izklaides, atp\u016btas un citu pakalpojumu nozaru grup\u0101, kur tas sasniedza 10,3\u00a0%. Profesion\u0101lo, zin\u0101tnisko un tehnisko pakalpojumu nozar\u0113 atalgojums palielin\u0101j\u0101s par 10,0\u00a0%, bet b\u016bvniec\u012bb\u0101 par 9,6\u00a0%. Kopum\u0101 ra\u017eojo\u0161aj\u0101s nozar\u0113s darbinieku atalgojums pieauga vid\u0113ji par 6,3\u00a0%, savuk\u0101rt pakalpojumu nozar\u0113s k\u0101pums sasniedza 7,7\u00a0%.<\/p>\n<p>Bruto darb\u012bbas koprezult\u0101ts un jauktais ien\u0101kums palielin\u0101j\u0101s par 9,4\u00a0%, bet ra\u017eo\u0161anas un importa nodok\u013cu un subs\u012bdiju saldo pieauga par 6,1\u00a0%.<\/p>\n<p>            <img decoding=\"async\" src=\"https:\/\/www.europesays.com\/lv\/wp-content\/uploads\/2026\/08\/u1x2.jpg\" alt=\"\"\/><\/p>\n","protected":false},"excerpt":{"rendered":"Vienlaikus \u0161ogad otraj\u0101 ceturksn\u012b, sal\u012bdzinot ar iepriek\u0161\u0113jo ceturksni, proti, \u0161\u0101 gada pirmo ceturksni, p\u0113c sezon\u0101li un kalend\u0101ri kori\u0123\u0113tajiem&hellip;\n","protected":false},"author":2,"featured_media":281227,"comment_status":"","ping_status":"","sticky":false,"template":"","format":"standard","meta":{"footnotes":"","_share_on_mastodon":"0"},"categories":[5],"tags":[23,28,29,32,33,22,30,31,35,39,38,36,37,34,40,20,26,27,24,25,21],"class_list":["post-281226","post","type-post","status-publish","format-standard","has-post-thumbnail","category-aktualitates","tag-aktualitates","tag-breaking-news","tag-breakingnews","tag-featured-news","tag-featurednews","tag-headlines","tag-latest-news","tag-latestnews","tag-latvia","tag-latvian","tag-latviesu","tag-latviesu-valoda","tag-latviesuvaloda","tag-latvija","tag-lv","tag-news","tag-popularakas-zinas","tag-popularakaszinas","tag-top-stories","tag-topstories","tag-zinas"],"share_on_mastodon":{"url":"https:\/\/pubeurope.com\/@lv\/117189748644880092","error":""},"_links":{"self":[{"href":"https:\/\/www.europesays.com\/lv\/wp-json\/wp\/v2\/posts\/281226","targetHints":{"allow":["GET"]}}],"collection":[{"href":"https:\/\/www.europesays.com\/lv\/wp-json\/wp\/v2\/posts"}],"about":[{"href":"https:\/\/www.europesays.com\/lv\/wp-json\/wp\/v2\/types\/post"}],"author":[{"embeddable":true,"href":"https:\/\/www.europesays.com\/lv\/wp-json\/wp\/v2\/users\/2"}],"replies":[{"embeddable":true,"href":"https:\/\/www.europesays.com\/lv\/wp-json\/wp\/v2\/comments?post=281226"}],"version-history":[{"count":0,"href":"https:\/\/www.europesays.com\/lv\/wp-json\/wp\/v2\/posts\/281226\/revisions"}],"wp:featuredmedia":[{"embeddable":true,"href":"https:\/\/www.europesays.com\/lv\/wp-json\/wp\/v2\/media\/281227"}],"wp:attachment":[{"href":"https:\/\/www.europesays.com\/lv\/wp-json\/wp\/v2\/media?parent=281226"}],"wp:term":[{"taxonomy":"category","embeddable":true,"href":"https:\/\/www.europesays.com\/lv\/wp-json\/wp\/v2\/categories?post=281226"},{"taxonomy":"post_tag","embeddable":true,"href":"https:\/\/www.europesays.com\/lv\/wp-json\/wp\/v2\/tags?post=281226"}],"curies":[{"name":"wp","href":"https:\/\/api.w.org\/{rel}","templated":true}]}}