{"id":281232,"date":"2026-08-31T10:56:25","date_gmt":"2026-08-31T10:56:25","guid":{"rendered":"https:\/\/www.europesays.com\/lv\/281232\/"},"modified":"2026-08-31T10:56:25","modified_gmt":"2026-08-31T10:56:25","slug":"bils-geitss-pasaule-nepavisam-nav-gatava-maksliga-intelekta-revolucijai","status":"publish","type":"post","link":"https:\/\/www.europesays.com\/lv\/281232\/","title":{"rendered":"Bils Geitss: Pasaule nepavisam nav gatava m\u0101ksl\u012bg\u0101 intelekta revol\u016bcijai"},"content":{"rendered":"<p>&#8220;Microsoft&#8221; l\u012bdzdibin\u0101t\u0101js pag\u0101ju\u0161oned\u0113\u013c public\u0113ja gandr\u012bz 6000 v\u0101rdu garu eseju, kur\u0101 br\u012bdin\u0101ja, ka p\u0101reja uz m\u0101ksl\u012bg\u0101 intelekta laikmetu b\u016b\u0161ot viens no satrauco\u0161\u0101kajiem periodiem cilv\u0113ces v\u0113stur\u0113 un neviens neesot pied\u0101v\u0101jis pl\u0101nu \u0161\u012b procesa p\u0101rvald\u012bbai.<\/p>\n<p>&#8220;M\u0101ksl\u012bgais intelekts k\u013c\u016bs vai nu par visu laiku liel\u0101ko izl\u012bdzin\u0101t\u0101ju, k\u0101ds jebkad izgudrots, vai ar\u012b par liel\u0101ko netaisn\u012bbas avotu,&#8221; raksta 70 gadus vecais Geitss, kur\u0161 pa\u0161laik vada vi\u0146a v\u0101rd\u0101 nosaukto labdar\u012bbas fondu.<\/p>\n","protected":false},"excerpt":{"rendered":"&#8220;Microsoft&#8221; l\u012bdzdibin\u0101t\u0101js pag\u0101ju\u0161oned\u0113\u013c public\u0113ja gandr\u012bz 6000 v\u0101rdu garu eseju, kur\u0101 br\u012bdin\u0101ja, ka p\u0101reja uz m\u0101ksl\u012bg\u0101 intelekta laikmetu b\u016b\u0161ot&hellip;\n","protected":false},"author":2,"featured_media":281233,"comment_status":"","ping_status":"","sticky":false,"template":"","format":"standard","meta":{"footnotes":"","_share_on_mastodon":"0"},"categories":[14],"tags":[23,57,9646,28,29,32,33,22,705,1064,30,31,35,39,38,36,37,34,40,87,20,26,27,24,25,54,55,56,21,58],"class_list":["post-281232","post","type-post","status-publish","format-standard","has-post-thumbnail","category-zinas-no-arvalstim","tag-aktualitates","tag-arvalstim","tag-bils-geitss","tag-breaking-news","tag-breakingnews","tag-featured-news","tag-featurednews","tag-headlines","tag-jauniesi","tag-kiberdrosiba","tag-latest-news","tag-latestnews","tag-latvia","tag-latvian","tag-latviesu","tag-latviesu-valoda","tag-latviesuvaloda","tag-latvija","tag-lv","tag-maksligais-intelekts","tag-news","tag-popularakas-zinas","tag-popularakaszinas","tag-top-stories","tag-topstories","tag-world","tag-world-news","tag-worldnews","tag-zinas","tag-zinas-no-arvalstim"],"share_on_mastodon":{"url":"https:\/\/pubeurope.com\/@lv\/117189763555316957","error":""},"_links":{"self":[{"href":"https:\/\/www.europesays.com\/lv\/wp-json\/wp\/v2\/posts\/281232","targetHints":{"allow":["GET"]}}],"collection":[{"href":"https:\/\/www.europesays.com\/lv\/wp-json\/wp\/v2\/posts"}],"about":[{"href":"https:\/\/www.europesays.com\/lv\/wp-json\/wp\/v2\/types\/post"}],"author":[{"embeddable":true,"href":"https:\/\/www.europesays.com\/lv\/wp-json\/wp\/v2\/users\/2"}],"replies":[{"embeddable":true,"href":"https:\/\/www.europesays.com\/lv\/wp-json\/wp\/v2\/comments?post=281232"}],"version-history":[{"count":0,"href":"https:\/\/www.europesays.com\/lv\/wp-json\/wp\/v2\/posts\/281232\/revisions"}],"wp:featuredmedia":[{"embeddable":true,"href":"https:\/\/www.europesays.com\/lv\/wp-json\/wp\/v2\/media\/281233"}],"wp:attachment":[{"href":"https:\/\/www.europesays.com\/lv\/wp-json\/wp\/v2\/media?parent=281232"}],"wp:term":[{"taxonomy":"category","embeddable":true,"href":"https:\/\/www.europesays.com\/lv\/wp-json\/wp\/v2\/categories?post=281232"},{"taxonomy":"post_tag","embeddable":true,"href":"https:\/\/www.europesays.com\/lv\/wp-json\/wp\/v2\/tags?post=281232"}],"curies":[{"name":"wp","href":"https:\/\/api.w.org\/{rel}","templated":true}]}}