{"id":281234,"date":"2026-08-31T10:57:07","date_gmt":"2026-08-31T10:57:07","guid":{"rendered":"https:\/\/www.europesays.com\/lv\/281234\/"},"modified":"2026-08-31T10:57:07","modified_gmt":"2026-08-31T10:57:07","slug":"video-ko-doma-partijas-mes-mainam-noteikumus-veletaji-raksts","status":"publish","type":"post","link":"https:\/\/www.europesays.com\/lv\/281234\/","title":{"rendered":"VIDEO: Ko dom\u0101 partijas \u00abM\u0113s main\u0101m noteikumus\u00bb v\u0113l\u0113t\u0101ji \/ Raksts"},"content":{"rendered":"<p>Atkl\u0101tas sarunas, kas v\u0113rt\u012bgas gan v\u0113l\u0113t\u0101jiem, gan tiem, kuri t\u012bko p\u0113c varas.<\/p>\n<p style=\"margin-left:0cm; margin-right:0cm\">Sagaidot 15.\u00a0Saeimas v\u0113l\u0113\u0161anas, Latvijas Telev\u012bzijas (LTV) Zi\u0146u dienests realiz\u0113jis jaunu projektu, aicinot da\u017e\u0101du partiju v\u0113l\u0113t\u0101jus uz diskusiju par katra politisko izv\u0113li. Par kuru partiju un k\u0101p\u0113c konkr\u0113tie cilv\u0113ki balsoju\u0161i pirms \u010detriem gadiem? Vai, raugoties no \u0161odienas skatupunkta,\u00a0\u0161\u012b izv\u0113le bija \u012bst\u0101? Vai politiskais sp\u0113ks pild\u012bjis sol\u012bjumus jeb tom\u0113r ir vil\u0161an\u0101s? Par ko balsos \u0161ogad?\u00a0<\/p>\n<p style=\"margin-left:0cm; margin-right:0cm\">Uzklaus\u012bj\u0101m ar\u012b v\u0113l\u0113t\u0101jus, kuri joproj\u0101m nezina, par ko balsos, un ar\u012b tos, kuri saka, ka v\u0113l\u0113\u0161an\u0101s nepiedal\u012bsies visp\u0101r. Vai skaisti plak\u0101ti un\u00a0 sol\u012bjumi sp\u0113j ietekm\u0113t v\u0113l\u0113t\u0101ju izv\u0113li \u012bsi pirms v\u0113l\u0113\u0161an\u0101m vai ar\u012b partiju un to l\u012bderu darbs tiek skrupulozi v\u0113rt\u0113ts daudz ilg\u0101k\u0101 laika posm\u0101 un kampa\u0146\u0101m nav \u012bpa\u0161a noz\u012bme?<\/p>\n<p style=\"margin-left:0cm; margin-right:0cm\">\u0160oreiz \u2013 ko dom\u0101 partijas &#8220;M\u0113s main\u0101m noteikumus&#8221; v\u0113l\u0113t\u0101ji.<\/p>\n<p>                    Valodas k\u013c\u016bda rakst\u0101?<\/p>\n<p class=\"d-none d-md-block\">Iez\u012bm\u0113jiet tekstu un spiediet Ctrl+Enter, lai nos\u016bt\u012btu labojamo teksta fragmentu redaktoram! Par faktu k\u013c\u016bd\u0101m l\u016bdzam zi\u0146ot e-past\u0101 redakcija@lsm.lv.<\/p>\n<p class=\"d-md-none\">Iez\u012bm\u0113jiet tekstu un spiediet uz Zi\u0146ot par k\u013c\u016bdu pogas, lai nos\u016bt\u012btu labojamo teksta fragmentu redaktoram!<\/p>\n<p>\n                    Zi\u0146ot par k\u013c\u016bdu\n                <\/p>\n","protected":false},"excerpt":{"rendered":"Atkl\u0101tas sarunas, kas v\u0113rt\u012bgas gan v\u0113l\u0113t\u0101jiem, gan tiem, kuri t\u012bko p\u0113c varas. Sagaidot 15.\u00a0Saeimas v\u0113l\u0113\u0161anas, Latvijas Telev\u012bzijas (LTV)&hellip;\n","protected":false},"author":2,"featured_media":281235,"comment_status":"","ping_status":"","sticky":false,"template":"","format":"standard","meta":{"footnotes":"","_share_on_mastodon":"0"},"categories":[12],"tags":[23,28,29,32,33,22,30,31,35,39,38,36,37,34,40,20,26,27,24,25,21],"class_list":["post-281234","post","type-post","status-publish","format-standard","has-post-thumbnail","category-latvija","tag-aktualitates","tag-breaking-news","tag-breakingnews","tag-featured-news","tag-featurednews","tag-headlines","tag-latest-news","tag-latestnews","tag-latvia","tag-latvian","tag-latviesu","tag-latviesu-valoda","tag-latviesuvaloda","tag-latvija","tag-lv","tag-news","tag-popularakas-zinas","tag-popularakaszinas","tag-top-stories","tag-topstories","tag-zinas"],"share_on_mastodon":{"url":"https:\/\/pubeurope.com\/@lv\/117189767600792902","error":""},"_links":{"self":[{"href":"https:\/\/www.europesays.com\/lv\/wp-json\/wp\/v2\/posts\/281234","targetHints":{"allow":["GET"]}}],"collection":[{"href":"https:\/\/www.europesays.com\/lv\/wp-json\/wp\/v2\/posts"}],"about":[{"href":"https:\/\/www.europesays.com\/lv\/wp-json\/wp\/v2\/types\/post"}],"author":[{"embeddable":true,"href":"https:\/\/www.europesays.com\/lv\/wp-json\/wp\/v2\/users\/2"}],"replies":[{"embeddable":true,"href":"https:\/\/www.europesays.com\/lv\/wp-json\/wp\/v2\/comments?post=281234"}],"version-history":[{"count":0,"href":"https:\/\/www.europesays.com\/lv\/wp-json\/wp\/v2\/posts\/281234\/revisions"}],"wp:featuredmedia":[{"embeddable":true,"href":"https:\/\/www.europesays.com\/lv\/wp-json\/wp\/v2\/media\/281235"}],"wp:attachment":[{"href":"https:\/\/www.europesays.com\/lv\/wp-json\/wp\/v2\/media?parent=281234"}],"wp:term":[{"taxonomy":"category","embeddable":true,"href":"https:\/\/www.europesays.com\/lv\/wp-json\/wp\/v2\/categories?post=281234"},{"taxonomy":"post_tag","embeddable":true,"href":"https:\/\/www.europesays.com\/lv\/wp-json\/wp\/v2\/tags?post=281234"}],"curies":[{"name":"wp","href":"https:\/\/api.w.org\/{rel}","templated":true}]}}