{"id":281236,"date":"2026-08-31T10:58:16","date_gmt":"2026-08-31T10:58:16","guid":{"rendered":"https:\/\/www.europesays.com\/lv\/281236\/"},"modified":"2026-08-31T10:58:16","modified_gmt":"2026-08-31T10:58:16","slug":"biedriba-zemnieku-saeima-ziema-lidzigas-vetras-sekas-saimniecibam-varetu-but-tragiskas-saimnieks-lv","status":"publish","type":"post","link":"https:\/\/www.europesays.com\/lv\/281236\/","title":{"rendered":"Biedr\u012bba \u201cZemnieku saeima\u201d: ziem\u0101 l\u012bdz\u012bgas v\u0113tras sekas saimniec\u012bb\u0101m var\u0113tu b\u016bt tra\u0123iskas &#8211; saimnieks.lv"},"content":{"rendered":"<ol>\n<li><a href=\"https:\/\/news.google.com\/rss\/articles\/CBMiugFBVV95cUxNSkt2Y2YyMHRlWW5WOU1PM3QwZ3pPQVQtdTZGTVRMclprMm15a3RPOUJESHR5Z1JDWWhBOGtoVFdkSXhqSXMxSWZHbEVHTV9mUWtycUVPeXdnakswZW82VWdQLXUwZGdYTnF3STdNV3kzZG5aeENYSHJEN0FkZ29UMXFSUWtTZ3UwcGFOWWJoREFuVGdXYWlUX3BhNXRpTGdBWnY1TGIySnhrTG01ckV4eWNCcERpZTNDZkE?oc=5\" target=\"_blank\" rel=\"nofollow noopener\">Biedr\u012bba \u201cZemnieku saeima\u201d: ziem\u0101 l\u012bdz\u012bgas v\u0113tras sekas saimniec\u012bb\u0101m var\u0113tu b\u016bt tra\u0123iskas<\/a>&nbsp;&nbsp;saimnieks.lv<\/li>\n<li><a href=\"https:\/\/news.google.com\/rss\/articles\/CBMi0gFBVV95cUxQTnM3a25nLXpGdlktSWY4Q2xyRlhnWktHQkNWdnlUYjAwWmpxYkFUVVplUlZUWXZMblc4Umx1RTlrTGt5VEMyaUNTanl0YlpDQXF4Rjlrc2pzMXlBaF9fdTNkMm9mOFFvcUx0WVplLTBuUVlqWGptdjJrcUhvemttcC1jOUdzS2VfeVR2aHhqdDE1NUdGbDVrQ2czWlN4UXdjOHVJVzNmT3ZJNjZacHhuTkNjZWxNY1JYYU5tOHdQUzAwd2R6NjFzX0hIWmNqcmphNnc?oc=5\" target=\"_blank\" rel=\"nofollow noopener\">V\u0113tra un kiberuzbrukumi izgaismo Latvijas kritisk\u0101s infrastrukt\u016bras v\u0101j\u0101s vietas: gatavoties vairs nav laika<\/a>&nbsp;&nbsp;TVNET<\/li>\n<li><a href=\"https:\/\/news.google.com\/rss\/articles\/CBMitgFBVV95cUxNMnRHQ0NwNkJsWGlhZ3FRYllwVlZnU0F3Wm9JTWxDcUpHWnpCTVliSlpKaXpCeXlWVjJDcklrREVtTDA4MjEyNWx4ZDZBUk1JQktYc2FaMnA3VExYRW1iZXRwNHpYaGMtMWZEdFdQMGxKakxpTHhVdmcycjBEN0pvbDF3SUt3V1l1OE5LbTUwdFc1d0s5YlFSRS1zdFA4c0I5cnNtN0lwaEpoMG1aUnJkaVpySXNYQQ?oc=5\" target=\"_blank\" rel=\"nofollow noopener\">Edgars Vo\u013cskis: Valsts nevar dele\u0123\u0113t citiem gatav\u012bbu kr\u012bz\u0113m \/ Raksts<\/a>&nbsp;&nbsp;LSM<\/li>\n<li><a href=\"https:\/\/news.google.com\/rss\/articles\/CBMie0FVX3lxTFBfcURaWmsyY2duR3FMTVpIQlpEcVpFa3pGZmpSdkxrdW9vOU9lczB4aG54RzVJY2ZtZEpXblVkaDZjb05TUlNWUlJDcDFTZ1A0NHNtaHlZalR5TnhKREtfSjg5b3d5VkZ1ZTFhakdrM2J0R2VLa1JMZTNxQQ?oc=5\" target=\"_blank\" rel=\"nofollow noopener\">Kulbergs aicina neties\u0101t, bet m\u0101c\u012bties no k\u013c\u016bd\u0101m; pats ar\u012b nav bijis gatavs v\u0113trai<\/a>&nbsp;&nbsp;NRA<\/li>\n<li><a href=\"https:\/\/news.google.com\/rss\/articles\/CBMirAFBVV95cUxOMlJ3VzJaNzRHdWdELVlWelp0RWN2cFJubGtVZ0txNjBWV2IwNTFCZUp6RnZTOUFUQW5LWGNkcXlUVFpUTXl3dHhiZnFfdVVwVS1BR3VJTXFqMnhxdUROR0VYS1cyMkVlN1dpUHZaeHJySHB3am5TZ2xiSTEzZWxxdG1tYm5BRFBYQThPN0djWTg0OG9YcGZIaTNVSGNvR01TM0lOT1FkeVNwTkw3?oc=5\" target=\"_blank\" rel=\"nofollow noopener\">\u00abZemnieku saeima\u00bb: vasaras v\u0113tra izgaismojusi riskus, kas ziem\u0101 var k\u013c\u016bt tra\u0123iski<\/a>&nbsp;&nbsp;Auseklis.lv<\/li>\n<\/ol>\n","protected":false},"excerpt":{"rendered":"Biedr\u012bba \u201cZemnieku saeima\u201d: ziem\u0101 l\u012bdz\u012bgas v\u0113tras sekas saimniec\u012bb\u0101m var\u0113tu b\u016bt tra\u0123iskas&nbsp;&nbsp;saimnieks.lv V\u0113tra un kiberuzbrukumi izgaismo Latvijas kritisk\u0101s infrastrukt\u016bras&hellip;\n","protected":false},"author":2,"featured_media":281237,"comment_status":"","ping_status":"","sticky":false,"template":"","format":"standard","meta":{"footnotes":"","_share_on_mastodon":"0"},"categories":[5],"tags":[23,28,29,32,33,22,30,31,35,39,38,36,37,34,40,20,26,27,24,25,21],"class_list":["post-281236","post","type-post","status-publish","format-standard","has-post-thumbnail","category-aktualitates","tag-aktualitates","tag-breaking-news","tag-breakingnews","tag-featured-news","tag-featurednews","tag-headlines","tag-latest-news","tag-latestnews","tag-latvia","tag-latvian","tag-latviesu","tag-latviesu-valoda","tag-latviesuvaloda","tag-latvija","tag-lv","tag-news","tag-popularakas-zinas","tag-popularakaszinas","tag-top-stories","tag-topstories","tag-zinas"],"share_on_mastodon":{"url":"https:\/\/pubeurope.com\/@lv\/117189771667370129","error":""},"_links":{"self":[{"href":"https:\/\/www.europesays.com\/lv\/wp-json\/wp\/v2\/posts\/281236","targetHints":{"allow":["GET"]}}],"collection":[{"href":"https:\/\/www.europesays.com\/lv\/wp-json\/wp\/v2\/posts"}],"about":[{"href":"https:\/\/www.europesays.com\/lv\/wp-json\/wp\/v2\/types\/post"}],"author":[{"embeddable":true,"href":"https:\/\/www.europesays.com\/lv\/wp-json\/wp\/v2\/users\/2"}],"replies":[{"embeddable":true,"href":"https:\/\/www.europesays.com\/lv\/wp-json\/wp\/v2\/comments?post=281236"}],"version-history":[{"count":0,"href":"https:\/\/www.europesays.com\/lv\/wp-json\/wp\/v2\/posts\/281236\/revisions"}],"wp:featuredmedia":[{"embeddable":true,"href":"https:\/\/www.europesays.com\/lv\/wp-json\/wp\/v2\/media\/281237"}],"wp:attachment":[{"href":"https:\/\/www.europesays.com\/lv\/wp-json\/wp\/v2\/media?parent=281236"}],"wp:term":[{"taxonomy":"category","embeddable":true,"href":"https:\/\/www.europesays.com\/lv\/wp-json\/wp\/v2\/categories?post=281236"},{"taxonomy":"post_tag","embeddable":true,"href":"https:\/\/www.europesays.com\/lv\/wp-json\/wp\/v2\/tags?post=281236"}],"curies":[{"name":"wp","href":"https:\/\/api.w.org\/{rel}","templated":true}]}}