{"id":28127,"date":"2025-10-22T11:38:08","date_gmt":"2025-10-22T11:38:08","guid":{"rendered":"https:\/\/www.europesays.com\/lv\/28127\/"},"modified":"2025-10-22T11:38:08","modified_gmt":"2025-10-22T11:38:08","slug":"okupantu-drons-trapijis-bernudarzam-ukraina","status":"publish","type":"post","link":"https:\/\/www.europesays.com\/lv\/28127\/","title":{"rendered":"Okupantu drons tr\u0101p\u012bjis b\u0113rnud\u0101rzam Ukrain\u0101"},"content":{"rendered":"<p>Harkiv\u0101 Krievijas drons tr\u0101p\u012bjis b\u0113rnud\u0101rzam, pav\u0113st\u012bja amatpersonas. Viens cilv\u0113ks nogalin\u0101ts, vismaz se\u0161i ievainoti.<\/p>\n<p>&#8220;Cietu\u0161o skaits pieaudzis l\u012bdz septi\u0146iem. Vi\u0146u vid\u016b ir viens v\u012brietis, kas g\u0101jis boj\u0101. Inform\u0101cija par ievainotiem b\u0113rniem, par laimi, nav apstiprin\u0101jusies,&#8221; platform\u0101 &#8220;Telegram&#8221; pav\u0113st\u012bja Harkivas m\u0113rs Ihors Terehovs.<\/p>\n<p>&#8220;Krievijas drona trieciens b\u0113rnud\u0101rzam Harkiv\u0101 &#8211; p\u0113c mas\u012bv\u0101 nakts trieciena. Diem\u017e\u0113l ir zin\u0101ms par vienu boj\u0101g\u0101ju\u0161o. Izsaku l\u012bdzj\u016bt\u012bbu tuviniekiem,&#8221; &#8220;Telegram&#8221; pauda Ukrainas prezidents Volodimirs Zelenskis.<\/p>\n<p>&#8220;Visi b\u0113rni ir evaku\u0113ti un atrodas patvertn\u0113s. Saska\u0146\u0101 ar s\u0101kotn\u0113jo inform\u0101ciju daudziem ir ak\u016bta stresa reakcija,&#8221; nor\u0101d\u012bja prezidents.<\/p>\n<p>Zelenskis uzsv\u0113ra, ka &#8220;nav un nevar b\u016bt nek\u0101da attaisnojuma drona triecienam b\u0113rnud\u0101rzam&#8221;.<\/p>\n<p>&#8220;\u0160ie triecieni &#8211; Krievijas sp\u013c\u0101viens sej\u0101 ikvienam, kas uzst\u0101j uz miera pan\u0101k\u0161anu. Band\u012btus un teroristus var nolikt pie vietas tikai ar sp\u0113ku,&#8221; rezum\u0113ja prezidents.<\/p>\n","protected":false},"excerpt":{"rendered":"Harkiv\u0101 Krievijas drons tr\u0101p\u012bjis b\u0113rnud\u0101rzam, pav\u0113st\u012bja amatpersonas. Viens cilv\u0113ks nogalin\u0101ts, vismaz se\u0161i ievainoti. &#8220;Cietu\u0161o skaits pieaudzis l\u012bdz septi\u0146iem.&hellip;\n","protected":false},"author":2,"featured_media":28128,"comment_status":"","ping_status":"","sticky":false,"template":"","format":"standard","meta":{"footnotes":""},"categories":[5],"tags":[129,470,473,23,28,29,32,33,22,30,31,35,39,38,36,37,34,40,20,26,27,471,474,472,475,24,25,21],"class_list":{"0":"post-28127","1":"post","2":"type-post","3":"status-publish","4":"format-standard","5":"has-post-thumbnail","7":"category-aktualitates","8":"tag-__typenameadvicekeyword","9":"tag-id532","10":"tag-id549","11":"tag-aktualitates","12":"tag-breaking-news","13":"tag-breakingnews","14":"tag-featured-news","15":"tag-featurednews","16":"tag-headlines","17":"tag-latest-news","18":"tag-latestnews","19":"tag-latvia","20":"tag-latvian","21":"tag-latviesu","22":"tag-latviesu-valoda","23":"tag-latviesuvaloda","24":"tag-latvija","25":"tag-lv","26":"tag-news","27":"tag-popularakas-zinas","28":"tag-popularakaszinas","29":"tag-slugkars-ukraina","30":"tag-slugkrievijas-iebrukums-ukraina","31":"tag-titlekars-ukraina","32":"tag-titlekrievijas-iebrukums-ukraina","33":"tag-top-stories","34":"tag-topstories","35":"tag-zinas"},"share_on_mastodon":{"url":"","error":""},"_links":{"self":[{"href":"https:\/\/www.europesays.com\/lv\/wp-json\/wp\/v2\/posts\/28127","targetHints":{"allow":["GET"]}}],"collection":[{"href":"https:\/\/www.europesays.com\/lv\/wp-json\/wp\/v2\/posts"}],"about":[{"href":"https:\/\/www.europesays.com\/lv\/wp-json\/wp\/v2\/types\/post"}],"author":[{"embeddable":true,"href":"https:\/\/www.europesays.com\/lv\/wp-json\/wp\/v2\/users\/2"}],"replies":[{"embeddable":true,"href":"https:\/\/www.europesays.com\/lv\/wp-json\/wp\/v2\/comments?post=28127"}],"version-history":[{"count":0,"href":"https:\/\/www.europesays.com\/lv\/wp-json\/wp\/v2\/posts\/28127\/revisions"}],"wp:featuredmedia":[{"embeddable":true,"href":"https:\/\/www.europesays.com\/lv\/wp-json\/wp\/v2\/media\/28128"}],"wp:attachment":[{"href":"https:\/\/www.europesays.com\/lv\/wp-json\/wp\/v2\/media?parent=28127"}],"wp:term":[{"taxonomy":"category","embeddable":true,"href":"https:\/\/www.europesays.com\/lv\/wp-json\/wp\/v2\/categories?post=28127"},{"taxonomy":"post_tag","embeddable":true,"href":"https:\/\/www.europesays.com\/lv\/wp-json\/wp\/v2\/tags?post=28127"}],"curies":[{"name":"wp","href":"https:\/\/api.w.org\/{rel}","templated":true}]}}