{"id":281460,"date":"2026-08-31T15:22:25","date_gmt":"2026-08-31T15:22:25","guid":{"rendered":"https:\/\/www.europesays.com\/lv\/281460\/"},"modified":"2026-08-31T15:22:25","modified_gmt":"2026-08-31T15:22:25","slug":"sancess-seutas-migrantu-krize-vaino-krieviju-un-izraelu-delfi","status":"publish","type":"post","link":"https:\/\/www.europesays.com\/lv\/281460\/","title":{"rendered":"San\u010dess Seutas migrantu kr\u012bz\u0113 vaino Krieviju un Izra\u0113lu &#8211; DELFI"},"content":{"rendered":"<ol>\n<li><a href=\"https:\/\/news.google.com\/rss\/articles\/CBMipgFBVV95cUxPSV9oT0tXakM4RGRxS21neVpvalpXUUxPZ00wbmQ3QWFXdGp3M1ZSSWMtc0J3LWktbXpMdy0yQTJnWjZ3bFFkSkxGRDBWY1A5dUlYajJOVGRMTTRnamxENGVUcHJ5bFFtNUdrUlQ2MlZuVlF3NWNKN3dVa2pfenVqN1V3X3UwT2c5NndqaXdla01yZjNfT1kxdXBOd3hUUXY4djhrSGd3?oc=5\" target=\"_blank\" rel=\"nofollow noopener\">San\u010dess Seutas migrantu kr\u012bz\u0113 vaino Krieviju un Izra\u0113lu<\/a>&nbsp;&nbsp;DELFI<\/li>\n<li><a href=\"https:\/\/news.google.com\/rss\/articles\/CBMizAFBVV95cUxQRFZMR3FRUnlvQll5WUJXRkFFb29jd21VVmswaktoOTlBdkczVEdaZHFHMEtQUjRndE5rVThzVVZjN0VnZV9nM1IxR3o4MHUxdEFmNVd1ZDc0bDN4Z3U4QXU5aGY3U0JJQ0FDYk5iM2JJUEhtQzVGVnRHRkhpZVRDUFVqWXFwOGEzS0VhTUdrZVN2RHNYWWxtRFQtay1DRjZwT1R2VGs4SkMtekJyd1pPcF9BRkhYSVM2bEhCUzlIaG1kbk55YzFva0lVdTU?oc=5\" target=\"_blank\" rel=\"nofollow noopener\">Sp\u0101nijas premjers San\u010dess vaino Krieviju un Izra\u0113lu migrantu kr\u012bz\u0113 Seut\u0101 \/ Raksts<\/a>&nbsp;&nbsp;LSM<\/li>\n<li><a href=\"https:\/\/news.google.com\/rss\/articles\/CBMivAFBVV95cUxNQVpLaTlwbVBSejlYQm00bXR5N0V2TFk1VERjR0hWR1VIdnhkWW4xZG9Ud20ydE54WHZkT2k4Z1FSRllYR1l5MnYzLWpQaGRGWWVWWjUwT2FrdXhoM0NWbmNqUXBTcVhxeXRNdWd3QTBQckpaTm5xRnNRaWlkUmZZRWxwSnlxUHFrUERXZUl5LUs2TVZfNkViNlNhNVdZMktLUTV3MXdhejFKM0V1d0FCNVJxM2FORnlOTHg3UQ?oc=5\" target=\"_blank\" rel=\"nofollow noopener\">Sp\u0101nija l\u016bdz \u201cFrontex\u201d pal\u012bdz\u012bbu saist\u012bb\u0101 ar migr\u0101cijas kr\u012bzi Seut\u0101<\/a>&nbsp;&nbsp;liepajniekiem.lv<\/li>\n<li><a href=\"https:\/\/news.google.com\/rss\/articles\/CBMimwFBVV95cUxOTVJicUtSSkhOQ2tLcTZGRW1pNGxlNFZ2eGktRVNIYjNvWlVIU0ZhZTRodnM1WFg5REpuTE9lTjRuX1JYeFdlOFN6d0Nxa2NXUkFRSDZYYVBYUXQ3QVZlYU1reDB2XzhSSWFkUnFwRnBGLXBSWGJrakNRUm96SUYza1J2bTBvd3BCOXlnSkRNdDM2YnRBWU9pR0RLcw?oc=5\" target=\"_blank\" rel=\"nofollow noopener\">Sp\u0101nija aicina saglab\u0101t mieru p\u0113c protestiem pret migrantiem Seut\u0101<\/a>&nbsp;&nbsp;TVNET<\/li>\n<li><a href=\"https:\/\/news.google.com\/rss\/articles\/CBMiwwFBVV95cUxQVFZTamNqeTJPV2lfZmtzQ2xGcEFXTTNiUkZmbXViMTk3OE1ZY1FyX0x4OGNxOUhpRFBrOGJlVXYzbHBBckp2WWJPNmwtNXYwX1didVhiVTVJUk1wbVlRMXpXZ3FxanB0M1QxdU1SZVplNDI2NmRvSUh5ZEszOVVienFaaldVcnFGb0wxOW9ZN3BmZFI5cTFGS1p5QTIxUTZHMW51VzRiVEhGdW1ZQXltVUh4bHFlaEZZTWVaUmhlTS1wUTg?oc=5\" target=\"_blank\" rel=\"nofollow noopener\">Sp\u0101nija pl\u0101no pal\u012bdz\u012bbu migrantu kr\u012bzes skartajam Seutas ankl\u0101vam \/ Raksts<\/a>&nbsp;&nbsp;LSM<\/li>\n<\/ol>\n","protected":false},"excerpt":{"rendered":"San\u010dess Seutas migrantu kr\u012bz\u0113 vaino Krieviju un Izra\u0113lu&nbsp;&nbsp;DELFI Sp\u0101nijas premjers San\u010dess vaino Krieviju un Izra\u0113lu migrantu kr\u012bz\u0113 Seut\u0101&hellip;\n","protected":false},"author":2,"featured_media":281461,"comment_status":"","ping_status":"","sticky":false,"template":"","format":"standard","meta":{"footnotes":"","_share_on_mastodon":"0"},"categories":[5],"tags":[23,28,29,41345,32,33,22,493,234,30,31,35,39,38,36,37,34,40,20,26,27,1670,24,25,21],"class_list":["post-281460","post","type-post","status-publish","format-standard","has-post-thumbnail","category-aktualitates","tag-aktualitates","tag-breaking-news","tag-breakingnews","tag-enex","tag-featured-news","tag-featurednews","tag-headlines","tag-izraela","tag-krievija","tag-latest-news","tag-latestnews","tag-latvia","tag-latvian","tag-latviesu","tag-latviesu-valoda","tag-latviesuvaloda","tag-latvija","tag-lv","tag-news","tag-popularakas-zinas","tag-popularakaszinas","tag-spanija","tag-top-stories","tag-topstories","tag-zinas"],"share_on_mastodon":{"url":"https:\/\/pubeurope.com\/@lv\/117190809865845641","error":""},"_links":{"self":[{"href":"https:\/\/www.europesays.com\/lv\/wp-json\/wp\/v2\/posts\/281460","targetHints":{"allow":["GET"]}}],"collection":[{"href":"https:\/\/www.europesays.com\/lv\/wp-json\/wp\/v2\/posts"}],"about":[{"href":"https:\/\/www.europesays.com\/lv\/wp-json\/wp\/v2\/types\/post"}],"author":[{"embeddable":true,"href":"https:\/\/www.europesays.com\/lv\/wp-json\/wp\/v2\/users\/2"}],"replies":[{"embeddable":true,"href":"https:\/\/www.europesays.com\/lv\/wp-json\/wp\/v2\/comments?post=281460"}],"version-history":[{"count":0,"href":"https:\/\/www.europesays.com\/lv\/wp-json\/wp\/v2\/posts\/281460\/revisions"}],"wp:featuredmedia":[{"embeddable":true,"href":"https:\/\/www.europesays.com\/lv\/wp-json\/wp\/v2\/media\/281461"}],"wp:attachment":[{"href":"https:\/\/www.europesays.com\/lv\/wp-json\/wp\/v2\/media?parent=281460"}],"wp:term":[{"taxonomy":"category","embeddable":true,"href":"https:\/\/www.europesays.com\/lv\/wp-json\/wp\/v2\/categories?post=281460"},{"taxonomy":"post_tag","embeddable":true,"href":"https:\/\/www.europesays.com\/lv\/wp-json\/wp\/v2\/tags?post=281460"}],"curies":[{"name":"wp","href":"https:\/\/api.w.org\/{rel}","templated":true}]}}