{"id":281464,"date":"2026-08-31T15:26:12","date_gmt":"2026-08-31T15:26:12","guid":{"rendered":"https:\/\/www.europesays.com\/lv\/281464\/"},"modified":"2026-08-31T15:26:12","modified_gmt":"2026-08-31T15:26:12","slug":"italija-un-spanija-par-divam-nedelam-pagarina-savstarpejo-robezkontroli","status":"publish","type":"post","link":"https:\/\/www.europesays.com\/lv\/281464\/","title":{"rendered":"It\u0101lija un Sp\u0101nija par div\u0101m ned\u0113\u013c\u0101m pagarina savstarp\u0113jo robe\u017ekontroli"},"content":{"rendered":"<p>It\u0101lijas Iek\u0161lietu ministrija pazi\u0146ojum\u0101 nor\u0101d\u012bja, ka pagarin\u0101jums ir &#8220;saist\u012bts ar to nov\u0113rt\u0113to faktoru joproj\u0101m past\u0101vo\u0161o aktualit\u0101ti, kas lika ieviest \u0161os kontroles pas\u0101kumus 1. august\u0101&#8221;.<\/p>\n<p><a href=\"https:\/\/www.tvnet.lv\/term\/555428\/italija\" class=\"topicLink\" target=\"_blank\" rel=\"nofollow noopener\">It\u0101lija<\/a> nor\u0101d\u012bja, ka t\u0101 &#8220;\u0146em v\u0113r\u0101 iniciat\u012bvas, ko <a href=\"https:\/\/www.tvnet.lv\/term\/555457\/spanija\" class=\"topicLink\" target=\"_blank\" rel=\"nofollow noopener\">Sp\u0101nija<\/a> jau ir uzs\u0101kusi kop\u0101 ar Eiropas Savien\u012bbu (ES), lai situ\u0101cija \u0161aj\u0101 re\u0123ion\u0101 tuv\u0101kaj\u0101 n\u0101kotn\u0113 var\u0113tu normaliz\u0113ties&#8221;.<\/p>\n<p>Sp\u0101nijas Iek\u0161lietu ministrija, kas no 8. augusta uz vienu m\u0113nesi ieviesa robe\u017ekontroli ce\u013cot\u0101jiem, kuri ierodas no It\u0101lijas, atbild\u0113ja, pazi\u0146ojot par 15 dienu pagarin\u0101jumu.<\/p>\n<p>It\u0101lijai un Sp\u0101nijai nav kop\u012bgas sauszemes robe\u017eas, ta\u010du pasa\u017eieriem, kas ielido ar lidma\u0161\u012bn\u0101m, tagad j\u0101veic pasu kontrole, kas parasti netiek veikta, jo abas valstis ir \u0160engenas br\u012bv\u0101s p\u0101rvieto\u0161an\u0101s zonas dal\u012bbvalstis.<\/p>\n<p>Seuta neietilpst \u0160engenas zon\u0101. Visiem ce\u013cot\u0101jiem, kas turpina ce\u013cu uz Sp\u0101nijas pamatteritoriju, ir j\u0101iziet <a href=\"https:\/\/www.tvnet.lv\/term\/735358\/robezkontrole\" class=\"topicLink\" target=\"_blank\" rel=\"nofollow noopener\">robe\u017ekontrole<\/a>.<\/p>\n<p>30. un 31. j\u016blij\u0101 Seut\u0101 no Marokas ierad\u0101s vair\u0101k nek\u0101 70 000 neleg\u0101lo imigrantu.<\/p>\n<p>It\u0101lijas premjerministre D\u017eord\u017ea Meloni bija viena no ES l\u012bderiem, kas aicin\u0101ja aptur\u0113t Sp\u0101nijas dal\u012bbu \u0160engenas zon\u0101.<\/p>\n<p>Sp\u0101nijas premjerministrs Pedro San\u010dess pirmdien pazi\u0146oja, ka migrantu piepl\u016bdums joproj\u0101m tiek izmekl\u0113ts, tom\u0113r vi\u0146\u0161 noraid\u012bja jebk\u0101du Marokas iest\u0101\u017eu atbild\u012bbu.<\/p>\n<p>Lai gan liel\u0101k\u0101 da\u013ca migrantu da\u017eu stundu laik\u0101 atgriez\u0101s Marok\u0101, t\u016bksto\u0161iem joproj\u0101m atrodas Seut\u0101, kl\u012bst pils\u0113tas iel\u0101s un nak\u0161\u0146o pludmal\u0113s.<\/p>\n","protected":false},"excerpt":{"rendered":"It\u0101lijas Iek\u0161lietu ministrija pazi\u0146ojum\u0101 nor\u0101d\u012bja, ka pagarin\u0101jums ir &#8220;saist\u012bts ar to nov\u0113rt\u0113to faktoru joproj\u0101m past\u0101vo\u0161o aktualit\u0101ti, kas lika&hellip;\n","protected":false},"author":2,"featured_media":281465,"comment_status":"","ping_status":"","sticky":false,"template":"","format":"standard","meta":{"footnotes":"","_share_on_mastodon":"0"},"categories":[14],"tags":[23,57,28,29,32,33,22,2316,30,31,35,39,38,36,37,34,40,7958,20,26,27,6191,1670,24,25,54,55,56,21,58],"class_list":["post-281464","post","type-post","status-publish","format-standard","has-post-thumbnail","category-zinas-no-arvalstim","tag-aktualitates","tag-arvalstim","tag-breaking-news","tag-breakingnews","tag-featured-news","tag-featurednews","tag-headlines","tag-italija","tag-latest-news","tag-latestnews","tag-latvia","tag-latvian","tag-latviesu","tag-latviesu-valoda","tag-latviesuvaloda","tag-latvija","tag-lv","tag-nelegala-migracija","tag-news","tag-popularakas-zinas","tag-popularakaszinas","tag-robezkontrole","tag-spanija","tag-top-stories","tag-topstories","tag-world","tag-world-news","tag-worldnews","tag-zinas","tag-zinas-no-arvalstim"],"share_on_mastodon":{"url":"https:\/\/pubeurope.com\/@lv\/117190825233531064","error":""},"_links":{"self":[{"href":"https:\/\/www.europesays.com\/lv\/wp-json\/wp\/v2\/posts\/281464","targetHints":{"allow":["GET"]}}],"collection":[{"href":"https:\/\/www.europesays.com\/lv\/wp-json\/wp\/v2\/posts"}],"about":[{"href":"https:\/\/www.europesays.com\/lv\/wp-json\/wp\/v2\/types\/post"}],"author":[{"embeddable":true,"href":"https:\/\/www.europesays.com\/lv\/wp-json\/wp\/v2\/users\/2"}],"replies":[{"embeddable":true,"href":"https:\/\/www.europesays.com\/lv\/wp-json\/wp\/v2\/comments?post=281464"}],"version-history":[{"count":0,"href":"https:\/\/www.europesays.com\/lv\/wp-json\/wp\/v2\/posts\/281464\/revisions"}],"wp:featuredmedia":[{"embeddable":true,"href":"https:\/\/www.europesays.com\/lv\/wp-json\/wp\/v2\/media\/281465"}],"wp:attachment":[{"href":"https:\/\/www.europesays.com\/lv\/wp-json\/wp\/v2\/media?parent=281464"}],"wp:term":[{"taxonomy":"category","embeddable":true,"href":"https:\/\/www.europesays.com\/lv\/wp-json\/wp\/v2\/categories?post=281464"},{"taxonomy":"post_tag","embeddable":true,"href":"https:\/\/www.europesays.com\/lv\/wp-json\/wp\/v2\/tags?post=281464"}],"curies":[{"name":"wp","href":"https:\/\/api.w.org\/{rel}","templated":true}]}}