{"id":281474,"date":"2026-08-31T15:36:16","date_gmt":"2026-08-31T15:36:16","guid":{"rendered":"https:\/\/www.europesays.com\/lv\/281474\/"},"modified":"2026-08-31T15:36:16","modified_gmt":"2026-08-31T15:36:16","slug":"iluzioniste-pecolli-nepala-pazudusas-latvietes-vardos-saskatijusi-ko-zimigu-santa-2","status":"publish","type":"post","link":"https:\/\/www.europesays.com\/lv\/281474\/","title":{"rendered":"Iluzioniste Pecolli Nep\u0101l\u0101 pazudu\u0161\u0101s latvietes v\u0101rdos saskat\u012bjusi ko z\u012bm\u012bgu \u2014 Santa"},"content":{"rendered":"<p>\u00ab\u0160o video gribu velt\u012bt Ingai Veisai. Vi\u0146a ir viena no sv\u0113tce\u013cot\u0101ju grupas, kura ir pazudusi. Es gribu parun\u0101t par z\u012bm\u0113m, kas man nolas\u0101s. Es nezinu, vai j\u016bs ticat dv\u0113seles priek\u0161nojautai \u2013 t\u0101s zin\u0101\u0161anai par savu ejamo ce\u013cu,\u00bb\u00a0soci\u0101lajos t\u012bklos v\u0113sta\u00a0Pecolli. Vi\u0146a dal\u012bjusies ar Ingas 7. august\u0101 Facebook public\u0113to ierakstu, kas tapis dienu pirms do\u0161an\u0101s ce\u013c\u0101. \u00abLasot gandr\u012bz vai pie katras rindi\u0146as, man liekas \u2013 t\u0101s izklaus\u0101s p\u0113c dv\u0113seles priek\u0161nojaut\u0101m,\u00bb atz\u012bst iluzioniste. Pecolli atminas, ka Inga \u0161im ce\u013cojumam \u013coti gatavojusies un uzskat\u012bjusi to par \u012bpa\u0161i noz\u012bm\u012bgu notikumu sav\u0101 dz\u012bv\u0113.<\/p>\n<p>Sav\u0101 Facebook ierakst\u0101 Inga rakst\u012bja, ka august\u0101, sav\u0101 dzim\u0161anas dienas m\u0113nes\u012b, j\u016btas t\u0101, it k\u0101 st\u0101v\u0113tu uz jauna sliek\u0161\u0146a. Kop\u0161 vi\u0146as pirm\u0101 liel\u0101 sv\u0113tce\u013cojuma \u2013 Santjago ce\u013ca \u2013 bija pag\u0101ju\u0161i 12 gadi. \u00abAtskatoties uz \u0161o laiku, man arvien vair\u0101k \u0161\u0137iet, ka nekas man\u0101 dz\u012bv\u0113 nav bijis nejau\u0161s. Katrs notikums, katra satik\u0161an\u0101s, katra atzi\u0146a, katra p\u0101rvar\u0113t\u0101 gr\u016bt\u012bba un reize, kad n\u0101cies izk\u0101pt no ierast\u0101, mani kaut k\u0101d\u0101 veid\u0101 ir gatavojusi \u0161im br\u012bdim.<\/p>\n<blockquote><p>&#13;<\/p>\n<p>K\u0101 mazi strauti\u0146i un up\u012btes pamaz\u0101m sapl\u016bst vien\u0101 liel\u0101 up\u0113 un aizpl\u016bst l\u012bdz j\u016brai, t\u0101 ar\u012b mani dz\u012bves notikumi ir pl\u016bdu\u0161i uz \u0161o vietu un \u0161o laiku,\u00bb<\/p>\n<p>&#13;\n<\/p><\/blockquote>\n<p>pirms do\u0161an\u0101s ce\u013c\u0101 rakst\u012bja Inga.\u00a0Tie\u0161i \u0161ie v\u0101rdi tagad \u012bpa\u0161i uzrun\u0101ju\u0161i Pecolli. \u00abVi\u0146a \u0161im \u013coti, \u013coti gatavoj\u0101s. Vi\u0146a zin\u0101ja, ka \u0161is b\u016bs \u013coti, \u013coti noz\u012bm\u012bgs notikums vi\u0146as dz\u012bv\u0113,\u00bb p\u0101rdom\u0101s dal\u0101s iluzioniste.<\/p>\n<p>\u00a0<\/p>\n<p>Pecolli uzman\u012bbu piesaist\u012bjis ar\u012b tas, ko Inga rakst\u012bja par 24. augustu \u2013 savu 60. dzim\u0161anas dienu, kad bija paredz\u0113ts nosl\u0113gt vi\u0146as g\u0101jienu apk\u0101rt Kaila\u0161a kalnam. \u00abMan ir saj\u016bta, ka taj\u0101 dien\u0101 es ne tikai pabeig\u0161u k\u0101du ce\u013cu kaln\u0101.<\/p>\n<blockquote><p>&#13;<\/p>\n<p>Es aizv\u0113r\u0161u vienas savas dz\u012bves desmitgades durvis un ieie\u0161u n\u0101kamaj\u0101 \u2013 cit\u0101 iek\u0161\u0113j\u0101 telp\u0101, cit\u0101 saj\u016bt\u0101, varb\u016bt pat cit\u0101 realit\u0101t\u0113.\u00bb <\/p>\n<p>&#13;\n<\/p><\/blockquote>\n<p>Tie\u0161i 24. august\u0101 re\u0123ionu sk\u0101ra posto\u0161ie pl\u016bdi, p\u0113c kuriem Inga kop\u0101 ar citiem sv\u0113tce\u013cot\u0101jiem pazuda bez v\u0113sts. \u00abIedom\u0101jieties, vi\u0146a to raksta iepriek\u0161, pirms brauk\u0161anas,\u00bb saka Pecolli.<\/p>\n<p>Abas sievietes biju\u0161as paz\u012bstamas vair\u0101kus gadus, vi\u0146\u0101m ir kop\u012bga draudzene un abas tiku\u0161\u0101s da\u017e\u0101dos pas\u0101kumos. \u00abMan \u013coti pat\u012bkami vienm\u0113r bija ar Ingu komunic\u0113t,\u00bb atminas Pecolli. Video iluzioniste par godu Ingai t\u0113rpusies sarkan\u0101 kleit\u0101. \u00abVi\u0146ai sarkan\u0101 kr\u0101sa ir \u013coti m\u012b\u013ca,\u00bb paskaidro Dace. Iluzioniste Ingu raksturo k\u0101 \u013coti skaistu un sievi\u0161\u0137\u012bgu sievieti, kura alla\u017e bijusi saposusies. \u00abVi\u0146a vienm\u0113r uzkr\u0101soja l\u016bpas un skaisti izskat\u012bj\u0101s. T\u0101p\u0113c ar\u012b es \u0161odien sapuc\u0113jos,\u00bb st\u0101sta Dace.<\/p>\n<p>P\u0113d\u0113j\u0101 abu tik\u0161an\u0101s reiz\u0113 Inga daudz st\u0101st\u012bjusi par gaid\u0101mo ce\u013cojumu. \u00abVi\u0146a teica, ka \u013coti, \u013coti gaida \u0161o \u012bpa\u0161o braucienu. Inga man teica: \u00abEs zinu, ka man tas b\u016bs \u013coti \u012bpa\u0161s. Es nezinu, k\u0101 es tur nok\u013c\u016b\u0161u. Es nezinu, k\u0101 es finansi\u0101li to visu atrisin\u0101\u0161u, jo tas, protams, ir d\u0101rgs ce\u013cojums. Bet es zinu, ka man tur ir j\u0101b\u016bt,\u00bb,\u00bb atminas Pecolli. Vi\u0146a priec\u0101jusies kop\u0101 ar pazi\u0146u, jo redz\u0113jusi, cik daudz \u0161is ce\u013cojums vi\u0146ai noz\u012bm\u0113.<\/p>\n<blockquote><p>&#13;<\/p>\n<p>\u00abEs redz\u0113ju Ingas prieku par to, ka vi\u0146a realiz\u0113 savu sapni. Savu dv\u0113seles aicin\u0101jumu,\u00bb saka iluzioniste.<\/p>\n<p>&#13;\n<\/p><\/blockquote>\n<p>Ta\u010du \u012bpa\u0161i spilgti Dacei atmi\u0146\u0101 palikusi k\u0101da pavisam ikdieni\u0161\u0137a epizode no abu p\u0113d\u0113j\u0101s tik\u0161an\u0101s. Abas mieloju\u0161\u0101s ar k\u016bku, un Pecolli iev\u0113rojusi, ka Inga izv\u0113l\u0113jusies pr\u0101vu gabalu. \u00abEs saku: \u00abInga, tu ta\u010du esi tik slaida un skaista. Tu tie\u0161\u0101m visu \u0161o k\u016bkas gabalu ap\u0113d\u012bsi?\u00bb Jo es pa\u0146\u0113mu mazi\u0146u gabali\u0146u,\u00bb \u00a0atminas Pecolli, kura nesl\u0113pj \u2013 iemesls tam bijusi v\u0113lme k\u013c\u016bt nedaudz slaid\u0101kai. Ingas atbilde tagad iluzionistes atmi\u0146\u0101 ieguvusi \u012bpa\u0161u noz\u012bmi. \u00abInga toreiz uz mani paskat\u012bj\u0101s un teica: \u00abZini, Dac\u012bt, es pa\u0146em\u0161u v\u0113l ar\u012b otru lielo k\u016bkas gabalu. Jo es gribu svin\u0113t dz\u012bvi.\u00bb Taj\u0101 br\u012bd\u012b es pasmaid\u012bju. \u0160\u012b bija m\u016bsu p\u0113d\u0113j\u0101 saruna,\u00bb atkl\u0101j Pecolli un video nosl\u0113dz ar aicin\u0101jumu: \u00abM\u012b\u013cie, sviniet dz\u012bvi.\u00bb<\/p>\n<p>        <img decoding=\"async\" class=\"no-convert\" alt=\"\" data-init=\"lazy-image\" src=\"https:\/\/www.europesays.com\/lv\/wp-content\/uploads\/2026\/08\/1788190574_313_b56b0c015ffb.jpg\"\/><a target=\"_self\" href=\"https:\/\/www.santa.lv\/raksts\/privatadzive\/mes-gimenes-dzivojam-nezina-ella-ludz-palidzibu-brala-un-citu-nepalas-tragedija-pazuduso-latviesu-meklejumos-85005\/\" aria-label=\"\u00abM\u0113s, \u0123imenes, dz\u012bvojam nezi\u0146\u0101\u2026\u00bb Ella l\u016bdz pal\u012bdz\u012bbu br\u0101\u013ca un citu Nep\u0101las tra\u0123\u0113dij\u0101 pazudu\u0161o latvie\u0161u mekl\u0113jumos\" rel=\"nofollow noopener\"><\/p>\n<p>Marta Kalni\u0146a-Avoti\u0146a<\/p>\n<p><img decoding=\"async\" class=\"no-convert\" alt=\"\" data-init=\"lazy-image\" src=\"https:\/\/www.europesays.com\/lv\/wp-content\/uploads\/2026\/08\/1788190575_866_527fe44425b0.jpg\"\/><a target=\"_self\" href=\"https:\/\/www.santa.lv\/raksts\/privatadzive\/palidziet-mums-nogadat-vinus-majas-ella-ludz-par-nepalas-tragedija-pazuduso-brali-84973\/\" aria-label=\"\u00abPal\u012bdziet mums nog\u0101d\u0101t vi\u0146us m\u0101j\u0101s!\u00bb Ella l\u016bdz par Nep\u0101las tra\u0123\u0113dij\u0101 pazudu\u0161o br\u0101li\" rel=\"nofollow noopener\"><\/p>\n<p>Marta Kalni\u0146a-Avoti\u0146a<\/p>\n<p><img decoding=\"async\" class=\"no-convert\" alt=\"\" data-init=\"lazy-image\" src=\"https:\/\/www.europesays.com\/lv\/wp-content\/uploads\/2026\/08\/1788190576_709_30ae5ef4e49a.jpg\"\/><a target=\"_self\" href=\"https:\/\/www.santa.lv\/raksts\/privatadzive\/martinam-prieksa-ilgs-un-smags-cels.-ludz-palidzet-denali-kalna-tragedija-izdzivojusajam-latvietim-83395\/\" aria-label=\"M\u0101rti\u0146am priek\u0161\u0101 ilgs un smags ce\u013c\u0161. L\u016bdz pal\u012bdz\u0113t Denali kalna tra\u0123\u0113dij\u0101 izdz\u012bvoju\u0161ajam latvietim\" rel=\"nofollow noopener\">    <\/p>\n<p>\u00a0<\/p>\n<p>\t\t\t\t\t\t\tPadalies ar draugiem<\/p>\n","protected":false},"excerpt":{"rendered":"\u00ab\u0160o video gribu velt\u012bt Ingai Veisai. Vi\u0146a ir viena no sv\u0113tce\u013cot\u0101ju grupas, kura ir pazudusi. Es gribu parun\u0101t&hellip;\n","protected":false},"author":2,"featured_media":281475,"comment_status":"","ping_status":"","sticky":false,"template":"","format":"standard","meta":{"footnotes":"","_share_on_mastodon":"0"},"categories":[19],"tags":[89,90,35,39,38,36,37,34,40],"class_list":["post-281474","post","type-post","status-publish","format-standard","has-post-thumbnail","category-izklaide","tag-entertainment","tag-izklaide","tag-latvia","tag-latvian","tag-latviesu","tag-latviesu-valoda","tag-latviesuvaloda","tag-latvija","tag-lv"],"share_on_mastodon":{"url":"https:\/\/pubeurope.com\/@lv\/117190865132084958","error":""},"_links":{"self":[{"href":"https:\/\/www.europesays.com\/lv\/wp-json\/wp\/v2\/posts\/281474","targetHints":{"allow":["GET"]}}],"collection":[{"href":"https:\/\/www.europesays.com\/lv\/wp-json\/wp\/v2\/posts"}],"about":[{"href":"https:\/\/www.europesays.com\/lv\/wp-json\/wp\/v2\/types\/post"}],"author":[{"embeddable":true,"href":"https:\/\/www.europesays.com\/lv\/wp-json\/wp\/v2\/users\/2"}],"replies":[{"embeddable":true,"href":"https:\/\/www.europesays.com\/lv\/wp-json\/wp\/v2\/comments?post=281474"}],"version-history":[{"count":0,"href":"https:\/\/www.europesays.com\/lv\/wp-json\/wp\/v2\/posts\/281474\/revisions"}],"wp:featuredmedia":[{"embeddable":true,"href":"https:\/\/www.europesays.com\/lv\/wp-json\/wp\/v2\/media\/281475"}],"wp:attachment":[{"href":"https:\/\/www.europesays.com\/lv\/wp-json\/wp\/v2\/media?parent=281474"}],"wp:term":[{"taxonomy":"category","embeddable":true,"href":"https:\/\/www.europesays.com\/lv\/wp-json\/wp\/v2\/categories?post=281474"},{"taxonomy":"post_tag","embeddable":true,"href":"https:\/\/www.europesays.com\/lv\/wp-json\/wp\/v2\/tags?post=281474"}],"curies":[{"name":"wp","href":"https:\/\/api.w.org\/{rel}","templated":true}]}}