{"id":281514,"date":"2026-08-31T16:37:11","date_gmt":"2026-08-31T16:37:11","guid":{"rendered":"https:\/\/www.europesays.com\/lv\/281514\/"},"modified":"2026-08-31T16:37:11","modified_gmt":"2026-08-31T16:37:11","slug":"ventspils-uzbrukuma-liniju-papildina-lietuva-spelejis-amerikanis-basketbols-sportacentrs-com","status":"publish","type":"post","link":"https:\/\/www.europesays.com\/lv\/281514\/","title":{"rendered":"&quot;Ventspils&quot; uzbrukuma l\u012bniju papildina Lietuv\u0101 sp\u0113l\u0113jis amerik\u0101nis \u2013 Basketbols &#8211; Sportacentrs.com"},"content":{"rendered":"<ol>\n<li><a href=\"https:\/\/news.google.com\/rss\/articles\/CBMilAFBVV95cUxQellPYjRBU21oR0daNnpDZDU0WDF4WWVPaHdSN1FUUzZVUi1ZR2tZOEdabzNJaUdUck1mWU1Fam9UU2U2eDVUdU56ZEZldnpuYXB2dVhQbFQ5a0NNTU9jNVRHdlE4UFhWSjBJcjVodUtsN2JLT0w1WHpwaHI5ZHRwSGtpenQ1bmhRWC0zMzNDUUYyUmNH?oc=5\" target=\"_blank\" rel=\"nofollow noopener\">&#8220;Ventspils&#8221; uzbrukuma l\u012bniju papildina Lietuv\u0101 sp\u0113l\u0113jis amerik\u0101nis \u2013 Basketbols<\/a>&nbsp;&nbsp;Sportacentrs.com<\/li>\n<li><a href=\"https:\/\/news.google.com\/rss\/articles\/CBMinAFBVV95cUxPMDhvMnl2NW1NM09KQkJHZF9rVmlVQzFwZXYyQk1WZzhiVk81bnV3TDhiWktYMnhPeHgwNlc3M3BVUXcyVGVFaDQxVDFrZm96UHhnVFlHZWo5aFN3eVdqZHpnaUlCZEpiejRZYzJwUEVoLVNWNFJ3MTRwQnE5ZUVFSkIydEdQeklUWUFQWC1XT2FuWld3SWxTYkR4cFo?oc=5\" target=\"_blank\" rel=\"nofollow noopener\">Ar\u012b \u201cVentspils\u2019 pirmssezonas ciklu s\u0101k ar zaud\u0113jumu Lietuvas komandai<\/a>&nbsp;&nbsp;Sportazinas.com<\/li>\n<li><a href=\"https:\/\/news.google.com\/rss\/articles\/CBMiqAFBVV95cUxNT1RQeWRSeXhxVjhfX0V0N01nWmRyODB1MzF3UkE1MjE3b0hxRWN1NnZibjlweV9xVURJcE15X0Z3OVZnaTNnck9Mb1RMUTA2TGhZYnhIc1BDWUdSdlE3Y1liNlBRRk9KRHA2cWxjZkNUa1d6ZEppZXVxNEw0dTMxVGprRUlVYUE0UExzMllzZWVKY3pGWm9tNmZ3dVJSTUhpX3BBZ3hJZVQ?oc=5\" target=\"_blank\" rel=\"nofollow noopener\">&#8220;Ventspils&#8221; piek\u0101pjas Lietuvas komandai &#8220;Garg\u017edai&#8221; p\u0101rbaudes sp\u0113l\u0113<\/a>&nbsp;&nbsp;Lente.lv<\/li>\n<li><a href=\"https:\/\/news.google.com\/rss\/articles\/CBMinwFBVV95cUxQMDZnLS1EdUE0aV9VREJVM2d1eWdHY2NPRHlBVUVQSExQY3AwSzE0LTZJU2RRcDRZdUxCNU1RelFuM3o2SzhoZ2hVTTNCOEszQkNpdmYyMnNXQnE5bk1XWFRjSEFQV0s1TUhvNkI5aDFXSGVwMFI0Q284UzYxZl9aaV9UYlZuakhJVjRFRVBURFBxSGplNlVoY3BCYmlZX0U?oc=5\" target=\"_blank\" rel=\"nofollow noopener\">&#8220;Ventspils&#8221; komandai zaud\u0113jums pirmaj\u0101 p\u0101rbaudes sp\u0113l\u0113<\/a>&nbsp;&nbsp;Ventas Balss<\/li>\n<li><a href=\"https:\/\/news.google.com\/rss\/articles\/CBMilAFBVV95cUxPUzY4bDlkSERsWWR5RzJRVzM2bEszRm9NeGhiYUYtV001cDk1aEdCU1ZHcXMxOHhjcGY2a1BoSUdwYlN2VE5fOVpMaTBnbHlERFE0TERPanRnVkNBV0hEcVF0WXVxdzRmMXVrdkkwNXFGeWRHUmFZWVY2cTF4WmNnVWVTck1EWGY0SnFVWnBWS2o4c2tW?oc=5\" target=\"_blank\" rel=\"nofollow noopener\">&#8220;Ventspils&#8221; augusta beig\u0101s lei\u0161u tempam l\u012bdzi netur \u2013 Basketbols<\/a>&nbsp;&nbsp;Sportacentrs.com<\/li>\n<\/ol>\n","protected":false},"excerpt":{"rendered":"&#8220;Ventspils&#8221; uzbrukuma l\u012bniju papildina Lietuv\u0101 sp\u0113l\u0113jis amerik\u0101nis \u2013 Basketbols&nbsp;&nbsp;Sportacentrs.com Ar\u012b \u201cVentspils\u2019 pirmssezonas ciklu s\u0101k ar zaud\u0113jumu Lietuvas komandai&nbsp;&nbsp;Sportazinas.com&hellip;\n","protected":false},"author":2,"featured_media":281515,"comment_status":"","ping_status":"","sticky":false,"template":"","format":"standard","meta":{"footnotes":"","_share_on_mastodon":"0"},"categories":[5],"tags":[23,145,28,29,32,33,22,30,31,35,39,38,36,37,34,1313,1314,1312,40,20,26,27,24,25,21],"class_list":["post-281514","post","type-post","status-publish","format-standard","has-post-thumbnail","category-aktualitates","tag-aktualitates","tag-basketbols","tag-breaking-news","tag-breakingnews","tag-featured-news","tag-featurednews","tag-headlines","tag-latest-news","tag-latestnews","tag-latvia","tag-latvian","tag-latviesu","tag-latviesu-valoda","tag-latviesuvaloda","tag-latvija","tag-latvijas-basketbola-liga","tag-latvijas-basketbols","tag-lbl","tag-lv","tag-news","tag-popularakas-zinas","tag-popularakaszinas","tag-top-stories","tag-topstories","tag-zinas"],"share_on_mastodon":{"url":"https:\/\/pubeurope.com\/@lv\/117191104711859813","error":""},"_links":{"self":[{"href":"https:\/\/www.europesays.com\/lv\/wp-json\/wp\/v2\/posts\/281514","targetHints":{"allow":["GET"]}}],"collection":[{"href":"https:\/\/www.europesays.com\/lv\/wp-json\/wp\/v2\/posts"}],"about":[{"href":"https:\/\/www.europesays.com\/lv\/wp-json\/wp\/v2\/types\/post"}],"author":[{"embeddable":true,"href":"https:\/\/www.europesays.com\/lv\/wp-json\/wp\/v2\/users\/2"}],"replies":[{"embeddable":true,"href":"https:\/\/www.europesays.com\/lv\/wp-json\/wp\/v2\/comments?post=281514"}],"version-history":[{"count":0,"href":"https:\/\/www.europesays.com\/lv\/wp-json\/wp\/v2\/posts\/281514\/revisions"}],"wp:featuredmedia":[{"embeddable":true,"href":"https:\/\/www.europesays.com\/lv\/wp-json\/wp\/v2\/media\/281515"}],"wp:attachment":[{"href":"https:\/\/www.europesays.com\/lv\/wp-json\/wp\/v2\/media?parent=281514"}],"wp:term":[{"taxonomy":"category","embeddable":true,"href":"https:\/\/www.europesays.com\/lv\/wp-json\/wp\/v2\/categories?post=281514"},{"taxonomy":"post_tag","embeddable":true,"href":"https:\/\/www.europesays.com\/lv\/wp-json\/wp\/v2\/tags?post=281514"}],"curies":[{"name":"wp","href":"https:\/\/api.w.org\/{rel}","templated":true}]}}