{"id":281516,"date":"2026-08-31T16:38:24","date_gmt":"2026-08-31T16:38:24","guid":{"rendered":"https:\/\/www.europesays.com\/lv\/281516\/"},"modified":"2026-08-31T16:38:24","modified_gmt":"2026-08-31T16:38:24","slug":"dzinsi-ieslucenes-un-perfekts-pedikirs-sie-nagu-lakas-toni-bus-rudens-favoriti","status":"publish","type":"post","link":"https:\/\/www.europesays.com\/lv\/281516\/","title":{"rendered":"D\u017einsi, ie\u0161\u013c\u016bcenes un perfekts pedik\u012brs: \u0161ie nagu lakas to\u0146i b\u016bs rudens favor\u012bti"},"content":{"rendered":"<p>Diem\u017e\u0113l rudens atn\u0101k \u0101tr\u0101k, nek\u0101 m\u0113s to grib\u0113tu. Tom\u0113r tas uzreiz nenoz\u012bm\u0113, ka silto dienu vairs pavisam neb\u016bs, ta\u010du par rudens garderobi ir j\u0101s\u0101k dom\u0101t laikus. Lab\u0101 zi\u0146a? Iedvesma sezonas p\u0101rejas garderobei ir lab\u0101ka nek\u0101 jebkad agr\u0101k. Viena no tendenc\u0113m \u2013 d\u017einsu bikses apvienojum\u0101 ar \u0113rt\u0101m ie\u0161\u013c\u016bcen\u0113m \u2013 b\u016bs mod\u0113 ar\u012b \u0161aj\u0101 ruden\u012b. Un vai zini, ko tas noz\u012bm\u0113 v\u0113l? Ja velc ie\u0161\u013c\u016bcenes, j\u0101dom\u0101 ar\u012b par pedik\u012bru, un \u0161oruden nagu lakas to\u0146i ir patie\u0161\u0101m p\u0101rsteidzo\u0161i \u2013 atliek tikai izv\u0113l\u0113ties to, kas uzrun\u0101 tie\u0161i tevi.<\/p>\n","protected":false},"excerpt":{"rendered":"Diem\u017e\u0113l rudens atn\u0101k \u0101tr\u0101k, nek\u0101 m\u0113s to grib\u0113tu. Tom\u0113r tas uzreiz nenoz\u012bm\u0113, ka silto dienu vairs pavisam neb\u016bs,&hellip;\n","protected":false},"author":2,"featured_media":281517,"comment_status":"","ping_status":"","sticky":false,"template":"","format":"standard","meta":{"footnotes":"","_share_on_mastodon":"0"},"categories":[19],"tags":[89,90,35,39,38,36,37,34,40,3058,155],"class_list":["post-281516","post","type-post","status-publish","format-standard","has-post-thumbnail","category-izklaide","tag-entertainment","tag-izklaide","tag-latvia","tag-latvian","tag-latviesu","tag-latviesu-valoda","tag-latviesuvaloda","tag-latvija","tag-lv","tag-modes-tendences","tag-rudens"],"share_on_mastodon":{"url":"https:\/\/pubeurope.com\/@lv\/117191108650173255","error":""},"_links":{"self":[{"href":"https:\/\/www.europesays.com\/lv\/wp-json\/wp\/v2\/posts\/281516","targetHints":{"allow":["GET"]}}],"collection":[{"href":"https:\/\/www.europesays.com\/lv\/wp-json\/wp\/v2\/posts"}],"about":[{"href":"https:\/\/www.europesays.com\/lv\/wp-json\/wp\/v2\/types\/post"}],"author":[{"embeddable":true,"href":"https:\/\/www.europesays.com\/lv\/wp-json\/wp\/v2\/users\/2"}],"replies":[{"embeddable":true,"href":"https:\/\/www.europesays.com\/lv\/wp-json\/wp\/v2\/comments?post=281516"}],"version-history":[{"count":0,"href":"https:\/\/www.europesays.com\/lv\/wp-json\/wp\/v2\/posts\/281516\/revisions"}],"wp:featuredmedia":[{"embeddable":true,"href":"https:\/\/www.europesays.com\/lv\/wp-json\/wp\/v2\/media\/281517"}],"wp:attachment":[{"href":"https:\/\/www.europesays.com\/lv\/wp-json\/wp\/v2\/media?parent=281516"}],"wp:term":[{"taxonomy":"category","embeddable":true,"href":"https:\/\/www.europesays.com\/lv\/wp-json\/wp\/v2\/categories?post=281516"},{"taxonomy":"post_tag","embeddable":true,"href":"https:\/\/www.europesays.com\/lv\/wp-json\/wp\/v2\/tags?post=281516"}],"curies":[{"name":"wp","href":"https:\/\/api.w.org\/{rel}","templated":true}]}}