{"id":281542,"date":"2026-08-31T17:14:14","date_gmt":"2026-08-31T17:14:14","guid":{"rendered":"https:\/\/www.europesays.com\/lv\/281542\/"},"modified":"2026-08-31T17:14:14","modified_gmt":"2026-08-31T17:14:14","slug":"paukstello-atklaj-mazak-zinamu-savas-dzives-skautni","status":"publish","type":"post","link":"https:\/\/www.europesays.com\/lv\/281542\/","title":{"rendered":"Pauk\u0161tello atkl\u0101j maz\u0101k zin\u0101mu savas dz\u012bves \u0161\u0137autni"},"content":{"rendered":"<p class=\"lead\">\n                                    360TV \u0161ov\u0101 \u201cSlaven\u012bbas. Bez filtra\u201d aktieris un dzied\u0101t\u0101js J\u0101nis Pauk\u0161tello, kur\u0161 \u0161opavasar nosvin\u0113ja 75. jubileju, sarun\u0101 ar kol\u0113\u0123i Andri Buli atkl\u0101j k\u0101du maz\u0101k zin\u0101mu savas dz\u012bves noda\u013cu. Lai gan pla\u0161\u0101kai publikai vi\u0146\u0161 paz\u012bstams galvenok\u0101rt ar darbu uz skatuves un ekr\u0101na, izr\u0101d\u0101s, Pauk\u0161tello savulaik bijis iesaist\u012bts ar\u012b nekustamo \u012bpa\u0161umu biznes\u0101.\n                                <\/p>\n<p>Run\u0101jot par savu profesion\u0101lo ce\u013cu, aktieris atkl\u0101j, ka dz\u012bv\u0113 nav aprobe\u017eojies tikai ar m\u0101kslu. Vi\u0146am bijusi pa\u0161am sava firma, un k\u0101du laiku Pauk\u0161tello nopietni darbojies ar nekustamajiem \u012bpa\u0161umiem.<\/p>\n<p>\u201cZini, es esmu nodarbojies ar nopietn\u0101m liet\u0101m. Man bija firma, ar \u012bpa\u0161umiem es nodarbojos,\u201d atkl\u0101j Pauk\u0161tello.<\/p>\n<p>\u0160is fakts p\u0101rsteidz ar\u012b Andri Buli, jo aktiera publiskais t\u0113ls liel\u0101koties saist\u0101s ar te\u0101tri, kino un m\u016bziku. Ta\u010du Pauk\u0161tello atz\u012bst, ka vi\u0146am vienm\u0113r labi padevusies matem\u0101tika un interese par praktisk\u0101m liet\u0101m nav bijusi sve\u0161a.<\/p>\n<p>Sarun\u0101 abi pieskaras ar\u012b Pauk\u0161tello dzimtas v\u0113sturei. Aktieris st\u0101sta, ka vi\u0146a dzimtas saknes izp\u0113t\u012btas vair\u0101ku gadsimtu garum\u0101, bet pa\u0161a uzv\u0101rda noz\u012bme saist\u012bta ar putnu.<\/p>\n<p>\u201cPauk\u0161tello un Pauk\u0161telis. Zini, kas ir Pauk\u0161telis? [..] Putni\u0146\u0161.\u201d<\/p>\n<p>Putna mot\u012bvs izmantots ar\u012b vi\u0146a dzimtas karog\u0101, kur att\u0113loti \u010detri putni\u0146i l\u012bdz\u0101s Latvijas karogam.<\/p>\n<p>VIDEO:<\/p>\n<p class=\"paragraph-muted\">Izv\u0113lies savu soct\u012bklu platformu, lai sekotu LASI.LV: <a href=\"https:\/\/www.facebook.com\/portals.lasi.lv\" target=\"_blank\" rel=\"noopener noreferrer nofollow\">Facebook<\/a>, <a href=\"https:\/\/twitter.com\/lasilvportals\" target=\"_blank\" rel=\"noopener noreferrer nofollow\">X<\/a>, <a href=\"https:\/\/bsky.app\/profile\/lasilv.bsky.social\" target=\"_blank\" rel=\"noopener noreferrer nofollow\">Bluesky<\/a>, <a href=\"https:\/\/www.draugiem.lv\/lasilv\/?pg=4\" target=\"_blank\" rel=\"noopener noreferrer nofollow\">Draugiem<\/a>, <a href=\"https:\/\/www.threads.com\/@lasilv_zinas\" rel=\"nofollow noopener\" target=\"_blank\">Threads<\/a> vai ar\u012b <a href=\"https:\/\/www.instagram.com\/lasilv_zinas\/\" target=\"_blank\" rel=\"noopener noreferrer nofollow\">Instagram<\/a>. Pievienojies m\u016bsu las\u012bt\u0101ju pulkam, lai sa\u0146emtu \u012bpa\u0161i tev atlas\u012btu noder\u012bgu, praktisku un aktu\u0101lu saturu.\u00a0<\/p>\n<p style=\"margin-left:auto;\">Pieraksties LASI.LV redaktora v\u0113stkopai <a href=\"https:\/\/lasi.lv\/vestkopa\/lasi-lv-galvena-redaktora-vestkopa\" rel=\"nofollow noopener\" target=\"_blank\">\u0161eit<\/a>.<\/p>\n<p>Pieraksties v\u0113stkopai un divas reizes ned\u0113\u013c\u0101 sa\u0146em padzi\u013cin\u0101tu LASI.LV galven\u0101 redaktora aktu\u0101lo zi\u0146u, kompetentu viedok\u013cu un interesant\u0101ko interviju apkopojumu.<\/p>\n<p>Ko tu sa\u0146emsi:<\/p>\n<ul>\n<li>Daudzveid\u012bgus koment\u0101rus un kompetentus Latvijas Mediju \u017eurn\u0101listu un autoru viedok\u013cus par aktu\u0101lo<\/li>\n<li>Ekspertu koment\u0101rus par da\u017e\u0101diem praktiskiem, noder\u012bgiem tematiem<\/li>\n<li>Aizraujo\u0161us materi\u0101lus par v\u0113sturi, psiholo\u0123iju, kult\u016bru<\/li>\n<li>Gata \u0160\u013c\u016bkas karikat\u016bru<\/li>\n<li>Tav\u0101 e-pasta kast\u012bt\u0113 katru ceturtdienu<\/li>\n<\/ul>\n<p style=\"margin-left:auto;\">\u00a0<\/p>\n<p><script async src=\"https:\/\/platform.twitter.com\/widgets.js\" charset=\"utf-8\"><\/script><script async src=\"\/\/www.instagram.com\/embed.js\"><\/script><\/p>\n","protected":false},"excerpt":{"rendered":"360TV \u0161ov\u0101 \u201cSlaven\u012bbas. Bez filtra\u201d aktieris un dzied\u0101t\u0101js J\u0101nis Pauk\u0161tello, kur\u0161 \u0161opavasar nosvin\u0113ja 75. jubileju, sarun\u0101 ar kol\u0113\u0123i&hellip;\n","protected":false},"author":2,"featured_media":281543,"comment_status":"","ping_status":"","sticky":false,"template":"","format":"standard","meta":{"footnotes":"","_share_on_mastodon":"0"},"categories":[19],"tags":[89,90,35,39,38,36,37,34,40],"class_list":["post-281542","post","type-post","status-publish","format-standard","has-post-thumbnail","category-izklaide","tag-entertainment","tag-izklaide","tag-latvia","tag-latvian","tag-latviesu","tag-latviesu-valoda","tag-latviesuvaloda","tag-latvija","tag-lv"],"share_on_mastodon":{"url":"https:\/\/pubeurope.com\/@lv\/117191249909205833","error":""},"_links":{"self":[{"href":"https:\/\/www.europesays.com\/lv\/wp-json\/wp\/v2\/posts\/281542","targetHints":{"allow":["GET"]}}],"collection":[{"href":"https:\/\/www.europesays.com\/lv\/wp-json\/wp\/v2\/posts"}],"about":[{"href":"https:\/\/www.europesays.com\/lv\/wp-json\/wp\/v2\/types\/post"}],"author":[{"embeddable":true,"href":"https:\/\/www.europesays.com\/lv\/wp-json\/wp\/v2\/users\/2"}],"replies":[{"embeddable":true,"href":"https:\/\/www.europesays.com\/lv\/wp-json\/wp\/v2\/comments?post=281542"}],"version-history":[{"count":0,"href":"https:\/\/www.europesays.com\/lv\/wp-json\/wp\/v2\/posts\/281542\/revisions"}],"wp:featuredmedia":[{"embeddable":true,"href":"https:\/\/www.europesays.com\/lv\/wp-json\/wp\/v2\/media\/281543"}],"wp:attachment":[{"href":"https:\/\/www.europesays.com\/lv\/wp-json\/wp\/v2\/media?parent=281542"}],"wp:term":[{"taxonomy":"category","embeddable":true,"href":"https:\/\/www.europesays.com\/lv\/wp-json\/wp\/v2\/categories?post=281542"},{"taxonomy":"post_tag","embeddable":true,"href":"https:\/\/www.europesays.com\/lv\/wp-json\/wp\/v2\/tags?post=281542"}],"curies":[{"name":"wp","href":"https:\/\/api.w.org\/{rel}","templated":true}]}}