{"id":281552,"date":"2026-08-31T17:29:13","date_gmt":"2026-08-31T17:29:13","guid":{"rendered":"https:\/\/www.europesays.com\/lv\/281552\/"},"modified":"2026-08-31T17:29:13","modified_gmt":"2026-08-31T17:29:13","slug":"spanijas-premjerministrs-vaino-krieviju-un-izraelu-migrantu-krize-seuta","status":"publish","type":"post","link":"https:\/\/www.europesays.com\/lv\/281552\/","title":{"rendered":"Sp\u0101nijas premjerministrs vaino Krieviju un Izra\u0113lu migrantu kr\u012bz\u0113 Seut\u0101"},"content":{"rendered":"<p>Pirmdien public\u0113taj\u0101 intervij\u0101 ar Sp\u0101nijas Raidorganiz\u0101ciju (SER) San\u010dess vainoja ar\u012b &#8220;starptautisko gal\u0113ji lab\u0113jo kust\u012bbu&#8221;, kura, p\u0113c vi\u0146a teikt\u0101, vienm\u0113r izmanto migr\u0101cijas t\u0113mu, &#8220;lai uzbruktu un sa\u0161\u0137eltu ne tikai Sp\u0101niju, bet ar\u012b Eiropu&#8221;.<\/p>\n<p>Saska\u0146\u0101 ar Sp\u0101nijas Iek\u0161lietu ministrijas datiem 30. un 31. j\u016blij\u0101 aptuveni 72 000 migrantu no Marokas ierad\u0101s Seut\u0101.<\/p>\n<p>Liel\u0101k\u0101 da\u013ca atgriez\u0101s da\u017eu stundu laik\u0101, ta\u010du p\u0113c m\u0113ne\u0161a Seut\u0101 joproj\u0101m atrodas apm\u0113ram 5000 migrantu. Seutas viet\u0113jie iedz\u012bvot\u0101ji r\u012bko arvien vardarb\u012bg\u0101kus protestus pret migrantu kl\u0101tb\u016btni.<\/p>\n<p>Intervij\u0101 SER San\u010dess ar\u012b uzsv\u0113ra, ka Sp\u0101nijas vald\u012bba var r\u012bkoties tikai, pamatojoties uz datiem un p\u0101rbaud\u012btiem faktiem.<\/p>\n<p>&#8220;L\u012bdz \u0161im m\u0113s zin\u0101m, ka tika sagroz\u012bts Augst\u0101k\u0101s tiesas 8. j\u016blija spriedums, kas soci\u0101lajos t\u012bklos tika izplat\u012bts ar viltus zi\u0146u un dezinform\u0101cijas pal\u012bdz\u012bbu, k\u0101 ar\u012b ar cilv\u0113ku tirdzniec\u012bb\u0101 iesaist\u012btu noziedz\u012bgo organiz\u0101ciju starpniec\u012bbu,&#8221; teica San\u010dess. Vi\u0146\u0161 nor\u0101d\u012bja, ka viltus zi\u0146ojumos tika apgalvots, ka tiesa esot nol\u0113musi, ka ikvienu, kur\u0161, peldot, sasniedzis Seutu, nevar deport\u0113t &#8211; ta\u010du t\u0101 nebija.<\/p>\n<p>Maroka kr\u012bzes laik\u0101 esot nekav\u0113joties un piln\u012bb\u0101 sadarbojusies ar Sp\u0101nijas iest\u0101d\u0113m, vi\u0146\u0161 teica.<\/p>\n","protected":false},"excerpt":{"rendered":"Pirmdien public\u0113taj\u0101 intervij\u0101 ar Sp\u0101nijas Raidorganiz\u0101ciju (SER) San\u010dess vainoja ar\u012b &#8220;starptautisko gal\u0113ji lab\u0113jo kust\u012bbu&#8221;, kura, p\u0113c vi\u0146a teikt\u0101,&hellip;\n","protected":false},"author":2,"featured_media":281553,"comment_status":"","ping_status":"","sticky":false,"template":"","format":"standard","meta":{"footnotes":"","_share_on_mastodon":"0"},"categories":[14],"tags":[23,57,28,29,32,33,22,493,234,30,31,35,39,38,36,37,34,40,6536,36394,20,26,27,40987,1670,24,25,54,55,56,21,58],"class_list":["post-281552","post","type-post","status-publish","format-standard","has-post-thumbnail","category-zinas-no-arvalstim","tag-aktualitates","tag-arvalstim","tag-breaking-news","tag-breakingnews","tag-featured-news","tag-featurednews","tag-headlines","tag-izraela","tag-krievija","tag-latest-news","tag-latestnews","tag-latvia","tag-latvian","tag-latviesu","tag-latviesu-valoda","tag-latviesuvaloda","tag-latvija","tag-lv","tag-migranti","tag-migrantu-krize","tag-news","tag-popularakas-zinas","tag-popularakaszinas","tag-seuta","tag-spanija","tag-top-stories","tag-topstories","tag-world","tag-world-news","tag-worldnews","tag-zinas","tag-zinas-no-arvalstim"],"share_on_mastodon":{"url":"https:\/\/pubeurope.com\/@lv\/117191308882840770","error":""},"_links":{"self":[{"href":"https:\/\/www.europesays.com\/lv\/wp-json\/wp\/v2\/posts\/281552","targetHints":{"allow":["GET"]}}],"collection":[{"href":"https:\/\/www.europesays.com\/lv\/wp-json\/wp\/v2\/posts"}],"about":[{"href":"https:\/\/www.europesays.com\/lv\/wp-json\/wp\/v2\/types\/post"}],"author":[{"embeddable":true,"href":"https:\/\/www.europesays.com\/lv\/wp-json\/wp\/v2\/users\/2"}],"replies":[{"embeddable":true,"href":"https:\/\/www.europesays.com\/lv\/wp-json\/wp\/v2\/comments?post=281552"}],"version-history":[{"count":0,"href":"https:\/\/www.europesays.com\/lv\/wp-json\/wp\/v2\/posts\/281552\/revisions"}],"wp:featuredmedia":[{"embeddable":true,"href":"https:\/\/www.europesays.com\/lv\/wp-json\/wp\/v2\/media\/281553"}],"wp:attachment":[{"href":"https:\/\/www.europesays.com\/lv\/wp-json\/wp\/v2\/media?parent=281552"}],"wp:term":[{"taxonomy":"category","embeddable":true,"href":"https:\/\/www.europesays.com\/lv\/wp-json\/wp\/v2\/categories?post=281552"},{"taxonomy":"post_tag","embeddable":true,"href":"https:\/\/www.europesays.com\/lv\/wp-json\/wp\/v2\/tags?post=281552"}],"curies":[{"name":"wp","href":"https:\/\/api.w.org\/{rel}","templated":true}]}}