{"id":28157,"date":"2025-10-22T12:07:09","date_gmt":"2025-10-22T12:07:09","guid":{"rendered":"https:\/\/www.europesays.com\/lv\/28157\/"},"modified":"2025-10-22T12:07:09","modified_gmt":"2025-10-22T12:07:09","slug":"latvija-iegadasies-distances-minesanas-sistemas-50-miljonu-eiro-vertiba-diena","status":"publish","type":"post","link":"https:\/\/www.europesays.com\/lv\/28157\/","title":{"rendered":"Latvija ieg\u0101d\u0101sies distances m\u012bn\u0113\u0161anas sist\u0113mas 50 miljonu eiro v\u0113rt\u012bb\u0101 \/ Diena"},"content":{"rendered":"<p>Atbilsto\u0161i l\u012bgumam tiks ieg\u0101d\u0101tas distances m\u012bn\u0113\u0161anas sist\u0113mas &#8220;Skoprion 2&#8221;, to mun\u012bcija &#8211; prettanku m\u012bnas &#8220;AT2+&#8221;, k\u0101 ar\u012b cits ar sist\u0113m\u0101m saist\u012bts ekip\u0113jums. T\u0101pat l\u012bgums ietver person\u0101la apm\u0101c\u012bbu darbam ar sist\u0113m\u0101m un citus saist\u012btos materi\u0101ltehniskos l\u012bdzek\u013cus.<\/p>\n<p>&#13;<br \/>\n&#13;<\/p>\n<p>L\u012bgums paredz viet\u0113j\u0101s industrijas iesaisti pieg\u0101des dro\u0161\u012bbas veicin\u0101\u0161anai, k\u0101 ar\u012b iesp\u0113ju projektam pievienoties ar\u012b cit\u0101m valst\u012bm, kuras var\u0113s sl\u0113gt savus pieg\u0101des l\u012bgumus ar pieg\u0101d\u0101t\u0101ju.<\/p>\n<p>&#13;<br \/>\n&#13;<\/p>\n<p>L\u012bgums sniedz iesp\u0113ju sl\u0113gt v\u0113l citus l\u012bgumus ar V\u0101cijas uz\u0146\u0113mumu.<\/p>\n<p>&#13;<br \/>\n&#13;<\/p>\n<p>\u0160\u0101da veida sist\u0113mas l\u012bdz \u0161im nav biju\u0161as Latvijas armijas r\u012bc\u012bb\u0101.<\/p>\n<p>&#13;<br \/>\n&#13;<\/p>\n<p>Aizsardz\u012bbas ministrs Andris Spr\u016bds (P) intervij\u0101 Latvijas Telev\u012bzijas raid\u012bjumam &#8220;R\u012bta panor\u0101ma&#8221; skaidroja, ka \u0161\u012bs sist\u0113mas \u013caus \u0101tri izvietot m\u012bnas uz Latvijas robe\u017eas, t\u0101d\u0113j\u0101di stiprinot Baltijas aizsardz\u012bbas l\u012bniju. T\u0101 ir da\u013ca no kop\u012bg\u0101 aizsardz\u012bbas pl\u0101na, kur\u0101 tiek ieg\u0101d\u0101ti ar\u012b robe\u017eas tuvum\u0101 izvietojami \u0161\u0137\u0113r\u0161\u013ci un sensori, inform\u0113ja Spr\u016bds.<\/p>\n<p>&#13;<br \/>\n&#13;<\/p>\n<p>Aizsardz\u012bbas ministrs pav\u0113st\u012bja, ka 50 miljonu eiro l\u012bgum\u0101 ar DND ir iek\u013cauta ar\u012b m\u012bnu pieg\u0101de, bet tuv\u0101kajos gados paredz\u0113ts ieg\u0101d\u0101ties v\u0113l m\u012bnas, un tam jau ir iepl\u0101noti finan\u0161u l\u012bdzek\u013ci.<\/p>\n<p>&#13;<br \/>\n&#13;<\/p>\n<p>Spr\u016bds uzsv\u0113ra, ka pirkums no DND ir pirmais noz\u012bm\u012bgais ieguld\u012bjums tie\u0161i distances m\u012bn\u0113\u0161anas sist\u0113m\u0101s. \u0145emot v\u0113r\u0101, ka summa &#8211; 50 miljoni eiro &#8211; nav maza, ir paredz\u0113ta ar\u012b viet\u0113j\u0101s industrijas iesaiste, piebilda politi\u0137is, detaliz\u0113t\u0101k neskaidrojot, k\u0101 tas izpaud\u012bsies tie\u0161i \u0161aj\u0101 iepirkum\u0101.<\/p>\n<p>&#13;<br \/>\n&#13;<\/p>\n<p>&#8220;Uzst\u0101d\u012bjums ir \u0161aj\u0101 bud\u017eet\u0101 akt\u012bvi iesaist\u012bt m\u016bsu industriju. 30% no lielajiem iepirkumiem ir m\u016bsu pa\u0161u industrijas iesaiste jeb lokaliz\u0101cija \u0161eit, lai viet\u0113jie uz\u0146\u0113mumi ar\u012b nodro\u0161in\u0101tu gan pieg\u0101\u017eu dro\u0161\u012bbu, gan ar\u012b veicin\u0101tu tautsaimniec\u012bbu. (..) Sabiedr\u012bba ir devusi savu dele\u0123\u0113jumu un atbalstu \u0161\u0101dam bud\u017eetam, bet ir ar\u012b \u013coti svar\u012bgi, lai \u0161is finans\u0113jums maksim\u0101li n\u0101k atpaka\u013c tautsaimniec\u012bb\u0101, veicinot ekonomiku, veicinot uz\u0146\u0113m\u0113jdarb\u012bbu, it \u012bpa\u0161i aizsardz\u012bbas nozar\u0113, t\u0101d\u0113j\u0101di veicinot ar\u012b pieg\u0101\u017eu dro\u0161\u012bbu,&#8221; st\u0101st\u012bja Spr\u016bds.<\/p>\n<p>&#13;<br \/>\n&#13;<\/p>\n<p>K\u0101 zi\u0146ots, vald\u012bbas atbalst\u012btaj\u0101 n\u0101kam\u0101 gada valsts bud\u017eeta projekt\u0101, kas patlaban tiek skat\u012bts Saeim\u0101, aizsardz\u012bbas nozares finans\u0113jums ir viena no priorit\u0101t\u0113m.<\/p>\n<p>&#13;<br \/>\n&#13;<\/p>\n<p>P\u0113c Finan\u0161u ministrijas sniegt\u0101s inform\u0101cijas, kop\u0113jais n\u0101kam\u0101 gada aizsardz\u012bbas finans\u0113jums sasniegs 2,2 miljardus eiro. Paredz\u0113ts, ka Latvijas aizsardz\u012bbas finans\u0113jums saska\u0146\u0101 ar NATO defin\u012bciju jau 2026. gad\u0101 sasniegs 4,9% no iek\u0161zemes kopprodukta (IKP), savuk\u0101rt 2027. gad\u0101 &#8211; 5% no IKP, 2028. gad\u0101 &#8211; 4,9% no IKP.<\/p>\n<p>&#13;<\/p>\n","protected":false},"excerpt":{"rendered":"Atbilsto\u0161i l\u012bgumam tiks ieg\u0101d\u0101tas distances m\u012bn\u0113\u0161anas sist\u0113mas &#8220;Skoprion 2&#8221;, to mun\u012bcija &#8211; prettanku m\u012bnas &#8220;AT2+&#8221;, k\u0101 ar\u012b cits&hellip;\n","protected":false},"author":2,"featured_media":28158,"comment_status":"","ping_status":"","sticky":false,"template":"","format":"standard","meta":{"footnotes":""},"categories":[12],"tags":[23,28,29,32,33,22,30,31,35,39,38,36,37,34,40,20,26,27,24,25,21],"class_list":{"0":"post-28157","1":"post","2":"type-post","3":"status-publish","4":"format-standard","5":"has-post-thumbnail","7":"category-latvija","8":"tag-aktualitates","9":"tag-breaking-news","10":"tag-breakingnews","11":"tag-featured-news","12":"tag-featurednews","13":"tag-headlines","14":"tag-latest-news","15":"tag-latestnews","16":"tag-latvia","17":"tag-latvian","18":"tag-latviesu","19":"tag-latviesu-valoda","20":"tag-latviesuvaloda","21":"tag-latvija","22":"tag-lv","23":"tag-news","24":"tag-popularakas-zinas","25":"tag-popularakaszinas","26":"tag-top-stories","27":"tag-topstories","28":"tag-zinas"},"share_on_mastodon":{"url":"","error":""},"_links":{"self":[{"href":"https:\/\/www.europesays.com\/lv\/wp-json\/wp\/v2\/posts\/28157","targetHints":{"allow":["GET"]}}],"collection":[{"href":"https:\/\/www.europesays.com\/lv\/wp-json\/wp\/v2\/posts"}],"about":[{"href":"https:\/\/www.europesays.com\/lv\/wp-json\/wp\/v2\/types\/post"}],"author":[{"embeddable":true,"href":"https:\/\/www.europesays.com\/lv\/wp-json\/wp\/v2\/users\/2"}],"replies":[{"embeddable":true,"href":"https:\/\/www.europesays.com\/lv\/wp-json\/wp\/v2\/comments?post=28157"}],"version-history":[{"count":0,"href":"https:\/\/www.europesays.com\/lv\/wp-json\/wp\/v2\/posts\/28157\/revisions"}],"wp:featuredmedia":[{"embeddable":true,"href":"https:\/\/www.europesays.com\/lv\/wp-json\/wp\/v2\/media\/28158"}],"wp:attachment":[{"href":"https:\/\/www.europesays.com\/lv\/wp-json\/wp\/v2\/media?parent=28157"}],"wp:term":[{"taxonomy":"category","embeddable":true,"href":"https:\/\/www.europesays.com\/lv\/wp-json\/wp\/v2\/categories?post=28157"},{"taxonomy":"post_tag","embeddable":true,"href":"https:\/\/www.europesays.com\/lv\/wp-json\/wp\/v2\/tags?post=28157"}],"curies":[{"name":"wp","href":"https:\/\/api.w.org\/{rel}","templated":true}]}}