{"id":281590,"date":"2026-08-31T18:50:14","date_gmt":"2026-08-31T18:50:14","guid":{"rendered":"https:\/\/www.europesays.com\/lv\/281590\/"},"modified":"2026-08-31T18:50:14","modified_gmt":"2026-08-31T18:50:14","slug":"foto-video-vins-bija-holivudas-uzlecosa-zvaigzne-kas-patiesiba-notika-ar-aktieri-kas-speleja-galveno-lomu-bezgaligaja-stasta","status":"publish","type":"post","link":"https:\/\/www.europesays.com\/lv\/281590\/","title":{"rendered":"FOTO, VIDEO. Vi\u0146\u0161 bija Holivudas uzleco\u0161\u0101 zvaigzne: kas paties\u012bb\u0101 notika ar aktieri, kas sp\u0113l\u0113ja galveno lomu \u201cBezgal\u012bgaj\u0101 st\u0101st\u0101\u201d"},"content":{"rendered":"<p>\t\t<img loading=\"lazy\" decoding=\"async\" class=\"lazy lazy-hidden size-full wp-image-303874\" src=\"data:image\/gif;base64,R0lGODlhAQABAIAAAAAAAP\/\/\/yH5BAEAAAAALAAAAAABAAEAAAIBRAA7\" data-lazy-type=\"image\" data-lazy-src=\"https:\/\/www.europesays.com\/lv\/wp-content\/uploads\/2026\/08\/Ekranuznemums-2026-08-31-211434.jpg\" alt=\"\" width=\"900\" height=\"558\" data-lazy- data-lazy-\/>Foto \u2013 ekr\u0101nuz\u0146\u0113mums<\/p>\n<p>Asto\u0146desmito gadu kino v\u0113stur\u0113 ir ne mazums b\u0113rnu aktieru, kuri vien\u0101 mirkl\u012b k\u013cuva atpaz\u012bstami vis\u0101 pasaul\u0113. Viens no vi\u0146iem bija Barets Olivers \u2013 jaunais aktieris, kur\u0161 1984. gad\u0101 atveidoja Bastiana lomu Volfganga Petersena fant\u0101zijas film\u0101 \u201cBezgal\u012bgais st\u0101sts\u201d. Vi\u0146a karjera tobr\u012bd \u0161\u0137ita tikai s\u0101kamies, ta\u010du da\u017eus gadus v\u0113l\u0101k Olivers no kino industrijas pazuda pavisam. K\u0101p\u0113c t\u0101?<\/p>\n<p>Barets Spensers Olivers dzimis 1973. gada 24. august\u0101 Losand\u017eelos\u0101. Ar aktierm\u0101kslu Olivers s\u0101ka nodarboties jau b\u0113rn\u012bb\u0101. Pirm\u0101s lomas bija nelielas un galvenok\u0101rt saist\u012btas ar telev\u012bziju. Vi\u0146\u0161 par\u0101d\u012bj\u0101s t\u0101dos t\u0101 laika popul\u0101ros projektos k\u0101 \u201cThe Incredible Hulk\u201d un \u201cKnight Rider\u201d, k\u0101 ar\u012b film\u0113j\u0101s telev\u012bzijas film\u0101 \u201cThe Circle Family\u201d. 1983. gad\u0101 vi\u0146\u0161 piedal\u012bj\u0101s ar\u012b asa si\u017eeta film\u0101 \u201cUncommon Valor\u201d, kur\u0101 sp\u0113l\u0113ja t\u0101di paz\u012bstami aktieri k\u0101 D\u017e\u012bns Hekmens un Patriks Sveizijs. Tom\u0113r pla\u0161u iev\u0113r\u012bbu vi\u0146am atnesa n\u0101kamais gads.<\/p>\n<p>1984. gad\u0101 kinote\u0101tros izn\u0101ca Volfganga Petersena re\u017eis\u0113t\u0101 filma \u201cThe NeverEnding Story\u201d, kas bija nofilm\u0113ta p\u0113c Mihaela Endes rom\u0101na mot\u012bviem. Oliveram tika uztic\u0113ta viena no filmas galvenaj\u0101m lom\u0101m \u2013 vi\u0146\u0161 atveidoja Bastianu. \u0160is t\u0113ls ir vientu\u013c\u0161 un kautr\u012bgs puika, kur\u0161 skol\u0101 nevar iedz\u012bvoties. Vi\u0146am tur ir p\u0101ridar\u012bt\u0101ji skolasbiedri un, b\u0113got no vi\u0146iem, vi\u0146\u0161 ieskrien k\u0101d\u0101 vec\u0101 gr\u0101matn\u012bc\u0101, kur atrod d\u012bvainu gr\u0101matu. Lasot to, vi\u0146\u0161 s\u0101k sekot notikumiem, kas notiek Fant\u0101zijas zem\u0113, kur\u0101 ir sastopami t\u0101di t\u0113li k\u0101 varon\u012bgais Atrej, Princese un veiksmes p\u016b\u0137is Falkors. St\u0101sts pamaz\u0101k ieg\u016bst pavisam citu noz\u012bmi, jo Bastins dr\u012bz vien saprot, ka vi\u0146\u0161 nav tikai las\u012bt\u0101js \u2013 vi\u0146a pa\u0161a izv\u0113les ir cie\u0161i saist\u012btas ar gr\u0101mat\u0101 notieko\u0161o. Filma k\u013cuva par vienu no spilgt\u0101kajiem asto\u0146desmito gadu fant\u0101zijas kino piem\u0113riem, bet Olivera atveidotais Bastians k\u013cuva par vi\u0146a karjeras paz\u012bstam\u0101ko t\u0113lu.<\/p>\n<p><img loading=\"lazy\" decoding=\"async\" class=\"lazy lazy-hidden size-full wp-image-303875\" src=\"data:image\/gif;base64,R0lGODlhAQABAIAAAAAAAP\/\/\/yH5BAEAAAAALAAAAAABAAEAAAIBRAA7\" data-lazy-type=\"image\" data-lazy-src=\"https:\/\/www.europesays.com\/lv\/wp-content\/uploads\/2026\/08\/Ekranuznemums-2026-08-31-211257.jpg\" alt=\"\" width=\"900\" height=\"573\" data-lazy- data-lazy-\/>Foto \u2013 ekr\u0101nuz\u0146\u0113mums<\/p>\n<p>Pan\u0101kumi pav\u0113ra jaunajam aktierim iesp\u0113ju str\u0101d\u0101t pie citiem iev\u0113rojamiem projektiem. Jau 1984. gad\u0101 vi\u0146\u0161 atveidoja Viktoru Franken\u0161teinu Tima B\u0113rtona \u012bsfilm\u0101 \u201cFrankenweenie\u201d. N\u0101kamaj\u0101 gad\u0101 Olivers film\u0113j\u0101s zin\u0101tnisk\u0101s fantastikas film\u0101 \u201cD.A.R.Y.L.\u201d. Taj\u0101 vi\u0146\u0161 atveidoja z\u0113nu, kur\u0161 no pirm\u0101 acu uzmetiena \u0161\u0137iet piln\u012bgi parasts, ta\u010du paties\u012bb\u0101 ir m\u0101ksl\u012bgi rad\u012bts andro\u012bds. Par \u0161o lomu jaunais aktieris sa\u0146\u0113ma \u201cSaturn\u201d balvu k\u0101 lab\u0101kais jaunais aktieris. 1985. gad\u0101 vi\u0146\u0161 piedal\u012bj\u0101s ar\u012b Rona Hovarda film\u0101 \u201cCocoon\u201d. T\u0101s centr\u0101 ir pension\u0101ru grupa un nosl\u0113pumaina citplan\u0113tie\u0161u izcelsmes kapsula. Paral\u0113li darbam kino Olivers turpin\u0101ja str\u0101d\u0101t ar\u012b telev\u012bzijas projektos.<\/p>\n<p><a href=\"https:\/\/dzentlmenis.lv\/tautas-ticejumi-un-tradicijas-31-augusta-ko-saja-diena-darit-un-no-ka-izvairities\/303536\/\" rel=\"nofollow noopener\" target=\"_blank\"><img class=\"lazy lazy-hidden\" decoding=\"async\" src=\"data:image\/gif;base64,R0lGODlhAQABAIAAAAAAAP\/\/\/yH5BAEAAAAALAAAAAABAAEAAAIBRAA7\" data-lazy-type=\"image\" data-lazy-src=\"https:\/\/www.europesays.com\/lv\/wp-content\/uploads\/2026\/08\/pexels-rob-price-2998199-4548236.jpg\" data-lazy- alt=\"Tautas tic\u0113jumi un trad\u012bcijas 31. august\u0101: ko \u0161aj\u0101 dien\u0101 dar\u012bt un no k\u0101 izvair\u012bties\"\/><\/a>Citi lasa<a class=\"monsterinsights-inline-popular-posts-title\" href=\"https:\/\/dzentlmenis.lv\/tautas-ticejumi-un-tradicijas-31-augusta-ko-saja-diena-darit-un-no-ka-izvairities\/303536\/\" rel=\"nofollow noopener\" target=\"_blank\">Tautas tic\u0113jumi un trad\u012bcijas 31. august\u0101: ko \u0161aj\u0101 dien\u0101 dar\u012bt un no k\u0101 izvair\u012bties<\/a><\/p>\n<p>Tom\u0113r, neskatoties uz veiksm\u012bgo s\u0101kumu, Olivers nebija starp tiem b\u0113rnu aktieriem, kuri turpin\u0101ja str\u0101d\u0101t Holivud\u0101 ar\u012b pieaugu\u0161\u0101 vecum\u0101. Vi\u0146a p\u0113d\u0113j\u0101 kino loma bija 1989. gada kom\u0113dij\u0101 \u201cScenes from the Class Struggle in Beverly Hills\u201d. Taj\u0101 laik\u0101 Oliveram bija tikai 15 gadi. P\u0113c \u0161\u012b projekta vi\u0146\u0161 uz lielajiem kinoekr\u0101niem vairs neatgriez\u0101s. Ar\u012b \u201cBezgal\u012bg\u0101 st\u0101sta\u201d turpin\u0101jumos Olivers Bastiana lom\u0101 vairs nefilm\u0113j\u0101s. Otraj\u0101 filmas da\u013c\u0101 vi\u0146a viet\u0101 sp\u0113l\u0113ja D\u017eonatans Brendiss, bet tre\u0161aj\u0101 Bastiana t\u0113lu atveidoja D\u017eeisons D\u017eeimss Rihters.<br \/>At\u0161\u0137ir\u012bb\u0101 no daudziem biju\u0161ajiem b\u0113rnu aktieriem Olivers nav centies savu slaven\u012bbu izmantot, lai atgrieztos izklaides industrij\u0101. Vi\u0146\u0161 ar\u012b nav k\u013cuvis par regul\u0101ru viesi nostal\u0123ijas pas\u0101kumos un publiski \u013coti maz run\u0101 par savu aizie\u0161anu no kino.<\/p>\n<p><img loading=\"lazy\" decoding=\"async\" class=\"lazy lazy-hidden size-full wp-image-303876\" src=\"data:image\/gif;base64,R0lGODlhAQABAIAAAAAAAP\/\/\/yH5BAEAAAAALAAAAAABAAEAAAIBRAA7\" data-lazy-type=\"image\" data-lazy-src=\"https:\/\/www.europesays.com\/lv\/wp-content\/uploads\/2026\/08\/Ekranuznemums-2026-08-31-211459.jpg\" alt=\"\" width=\"900\" height=\"555\" data-lazy- data-lazy-\/>Foto \u2013 ekr\u0101nuz\u0146\u0113mums<\/p>\n<p>Bet kas paties\u012bb\u0101 notika ar vi\u0146u? P\u0113c aktiera karjeras beig\u0101m Olivers piev\u0113rs\u0101s pavisam citai jomai \u2013 fotogr\u0101fijai. \u012apa\u0161u interesi vi\u0146\u0101 izrais\u012bja v\u0113sturisk\u0101s fotograf\u0113\u0161anas tehnolo\u0123ijas, kas tika izmantotas jau 19. gadsimt\u0101. Viena no jom\u0101m, kur\u0101 vi\u0146\u0161 specializ\u0113j\u0101s, bija mitr\u0101s kolodija plates un Vudberija fototipija. P\u0113d\u0113j\u0101 ir 1864. gad\u0101 rad\u012bta fotogr\u0101fiju pavairo\u0161anas metode, kas \u013c\u0101va izgatavot \u013coti detaliz\u0113tus att\u0113lus ar pla\u0161u to\u0146u grad\u0101ciju. Savulaik \u0161o tehnolo\u0123iju izmantoja da\u017e\u0101du gr\u0101matu, periodisko izdevumu un muzeju katalogu ilustr\u0101cij\u0101m. Att\u012bstoties jaun\u0101m un l\u0113t\u0101k\u0101m drukas tehnolo\u0123ij\u0101m, Vudberija fototipija pamaz\u0101m zaud\u0113ja savu noz\u012bmi. Olivers savuk\u0101rt k\u013cuva par vienu no cilv\u0113kiem, kas \u0161o v\u0113sturisko procesu turpin\u0101ja p\u0113t\u012bt un praktiski izmantot.<\/p>\n<p>Vi\u0146a darbi ir tiku\u0161i demonstr\u0113ti neskait\u0101m\u0101s izst\u0101\u017eu z\u0101l\u0113s un muzejos, bet zin\u0101\u0161anas par senaj\u0101m fotograf\u0113\u0161anas metod\u0113m izmantotas ar\u012b kino un rekl\u0101mas projektos. 2007. gad\u0101 Olivers public\u0113ja gr\u0101matu \u201cA History of the Woodburytype\u201d, kur\u0101 detaliz\u0113ti apl\u016bkota \u0161\u012bs tehnolo\u0123ijas izcelsme, att\u012bst\u012bba un vieta fotogr\u0101fijas un iespiedm\u0101kslas v\u0113stur\u0113. Gr\u0101matas autors taj\u0101 jau vairs nav paz\u012bstams k\u0101 biju\u0161ais b\u0113rnu aktieris, bet gan k\u0101 fotogr\u0101fs, p\u0113tnieks un iespieddarbu meistars.<\/p>\n<p><img loading=\"lazy\" decoding=\"async\" class=\"lazy lazy-hidden size-full wp-image-303877\" src=\"data:image\/gif;base64,R0lGODlhAQABAIAAAAAAAP\/\/\/yH5BAEAAAAALAAAAAABAAEAAAIBRAA7\" data-lazy-type=\"image\" data-lazy-src=\"https:\/\/www.europesays.com\/lv\/wp-content\/uploads\/2026\/08\/Ekranuznemums-2026-08-31-210939.jpg\" alt=\"\" width=\"900\" height=\"592\" data-lazy- data-lazy-\/>Foto \u2013 ekr\u0101nuz\u0146\u0113mums<\/p>\n<p>J\u0101teic, ka Olivera izv\u0113le ir diezgan neparasta, \u0146emot v\u0113r\u0101 to, cik agri vi\u0146\u0161 k\u013cuva slavens. \u201cBezgal\u012bgais st\u0101sts\u201d joproj\u0101m ir paz\u012bstama filma, un Bastiana t\u0113ls ir viena no asto\u0146desmito gadu fant\u0101zijas kino ikoniskaj\u0101m lom\u0101m. Tom\u0113r pats aktieris p\u0113c aizie\u0161anas no kino izv\u0113l\u0113j\u0101s gandr\u012bz piln\u012bb\u0101 pazust no publisk\u0101s dz\u012bves. \u0160obr\u012bd pieejam\u0101 inform\u0101cija liecina, ka vi\u0146\u0161 turpina darboties fotogr\u0101fijas un v\u0113sturisko drukas tehnolo\u0123iju jom\u0101, tostarp vadot nodarb\u012bbas, lasot lekcijas un daloties ar sav\u0101m zin\u0101\u0161an\u0101m par senaj\u0101m fotograf\u0113\u0161anas metod\u0113m.<\/p>\n<p><a href=\"https:\/\/dzentlmenis.lv\/tikko-sakam-braukt-ta-galds-jau-pilns-neparastais-skats-starptautiskaja-reisa-aizsak-spraigu-diskusiju-par-uzvedibu-cela\/303538\/\" rel=\"nofollow noopener\" target=\"_blank\"><img class=\"lazy lazy-hidden\" decoding=\"async\" src=\"data:image\/gif;base64,R0lGODlhAQABAIAAAAAAAP\/\/\/yH5BAEAAAAALAAAAAABAAEAAAIBRAA7\" data-lazy-type=\"image\" data-lazy-src=\"https:\/\/www.europesays.com\/lv\/wp-content\/uploads\/2026\/08\/1788202214_495_123321bus.jpg\" data-lazy- alt=\"\u201cTikko s\u0101k\u0101m braukt, t\u0101 galds jau pilns\u201d: neparastais skats starptautiskaj\u0101 reis\u0101 aizs\u0101k spraigu diskusiju par uzved\u012bbu ce\u013c\u0101\"\/><\/a>Citi lasa<a class=\"monsterinsights-inline-popular-posts-title\" href=\"https:\/\/dzentlmenis.lv\/tikko-sakam-braukt-ta-galds-jau-pilns-neparastais-skats-starptautiskaja-reisa-aizsak-spraigu-diskusiju-par-uzvedibu-cela\/303538\/\" rel=\"nofollow noopener\" target=\"_blank\">\u201cTikko s\u0101k\u0101m braukt, t\u0101 galds jau pilns\u201d: neparastais skats starptautiskaj\u0101 reis\u0101 aizs\u0101k spraigu diskusiju par uzved\u012bbu ce\u013c\u0101<\/a><\/p>\n<p>\u0160\u012b gada august\u0101 Baretam Oliveram aprit\u0113ja 53 gadi. No k\u0101dreiz\u0113j\u0101s b\u0113rnu zvaigznes dz\u012bves kino ekr\u0101nos paliku\u0161as vien da\u017eas filmas, ta\u010du vi\u0146a profesion\u0101lais ce\u013c\u0161 turpin\u0101j\u0101s cit\u0101 virzien\u0101. Kam\u0113r daudzi skat\u012bt\u0101ji Oliveru joproj\u0101m atceras k\u0101 z\u0113nu ar nosl\u0113pumaino gr\u0101matu rok\u0101s, pats Olivers savu dz\u012bvi p\u0113c Holivudas veidoja ap fotogr\u0101fiju un m\u0101kslu.<\/p>\n<p>Filmas \u201cBezgal\u012bgais st\u0101sts\u201d treileris:<br \/><img decoding=\"async\" src=\"data:image\/gif;base64,R0lGODlhAQABAIAAAAAAAP\/\/\/yH5BAEAAAAALAAAAAABAAEAAAIBRAA7\" class=\"lazy lazy-hidden\" data-lazy-type=\"iframe\" data-lazy-src=\"&lt;iframe loading=&quot;lazy&quot; width=&quot;560&quot; height=&quot;315&quot; src=&quot;https:\/\/www.youtube.com\/embed\/YKGYgFPAP14?si=LxqGIcX4Ll602K0O&quot; title=&quot;YouTube video player&quot; frameborder=&quot;0&quot; allow=&quot;accelerometer; autoplay; clipboard-write; encrypted-media; gyroscope; picture-in-picture; web-share&quot; referrerpolicy=&quot;strict-origin-when-cross-origin&quot; allowfullscreen&gt;&lt;\/iframe&gt;\" alt=\"\"\/><\/p>\n","protected":false},"excerpt":{"rendered":"Foto \u2013 ekr\u0101nuz\u0146\u0113mums Asto\u0146desmito gadu kino v\u0113stur\u0113 ir ne mazums b\u0113rnu aktieru, kuri vien\u0101 mirkl\u012b k\u013cuva atpaz\u012bstami vis\u0101&hellip;\n","protected":false},"author":2,"featured_media":281591,"comment_status":"","ping_status":"","sticky":false,"template":"","format":"standard","meta":{"footnotes":"","_share_on_mastodon":"0"},"categories":[19],"tags":[1267,42200,89,15746,90,35,39,38,36,37,34,40],"class_list":["post-281590","post","type-post","status-publish","format-standard","has-post-thumbnail","category-izklaide","tag-aktieris","tag-bezgaligais-stasts","tag-entertainment","tag-holivudas-aktieris","tag-izklaide","tag-latvia","tag-latvian","tag-latviesu","tag-latviesu-valoda","tag-latviesuvaloda","tag-latvija","tag-lv"],"share_on_mastodon":{"url":"https:\/\/pubeurope.com\/@lv\/117191627532161157","error":""},"_links":{"self":[{"href":"https:\/\/www.europesays.com\/lv\/wp-json\/wp\/v2\/posts\/281590","targetHints":{"allow":["GET"]}}],"collection":[{"href":"https:\/\/www.europesays.com\/lv\/wp-json\/wp\/v2\/posts"}],"about":[{"href":"https:\/\/www.europesays.com\/lv\/wp-json\/wp\/v2\/types\/post"}],"author":[{"embeddable":true,"href":"https:\/\/www.europesays.com\/lv\/wp-json\/wp\/v2\/users\/2"}],"replies":[{"embeddable":true,"href":"https:\/\/www.europesays.com\/lv\/wp-json\/wp\/v2\/comments?post=281590"}],"version-history":[{"count":0,"href":"https:\/\/www.europesays.com\/lv\/wp-json\/wp\/v2\/posts\/281590\/revisions"}],"wp:featuredmedia":[{"embeddable":true,"href":"https:\/\/www.europesays.com\/lv\/wp-json\/wp\/v2\/media\/281591"}],"wp:attachment":[{"href":"https:\/\/www.europesays.com\/lv\/wp-json\/wp\/v2\/media?parent=281590"}],"wp:term":[{"taxonomy":"category","embeddable":true,"href":"https:\/\/www.europesays.com\/lv\/wp-json\/wp\/v2\/categories?post=281590"},{"taxonomy":"post_tag","embeddable":true,"href":"https:\/\/www.europesays.com\/lv\/wp-json\/wp\/v2\/tags?post=281590"}],"curies":[{"name":"wp","href":"https:\/\/api.w.org\/{rel}","templated":true}]}}