{"id":281596,"date":"2026-08-31T18:56:30","date_gmt":"2026-08-31T18:56:30","guid":{"rendered":"https:\/\/www.europesays.com\/lv\/281596\/"},"modified":"2026-08-31T18:56:30","modified_gmt":"2026-08-31T18:56:30","slug":"mes-saja-saule-esam-tikai-ciemini-skandiniecu-magija-un-livu-tradiciju-purs-santa-2","status":"publish","type":"post","link":"https:\/\/www.europesays.com\/lv\/281596\/","title":{"rendered":"\u00abM\u0113s \u0161aj\u0101 saul\u0113 esam tikai ciemi\u0146i\u00bb \u2013 \u00abSkandinie\u010du\u00bb ma\u0123ija un l\u012bvu trad\u012bciju p\u016brs \u2014 Santa"},"content":{"rendered":"<p>Kas ir tas, kas m\u016bs vilina doties pie Skandiniece\u0304m? Vai ta\u0304s ir skan\u0327as, dziesmas, va\u0304rdi, valodas i\u0304patni\u0304bu sadzirde\u0304s\u030cana? Varb\u016bt veids, ka\u0304 piedzi\u0304vot kopienu un sajust savu vietu tradi\u0304cija\u0304, uz bri\u0304di izka\u0304pjot no ikdienas ru\u0304pe\u0304m un atbildi\u0304bas? Visdr\u012bz\u0101k interese par folkloras pasauli vare\u0304tu bu\u0304t me\u0304g\u0327ina\u0304jums satikt ka\u0304du dzil\u0327a\u0304ku dal\u0327u no sevis \u2013 sasaukt atpaka\u013c m\u0101j\u0101s savas dve\u0304seles aizkli\u0304dus\u030ca\u0304s, atmirus\u030ca\u0304s dal\u0327in\u0327as, kuru neapzina\u0304ti pietru\u0304kst, jo ta\u0304s joproja\u0304m nes manu sta\u0304stu\u2026<\/p>\n<blockquote><p>&#13;<\/p>\n<p>Reize\u0304m tas, ko cilve\u0304ki ju\u0304t kopi\u0304ga\u0304 dzieda\u0304s\u030cana\u0304, ir tik dzil\u0327i socia\u0304ls un emociona\u0304ls, ka vienka\u0304rs\u030ca\u0304 veida\u0304 l\u0327auj izjust patiesi gari\u0304gu pieredzi.<\/p>\n<p>&#13;\n<\/p><\/blockquote>\n<p>Kopdzieda\u0304juma\u0304 rodas i\u0304pas\u030ca skan\u0327as telpa, kura\u0304 individua\u0304la\u0304s balsis saplu\u0304st vienota\u0304 plu\u0304duma\u0304. Spe\u0304ci\u0304ga koncentre\u0304s\u030cana\u0304s saju\u0304ta rodas, kad balsis sadala\u0304s tri\u0304sbalsi\u0304gos tembros un katram ir ja\u0304notur savs uzdevums. Bri\u0304z\u030ciem ka\u0304da no dzieda\u0304ta\u0304ja\u0304m sponta\u0304ni spe\u0304j izcelt savu dzieda\u0304jumu ar spalga\u0304ki spe\u0304ci\u0304ga\u0304ku, pat putna kliedzienam li\u0304dz\u012bgu skan\u0327u, kas kl\u0327u\u0304st par sava veida rados\u030cu pavedienu pa\u0304re\u0304ja\u0304m, dodot drosmi l\u0327aut savai balsij val\u0327u. Vienotais elpas ritms, vibra\u0304cija un skan\u0327as sla\u0304n\u0327i rada pieredzi, ko daudzi raksturo ka\u0304 dzil\u0327a\u0304ku kla\u0304tbu\u0304tni, gari\u0304gu atve\u0304rti\u0304bu un saikni gan ar sevi, gan citiem.<\/p>\n<blockquote><p>&#13;<\/p>\n<p>50 gadus Skandinieki ir glaba\u0304jus\u030ci ne tikai dziesmas.<\/p>\n<p>&#13;\n<\/p><\/blockquote>\n<p>Vin\u0327i ir ra\u0304di\u0304jus\u030ci veidu, ka\u0304 bu\u0304t kopa\u0304. Cilve\u0304ki nereti iesaista\u0304s s\u030caja\u0304 kusti\u0304ba\u0304 zi\u0304mi\u0304gos, ar\u012b sare\u017e\u0123\u012btos sava dzi\u0304ves cel\u0327a br\u012b\u017eos. T\u0101 dod iedros\u030cina\u0304jumu cilve\u0304kmi\u0304lesti\u0304bai un tici\u0304bai, ka gal\u0113ji smeldzi\u0304gos bri\u0304z\u030cos neesam vieni. Kad vaira\u0304kas sievietes, koris vai Dziesmusve\u0304tku tu\u0304kstos\u030ci sadziedas viena\u0304 skan\u0327a\u0304, taja\u0304 ir kaut kas no ta\u0304, ko cilve\u0304ks mekle\u0304 ari\u0304 dzi\u0304ve\u0304, \u2013 nevis vienbalsi\u0304gu vienpra\u0304ti\u0304bu, bet patiesu saskan\u0327u.<\/p>\n<p>Una: Kur sl\u0113pjas l\u012bvu sp\u0113ka avots, kas visus \u0161os gadus ir \u013c\u0101vis ne tikai saglab\u0101t trad\u012bcijas, bet ar\u012b daudzus apk\u0101rt\u0113jos padar\u012bt par l\u012bvu skartajiem?<\/p>\n","protected":false},"excerpt":{"rendered":"Kas ir tas, kas m\u016bs vilina doties pie Skandiniece\u0304m? Vai ta\u0304s ir skan\u0327as, dziesmas, va\u0304rdi, valodas i\u0304patni\u0304bu sadzirde\u0304s\u030cana?&hellip;\n","protected":false},"author":2,"featured_media":281597,"comment_status":"","ping_status":"","sticky":false,"template":"","format":"standard","meta":{"footnotes":"","_share_on_mastodon":"0"},"categories":[19],"tags":[89,90,35,39,38,36,37,34,40],"class_list":["post-281596","post","type-post","status-publish","format-standard","has-post-thumbnail","category-izklaide","tag-entertainment","tag-izklaide","tag-latvia","tag-latvian","tag-latviesu","tag-latviesu-valoda","tag-latviesuvaloda","tag-latvija","tag-lv"],"share_on_mastodon":{"url":"https:\/\/pubeurope.com\/@lv\/117191650964173972","error":""},"_links":{"self":[{"href":"https:\/\/www.europesays.com\/lv\/wp-json\/wp\/v2\/posts\/281596","targetHints":{"allow":["GET"]}}],"collection":[{"href":"https:\/\/www.europesays.com\/lv\/wp-json\/wp\/v2\/posts"}],"about":[{"href":"https:\/\/www.europesays.com\/lv\/wp-json\/wp\/v2\/types\/post"}],"author":[{"embeddable":true,"href":"https:\/\/www.europesays.com\/lv\/wp-json\/wp\/v2\/users\/2"}],"replies":[{"embeddable":true,"href":"https:\/\/www.europesays.com\/lv\/wp-json\/wp\/v2\/comments?post=281596"}],"version-history":[{"count":0,"href":"https:\/\/www.europesays.com\/lv\/wp-json\/wp\/v2\/posts\/281596\/revisions"}],"wp:featuredmedia":[{"embeddable":true,"href":"https:\/\/www.europesays.com\/lv\/wp-json\/wp\/v2\/media\/281597"}],"wp:attachment":[{"href":"https:\/\/www.europesays.com\/lv\/wp-json\/wp\/v2\/media?parent=281596"}],"wp:term":[{"taxonomy":"category","embeddable":true,"href":"https:\/\/www.europesays.com\/lv\/wp-json\/wp\/v2\/categories?post=281596"},{"taxonomy":"post_tag","embeddable":true,"href":"https:\/\/www.europesays.com\/lv\/wp-json\/wp\/v2\/tags?post=281596"}],"curies":[{"name":"wp","href":"https:\/\/api.w.org\/{rel}","templated":true}]}}