{"id":28163,"date":"2025-10-22T12:11:08","date_gmt":"2025-10-22T12:11:08","guid":{"rendered":"https:\/\/www.europesays.com\/lv\/28163\/"},"modified":"2025-10-22T12:11:08","modified_gmt":"2025-10-22T12:11:08","slug":"esosa-vadibas-komanda-kopa-ar-investoru-iegadajusies-smartlynx-airlines-latvia-dienas-bizness","status":"publish","type":"post","link":"https:\/\/www.europesays.com\/lv\/28163\/","title":{"rendered":"Eso\u0161\u0101 vad\u012bbas komanda kop\u0101 ar investoru ieg\u0101d\u0101jusies SmartLynx Airlines Latvia :: Dienas Bizness"},"content":{"rendered":"<p class=\"text-font font-size--text-xlarge margin-3--bottom font-weight--bold padding-1--top\">\u0160oned\u0113\u013c starp l\u012bdz\u0161in\u0113jiem akcion\u0101riem un eso\u0161o uz\u0146\u0113muma vad\u012bbas komandu un specializ\u0113tu invest\u012bciju fondu N\u012bderland\u0113 ir nosl\u0113gts l\u012bgums par Latvij\u0101 b\u0101z\u0113t\u0101s pilna servisa lidma\u0161\u012bnu nomas jeb ACMI (Aircraft, Crew, Maintenance, Insurance) aviokomp\u0101nijas &#8220;SmartLynx Airlines Latvia&#8221; ieg\u0101di.<\/p>\n<p class=\"text-font font-size--text-xlarge margin-3--bottom\">Turpm\u0101k &#8220;SmartLynx Airlines Latvia&#8221; darbosies k\u0101 neatkar\u012bgs uz\u0146\u0113mums, savuk\u0101rt &#8220;SmartLynx Airlines Malta&#8221; un &#8220;SmartLynx Airlines Estonia&#8221; saglab\u0101sies iepriek\u0161\u0113j\u0101 akcion\u0101ra \u012bpa\u0161um\u0101.<\/p>\n<p class=\"text-font font-size--text-xlarge margin-3--bottom\">&#8220;SmartLynx Airlines&#8221; dibin\u0101ta 1992. gad\u0101 un ir starptautiski atz\u012bts pilna servisa lidma\u0161\u012bnu nomas jeb ACMI (Gaisa ku\u0123u, apkalpes, apkopes un apdro\u0161in\u0101\u0161anas), kravu un \u010dartera pakalpojumu sniedz\u0113js vado\u0161aj\u0101m aviokomp\u0101nij\u0101m vis\u0101 pasaul\u0113. &#8220;SmartLynx&#8221; veic lidojumus ar Airbus A320, A321, A321F un Boeing 737 MAX 8 (l\u012bdz 2025. gada rudenim) lidma\u0161\u012bn\u0101m.<\/p>\n<p class=\"text-font font-size--text-xlarge margin-3--bottom\">&#8220;SmartLynx Airlines&#8221; \u012bpa\u0161nieki ir Edvins Deme\u0146us, Mindaugs Kazakevi\u010dus un N\u012bderland\u0113 b\u0101z\u0113ts specializ\u0113ts invest\u012bciju fonds.<\/p>\n","protected":false},"excerpt":{"rendered":"\u0160oned\u0113\u013c starp l\u012bdz\u0161in\u0113jiem akcion\u0101riem un eso\u0161o uz\u0146\u0113muma vad\u012bbas komandu un specializ\u0113tu invest\u012bciju fondu N\u012bderland\u0113 ir nosl\u0113gts l\u012bgums par&hellip;\n","protected":false},"author":2,"featured_media":28164,"comment_status":"","ping_status":"","sticky":false,"template":"","format":"standard","meta":{"footnotes":""},"categories":[16],"tags":[869,77,870,76,867,35,39,38,36,37,34,871,868,40,21],"class_list":{"0":"post-28163","1":"post","2":"type-post","3":"status-publish","4":"format-standard","5":"has-post-thumbnail","7":"category-bizness","8":"tag-biznesa-zinas","9":"tag-bizness","10":"tag-bizness-latvija","11":"tag-business","12":"tag-dienas-zinas","13":"tag-latvia","14":"tag-latvian","15":"tag-latviesu","16":"tag-latviesu-valoda","17":"tag-latviesuvaloda","18":"tag-latvija","19":"tag-latvijas-biznesa-zinas","20":"tag-latvijas-zinas","21":"tag-lv","22":"tag-zinas"},"share_on_mastodon":{"url":"","error":""},"_links":{"self":[{"href":"https:\/\/www.europesays.com\/lv\/wp-json\/wp\/v2\/posts\/28163","targetHints":{"allow":["GET"]}}],"collection":[{"href":"https:\/\/www.europesays.com\/lv\/wp-json\/wp\/v2\/posts"}],"about":[{"href":"https:\/\/www.europesays.com\/lv\/wp-json\/wp\/v2\/types\/post"}],"author":[{"embeddable":true,"href":"https:\/\/www.europesays.com\/lv\/wp-json\/wp\/v2\/users\/2"}],"replies":[{"embeddable":true,"href":"https:\/\/www.europesays.com\/lv\/wp-json\/wp\/v2\/comments?post=28163"}],"version-history":[{"count":0,"href":"https:\/\/www.europesays.com\/lv\/wp-json\/wp\/v2\/posts\/28163\/revisions"}],"wp:featuredmedia":[{"embeddable":true,"href":"https:\/\/www.europesays.com\/lv\/wp-json\/wp\/v2\/media\/28164"}],"wp:attachment":[{"href":"https:\/\/www.europesays.com\/lv\/wp-json\/wp\/v2\/media?parent=28163"}],"wp:term":[{"taxonomy":"category","embeddable":true,"href":"https:\/\/www.europesays.com\/lv\/wp-json\/wp\/v2\/categories?post=28163"},{"taxonomy":"post_tag","embeddable":true,"href":"https:\/\/www.europesays.com\/lv\/wp-json\/wp\/v2\/tags?post=28163"}],"curies":[{"name":"wp","href":"https:\/\/api.w.org\/{rel}","templated":true}]}}