{"id":281642,"date":"2026-08-31T19:51:09","date_gmt":"2026-08-31T19:51:09","guid":{"rendered":"https:\/\/www.europesays.com\/lv\/281642\/"},"modified":"2026-08-31T19:51:09","modified_gmt":"2026-08-31T19:51:09","slug":"fatboy-slim-rudeni-uzstasies-koncertzale-palladium-apollo-lv","status":"publish","type":"post","link":"https:\/\/www.europesays.com\/lv\/281642\/","title":{"rendered":"&quot;Fatboy Slim&quot; ruden\u012b uzst\u0101sies koncertz\u0101l\u0113 &quot;Palladium&quot; &#8211; Apollo.lv"},"content":{"rendered":"<ol>\n<li><a href=\"https:\/\/news.google.com\/rss\/articles\/CBMihwFBVV95cUxNekxMUFNmSDRLd1g2dk9IWXJDNU02ZWx2dVlHUDdobTVIbllHS21ibVdxb3dUZ0hrR0hxaGFSLWRkNTluMGdfcHgxTldqRTVCWnBpckc0dm9tNFplOVQxV0o4QjN4OHhPdkppYy1YUEQ2TmVoMzJCdVAzYzg1N0ZMQl9LTnJmTDg?oc=5\" target=\"_blank\" rel=\"nofollow noopener\">&#8220;Fatboy Slim&#8221; ruden\u012b uzst\u0101sies koncertz\u0101l\u0113 &#8220;Palladium&#8221;<\/a>&nbsp;&nbsp;Apollo.lv<\/li>\n<li><a href=\"https:\/\/news.google.com\/rss\/articles\/CBMijAFBVV95cUxNdEs1UTdIc0hIY3dtaERPNDVYTHNfNjVLUmpZT0ZWYm9jQWpjcnB4QkktR2N4bjV3TjF2RkNFWW1IRzVQNmtkdnEyOHVHOG1OcnB1eDZBaVM3R19WeWg4SHBOR0xERlVud3NUY05Wa3JvRm1FSjhjeXd6NGh3aHFGdU9GanU1a1Z4WEpsQw?oc=5\" target=\"_blank\" rel=\"nofollow noopener\">Fatboy Slim novembr\u012b uzst\u0101sies R\u012bg\u0101<\/a>&nbsp;&nbsp;DELFI<\/li>\n<li><a href=\"https:\/\/news.google.com\/rss\/articles\/CBMif0FVX3lxTE5CVlJfSFJwaDFvZHd0VW9NT1ZXem4zOVBnWTJXcnhBRGVrVkRaS0M0OHpWLXV2MjZqNHhhOXdGdEs1c25kZGN0ZjN3ZmlpOUluVEE5RlVBZkdXYXc3dkJ2Njhmd3Zjc1hZVWVVZjVmZlc1YmY1eVVMbl93Z0kxbTQ?oc=5\" target=\"_blank\" rel=\"nofollow noopener\">Fatboy Slim uzst\u0101sies koncertz\u0101l\u0113 &#8220;Palladium&#8221;<\/a>&nbsp;&nbsp;Sejas.lv<\/li>\n<li><a href=\"https:\/\/news.google.com\/rss\/articles\/CBMiqgFBVV95cUxOdk9QZzFlUjV3QXgyNl93bXg1NWQ1azM2OXEzb2M3dUFtaWlNcTdCc3E3OHhIa3ljcF9DVkRkelpoaTVtcTNRLUlwS0tqZW5HYVRSWHp2ZjRVMXd2UUpTMldFaEV0X1RXaFZiTkx2RjJDbElRQWV1VnZITk5uSXRhdFUxNmowYmxGLVhUVFVPRkt1TEVDQTZVeE9aT2M1WnplU1dIU2x1REpiQQ?oc=5\" target=\"_blank\" rel=\"nofollow noopener\">Uz Latvijas ce\u013ciem vienas diennakts laik\u0101 aptur 17 dz\u0113ru\u0161us \u0161oferus<\/a>&nbsp;&nbsp;tv3.lv<\/li>\n<li><a href=\"https:\/\/news.google.com\/rss\/articles\/CBMixAFBVV95cUxQeHRESDdnSjhzNmxKN0JaOXZ3RDZ2T0xiQld3ek9HWE45VnpOTjJxaUt5dDIyUGF2cW5aSHZqY2VoZXJYRjBPQ0xPR0RCS0F1cUNBWGFmSkY2SXhmb2NSX21MNXZORTJGOWstdEVlWFVSbjA0RTJteVdENDBqM0F2MXRmTXFxaklLd2VxdEhGUG5ESms1SFU4V25Fd19mUVFiVi1nTVI1M2tKRmJTNFBJUU9jUkZNaDJWZldYbS1yTlM4cTE3?oc=5\" target=\"_blank\" rel=\"nofollow noopener\">Novembr\u012b R\u012bg\u0101 uzst\u0101sies elektronisk\u0101s m\u016bzikas d\u012bd\u017eejs Fatboy Slim \/ Raksts<\/a>&nbsp;&nbsp;LSM<\/li>\n<\/ol>\n","protected":false},"excerpt":{"rendered":"&#8220;Fatboy Slim&#8221; ruden\u012b uzst\u0101sies koncertz\u0101l\u0113 &#8220;Palladium&#8221;&nbsp;&nbsp;Apollo.lv Fatboy Slim novembr\u012b uzst\u0101sies R\u012bg\u0101&nbsp;&nbsp;DELFI Fatboy Slim uzst\u0101sies koncertz\u0101l\u0113 &#8220;Palladium&#8221;&nbsp;&nbsp;Sejas.lv Uz Latvijas&hellip;\n","protected":false},"author":2,"featured_media":281643,"comment_status":"","ping_status":"","sticky":false,"template":"","format":"standard","meta":{"footnotes":"","_share_on_mastodon":"0"},"categories":[19],"tags":[42204,42202,928,42203,13677,89,22505,90,202,35,39,38,36,37,34,40,1337,42205,172,42207,42206,42208],"class_list":["post-281642","post","type-post","status-publish","format-standard","has-post-thumbnail","category-izklaide","tag-better-living-through-chemistry","tag-big-beat","tag-deju-muzika","tag-dj-set","tag-elektroniska-muzika","tag-entertainment","tag-fatboy-slim","tag-izklaide","tag-koncerts","tag-latvia","tag-latvian","tag-latviesu","tag-latviesu-valoda","tag-latviesuvaloda","tag-latvija","tag-lv","tag-palladium","tag-praise-you","tag-riga","tag-sadarbibas","tag-the-rockafeller-skank","tag-vokals"],"share_on_mastodon":{"url":"https:\/\/pubeurope.com\/@lv\/117191867505435388","error":""},"_links":{"self":[{"href":"https:\/\/www.europesays.com\/lv\/wp-json\/wp\/v2\/posts\/281642","targetHints":{"allow":["GET"]}}],"collection":[{"href":"https:\/\/www.europesays.com\/lv\/wp-json\/wp\/v2\/posts"}],"about":[{"href":"https:\/\/www.europesays.com\/lv\/wp-json\/wp\/v2\/types\/post"}],"author":[{"embeddable":true,"href":"https:\/\/www.europesays.com\/lv\/wp-json\/wp\/v2\/users\/2"}],"replies":[{"embeddable":true,"href":"https:\/\/www.europesays.com\/lv\/wp-json\/wp\/v2\/comments?post=281642"}],"version-history":[{"count":0,"href":"https:\/\/www.europesays.com\/lv\/wp-json\/wp\/v2\/posts\/281642\/revisions"}],"wp:featuredmedia":[{"embeddable":true,"href":"https:\/\/www.europesays.com\/lv\/wp-json\/wp\/v2\/media\/281643"}],"wp:attachment":[{"href":"https:\/\/www.europesays.com\/lv\/wp-json\/wp\/v2\/media?parent=281642"}],"wp:term":[{"taxonomy":"category","embeddable":true,"href":"https:\/\/www.europesays.com\/lv\/wp-json\/wp\/v2\/categories?post=281642"},{"taxonomy":"post_tag","embeddable":true,"href":"https:\/\/www.europesays.com\/lv\/wp-json\/wp\/v2\/tags?post=281642"}],"curies":[{"name":"wp","href":"https:\/\/api.w.org\/{rel}","templated":true}]}}