{"id":28171,"date":"2025-10-22T12:15:08","date_gmt":"2025-10-22T12:15:08","guid":{"rendered":"https:\/\/www.europesays.com\/lv\/28171\/"},"modified":"2025-10-22T12:15:08","modified_gmt":"2025-10-22T12:15:08","slug":"riga-valmiera-un-daugavpili-izskanes-grandiozi-koncerti-10-tenors-ar-simfonisko-orkestri","status":"publish","type":"post","link":"https:\/\/www.europesays.com\/lv\/28171\/","title":{"rendered":"R\u012bg\u0101, Valmier\u0101 un Daugavpil\u012b izskan\u0113s grandiozi koncerti &#8220;10 Tenors&#8221; ar simfonisko or\u0137estri"},"content":{"rendered":"<p>Simfoniskais or\u0137estris, desmit tenori no piec\u0101m valst\u012bm, pasaul\u0113 iem\u012b\u013cot\u0101kie hiti un iespaid\u012bgs \u0161ovs, kas jau iekarojis skat\u012bt\u0101ju sirdis vis\u0101 Eirop\u0101. Katrs \u0161\u012b projekta dal\u012bbnieks ir spilgta person\u012bba ar savu tembru un harizmu, bet kop\u0101 vi\u0146i veido skan\u0113jumu, ko nav iesp\u0113jams atdarin\u0101t.<\/p>\n<p>Video: 10 Tenori iedzied Latviju ar &#8220;Debesis iekrita Tev\u012b&#8221;<\/p>\n<p>Koncertprogrammu veido pasaules klasikas un popul\u0101r\u0101s m\u016bzikas zelta izlase. Skat\u012bt\u0101ji dzird\u0113s Verdi un Pu\u010d\u012bni slaven\u0101s operu \u0101rijas, it\u0101\u013cu \u0161edevrus &#8220;O Sole Mio&#8221; un &#8220;Torna a Surriento&#8221;, rok un popa h\u012btus no Queen, Toma D\u017eonsa, Frenka Sinatras un Eda \u0160\u012brana repertu\u0101ra, k\u0101 ar\u012b sp\u0101\u0146u un lat\u012b\u0146amerik\u0101\u0146u bal\u0101des &#8211; &#8220;La Bamba&#8221;, &#8220;Besame Mucho&#8221;, &#8220;Funikuli Funikul\u00e0&#8221;. No operas \u0101rij\u0101m l\u012bdz roka bal\u0101d\u0113m &#8211; m\u016bzika, kas vieno paaudzes un ir saprotama bez tulkojuma.<\/p>\n<p>Vasaras koncerti &#8220;10 Tenors&#8221; J\u016brmal\u0101 un Liep\u0101j\u0101 k\u013cuva par \u012bstu triumfu &#8211; tie notika piln\u0101s z\u0101l\u0113s, skat\u012bt\u0101ji st\u0101v\u0113ja k\u0101j\u0101s, l\u016bdza atk\u0101rtot dziesmas un ar ov\u0101cij\u0101m sveica izpild\u012bjumu latvie\u0161u valod\u0101 &#8211; &#8220;Debesis iekrita tev\u012b&#8221;, kas koncert\u0101 izskan\u0113ja divreiz.<\/p>\n","protected":false},"excerpt":{"rendered":"Simfoniskais or\u0137estris, desmit tenori no piec\u0101m valst\u012bm, pasaul\u0113 iem\u012b\u013cot\u0101kie hiti un iespaid\u012bgs \u0161ovs, kas jau iekarojis skat\u012bt\u0101ju sirdis&hellip;\n","protected":false},"author":2,"featured_media":28172,"comment_status":"","ping_status":"","sticky":false,"template":"","format":"standard","meta":{"footnotes":""},"categories":[19],"tags":[89,90,202,35,39,38,36,37,34,40],"class_list":{"0":"post-28171","1":"post","2":"type-post","3":"status-publish","4":"format-standard","5":"has-post-thumbnail","7":"category-izklaide","8":"tag-entertainment","9":"tag-izklaide","10":"tag-koncerts","11":"tag-latvia","12":"tag-latvian","13":"tag-latviesu","14":"tag-latviesu-valoda","15":"tag-latviesuvaloda","16":"tag-latvija","17":"tag-lv"},"share_on_mastodon":{"url":"","error":""},"_links":{"self":[{"href":"https:\/\/www.europesays.com\/lv\/wp-json\/wp\/v2\/posts\/28171","targetHints":{"allow":["GET"]}}],"collection":[{"href":"https:\/\/www.europesays.com\/lv\/wp-json\/wp\/v2\/posts"}],"about":[{"href":"https:\/\/www.europesays.com\/lv\/wp-json\/wp\/v2\/types\/post"}],"author":[{"embeddable":true,"href":"https:\/\/www.europesays.com\/lv\/wp-json\/wp\/v2\/users\/2"}],"replies":[{"embeddable":true,"href":"https:\/\/www.europesays.com\/lv\/wp-json\/wp\/v2\/comments?post=28171"}],"version-history":[{"count":0,"href":"https:\/\/www.europesays.com\/lv\/wp-json\/wp\/v2\/posts\/28171\/revisions"}],"wp:featuredmedia":[{"embeddable":true,"href":"https:\/\/www.europesays.com\/lv\/wp-json\/wp\/v2\/media\/28172"}],"wp:attachment":[{"href":"https:\/\/www.europesays.com\/lv\/wp-json\/wp\/v2\/media?parent=28171"}],"wp:term":[{"taxonomy":"category","embeddable":true,"href":"https:\/\/www.europesays.com\/lv\/wp-json\/wp\/v2\/categories?post=28171"},{"taxonomy":"post_tag","embeddable":true,"href":"https:\/\/www.europesays.com\/lv\/wp-json\/wp\/v2\/tags?post=28171"}],"curies":[{"name":"wp","href":"https:\/\/api.w.org\/{rel}","templated":true}]}}