{"id":281724,"date":"2026-08-31T23:39:19","date_gmt":"2026-08-31T23:39:19","guid":{"rendered":"https:\/\/www.europesays.com\/lv\/281724\/"},"modified":"2026-08-31T23:39:19","modified_gmt":"2026-08-31T23:39:19","slug":"vairak-pirkt-vairak-est-vairak-izmest-festivals-maksla-par-galas-nodokli-reflektes-par-rijibu-raksts","status":"publish","type":"post","link":"https:\/\/www.europesays.com\/lv\/281724\/","title":{"rendered":"Vair\u0101k pirkt, vair\u0101k \u0113st, vair\u0101k izmest: festiv\u0101ls \u00abM\u0101ksla par ga\u013cas nodokli\u00bb reflekt\u0113s par rij\u012bbu \/ Raksts"},"content":{"rendered":"<p>No 4.\u00a0l\u012bdz 6.\u00a0septembrim rado\u0161\u0101s r\u016bpn\u012bcas &#8220;Veldze&#8221; pagrabos norisin\u0101sies festiv\u0101ls &#8220;M\u0101ksla par ga\u013cas nodokli&#8221;, pulc\u0113jot vair\u0101k nek\u0101 30 m\u0101kslinieku un lektoru no septi\u0146\u0101m valst\u012bm. \u0160\u012b gada festiv\u0101la centr\u0101l\u0101 t\u0113ma ir &#8220;rij\u012bba&#8221; \u2013\u00a0p\u0101rm\u0113r\u012bgs pat\u0113ri\u0146\u0161 un t\u0101 ietekme uz biolo\u0123isko daudzveid\u012bbu, sabiedr\u012bbas vesel\u012bbu, klimatu un dz\u012bvnieku labb\u016bt\u012bbu. Tr\u012bs dienu festiv\u0101la programm\u0101 b\u016bs skat\u0101ma starptautiska laikmet\u012bg\u0101s m\u0101kslas izst\u0101de, performances un koncerti, k\u0101 ar\u012b notiks lekcijas, m\u0101kslinieku sarunas un diskusijas, v\u0113sta r\u012bkot\u0101ji.\u00a0<\/p>\n<p style=\"margin-left:0cm; margin-right:0cm\">Viena no festiv\u0101la r\u012bkot\u0101j\u0101m un izst\u0101des kuratore Katr\u012bna \u0100bolti\u0146a nor\u0101da: &#8220;Priec\u0101jos, ka festiv\u0101ls aug un piesaista augo\u0161u starptautisku m\u0101kslinieku interesi. Arvien vair\u0101k m\u0101kslinieku v\u0113las ar saviem darbiem run\u0101t par rij\u012bbu ne tikai k\u0101 individu\u0101lu paradumu, bet ar\u012b k\u0101 vienu no pat\u0113r\u0113t\u0101jsabiedr\u012bbas iez\u012bm\u0113m. M\u0113s dz\u012bvojam sist\u0113m\u0101, kas nep\u0101rtraukti mudina pat\u0113r\u0113t vair\u0101k, \u2013\u00a0vair\u0101k pirkt, vair\u0101k \u0113st, vair\u0101k izmantot, vair\u0101k izmest.<\/p>\n<blockquote>\n<p style=\"margin-left:0cm; margin-right:0cm\">Daudz ret\u0101k dom\u0101jam par to, kas par \u0161o p\u0101rpiln\u012bbu maks\u0101 \u2013\u00a0m\u016bsu vesel\u012bba, dz\u012bvnieki, klimats un dabisk\u0101s ekosist\u0113mas. Rij\u012bba t\u0101p\u0113c nav tikai jaut\u0101jums par to, cik ap\u0113d viens cilv\u0113ks.\u00a0<\/p>\n<\/blockquote>\n<p style=\"margin-left:0cm; margin-right:0cm\">T\u0101 ir gan p\u0101rtikas sist\u0113mas probl\u0113ma, gan m\u016bsu katra izv\u0113le. M\u0113s nesp\u0113jam sasaist\u012bt to, kas atrodas uz m\u016bsu \u0161\u0137\u012bvja, ar sek\u0101m \u0101rpus t\u0101. Festiv\u0101la uzdevums ir ar m\u0101kslas pal\u012bdz\u012bbu \u0161o saikni padar\u012bt redzamu.&#8221;<\/p>\n<p style=\"margin-left:0cm; margin-right:0cm\"><img decoding=\"async\" src=\"https:\/\/www.europesays.com\/lv\/wp-content\/uploads\/2026\/08\/u1zn.jpg\" alt=\"Modes kolekcija festiv\u0101l\u0101 &quot;M\u0101ksla par ga\u013cas nodokli&quot;\"\/>Modes kolekcija festiv\u0101l\u0101 &#8220;M\u0101ksla par ga\u013cas nodokli&#8221;<\/p>\n<p>Foto: Publicit\u0101tes foto<\/p>\n<p><img decoding=\"async\" src=\"https:\/\/www.europesays.com\/lv\/wp-content\/uploads\/2026\/08\/u1zo.jpg\" alt=\"Helen Barker &quot;I Am A Pig!&quot;\"\/>Helen Barker &#8220;I Am A Pig!&#8221;<\/p>\n<p>Foto: Publicit\u0101tes foto<\/p>\n<p><img decoding=\"async\" src=\"https:\/\/www.europesays.com\/lv\/wp-content\/uploads\/2026\/08\/u1zp.jpg\" alt=\"Dana Ellyn &quot;Playing Favorites&quot;\"\/>Dana Ellyn &#8220;Playing Favorites&#8221;<\/p>\n<p>Foto: Publicit\u0101tes foto<\/p>\n<\/p>\n<p style=\"margin-left:0cm; margin-right:0cm\">Festiv\u0101ls s\u0101ksies 4.\u00a0septembr\u012b ar starptautisk\u0101s izst\u0101des atkl\u0101\u0161anu un vides p\u0113tnieka J\u0101\u0146a Brizgas lekciju &#8220;Di\u0113tu ekolo\u0123isk\u0101 p\u0113da&#8221;. Vakara gait\u0101 paredz\u0113tas ar\u012b m\u0101kslas performances un muzik\u0101li priek\u0161nesumi. 5.\u00a0septembr\u012b, festiv\u0101lam iek\u013caujoties &#8220;Balt\u0101s nakts&#8221; programm\u0101, izst\u0101de b\u016bs atv\u0113rta l\u012bdz v\u0113lai naktij. Taj\u0101 notiks ekskursijas, lekcijas un performances par p\u0101rtiku, ga\u013cas pat\u0113ri\u0146u, rij\u012bbu un cilv\u0113ka attiec\u012bb\u0101m ar cit\u0101m sug\u0101m. Programm\u0101 paredz\u0113ta ar\u012b Sandra M\u016bri\u0146a un Annijas Spr\u012bvules performance &#8220;Homonatura&#8221;, Katerinas Dementevas &#8220;Trigger Warning&#8221;, deju izr\u0101de &#8220;Mute&#8221;, &#8220;Normal Milk \u2013 vol. 4&#8221; un citi notikumi.\u00a0<\/p>\n<blockquote>\n<p style=\"margin-left:0cm; margin-right:0cm\">6.\u00a0septembr\u012b festiv\u0101ls turpin\u0101sies ar izst\u0101di, m\u0101kslinieku sarun\u0101m, performanci un nosl\u0113guma diskusiju par akt\u012bvisma m\u0101kslu.\u00a0<\/p>\n<\/blockquote>\n<p style=\"margin-left:0cm; margin-right:0cm\">Izst\u0101d\u0113 b\u016bs skat\u0101mas gleznas, z\u012bm\u0113jumi, fotogr\u0101fijas, tekstilijas, video, telpiski objekti un pat modes kolekcija.\u00a0<\/p>\n<p style=\"margin-left:0cm; margin-right:0cm\">K\u0101 skaidro r\u012bkot\u0101ji: &#8220;Festiv\u0101ls &#8220;M\u0101ksla par ga\u013cas nodokli&#8221; iest\u0101jas par ga\u013cas nodok\u013ca ievie\u0161anu k\u0101 vienu no iesp\u0113jamiem instrumentiem p\u0101rm\u0113r\u012bga ga\u013cas pat\u0113ri\u0146a mazin\u0101\u0161anai un ar laikmet\u012bg\u0101s m\u0101kslas pal\u012bdz\u012bbu rosina diskusiju par m\u016bsu p\u0101rtikas izv\u0113\u013cu ietekmi uz vidi, klimatu, dz\u012bvniekiem un cilv\u0113ku vesel\u012bbu.&#8221;<\/p>\n<p style=\"text-align:right\"><a href=\"https:\/\/www.lsm.lv\/temas\/laikmetiiga-maksla\/\" target=\"_blank\" class=\"lsm-link\" data-type=\"theme\" data-id=\"5044\" rel=\"nofollow noopener\">Vair\u0101k<\/a><\/p>\n<p>                    Valodas k\u013c\u016bda rakst\u0101?<\/p>\n<p class=\"d-none d-md-block\">Iez\u012bm\u0113jiet tekstu un spiediet Ctrl+Enter, lai nos\u016bt\u012btu labojamo teksta fragmentu redaktoram! Par faktu k\u013c\u016bd\u0101m l\u016bdzam zi\u0146ot e-past\u0101 redakcija@lsm.lv.<\/p>\n<p class=\"d-md-none\">Iez\u012bm\u0113jiet tekstu un spiediet uz Zi\u0146ot par k\u013c\u016bdu pogas, lai nos\u016bt\u012btu labojamo teksta fragmentu redaktoram!<\/p>\n<p>\n                    Zi\u0146ot par k\u013c\u016bdu\n                <\/p>\n","protected":false},"excerpt":{"rendered":"No 4.\u00a0l\u012bdz 6.\u00a0septembrim rado\u0161\u0101s r\u016bpn\u012bcas &#8220;Veldze&#8221; pagrabos norisin\u0101sies festiv\u0101ls &#8220;M\u0101ksla par ga\u013cas nodokli&#8221;, pulc\u0113jot vair\u0101k nek\u0101 30 m\u0101kslinieku&hellip;\n","protected":false},"author":2,"featured_media":281725,"comment_status":"","ping_status":"","sticky":false,"template":"","format":"standard","meta":{"footnotes":"","_share_on_mastodon":"0"},"categories":[19],"tags":[89,90,35,39,38,36,37,34,40],"class_list":["post-281724","post","type-post","status-publish","format-standard","has-post-thumbnail","category-izklaide","tag-entertainment","tag-izklaide","tag-latvia","tag-latvian","tag-latviesu","tag-latviesu-valoda","tag-latviesuvaloda","tag-latvija","tag-lv"],"share_on_mastodon":{"url":"https:\/\/pubeurope.com\/@lv\/117192764436570430","error":""},"_links":{"self":[{"href":"https:\/\/www.europesays.com\/lv\/wp-json\/wp\/v2\/posts\/281724","targetHints":{"allow":["GET"]}}],"collection":[{"href":"https:\/\/www.europesays.com\/lv\/wp-json\/wp\/v2\/posts"}],"about":[{"href":"https:\/\/www.europesays.com\/lv\/wp-json\/wp\/v2\/types\/post"}],"author":[{"embeddable":true,"href":"https:\/\/www.europesays.com\/lv\/wp-json\/wp\/v2\/users\/2"}],"replies":[{"embeddable":true,"href":"https:\/\/www.europesays.com\/lv\/wp-json\/wp\/v2\/comments?post=281724"}],"version-history":[{"count":0,"href":"https:\/\/www.europesays.com\/lv\/wp-json\/wp\/v2\/posts\/281724\/revisions"}],"wp:featuredmedia":[{"embeddable":true,"href":"https:\/\/www.europesays.com\/lv\/wp-json\/wp\/v2\/media\/281725"}],"wp:attachment":[{"href":"https:\/\/www.europesays.com\/lv\/wp-json\/wp\/v2\/media?parent=281724"}],"wp:term":[{"taxonomy":"category","embeddable":true,"href":"https:\/\/www.europesays.com\/lv\/wp-json\/wp\/v2\/categories?post=281724"},{"taxonomy":"post_tag","embeddable":true,"href":"https:\/\/www.europesays.com\/lv\/wp-json\/wp\/v2\/tags?post=281724"}],"curies":[{"name":"wp","href":"https:\/\/api.w.org\/{rel}","templated":true}]}}