{"id":281728,"date":"2026-09-01T00:09:19","date_gmt":"2026-09-01T00:09:19","guid":{"rendered":"https:\/\/www.europesays.com\/lv\/281728\/"},"modified":"2026-09-01T00:09:19","modified_gmt":"2026-09-01T00:09:19","slug":"latvija-viesojas-pasaule-zinamakais-latviesu-izcelsmes-popmuzikis-ko-lauv-te-darija","status":"publish","type":"post","link":"https:\/\/www.europesays.com\/lv\/281728\/","title":{"rendered":"Latvij\u0101 viesojas pasaul\u0113 zin\u0101m\u0101kais latvie\u0161u izcelsmes popm\u016bzi\u0137is. Ko Lauv te dar\u012bja?"},"content":{"rendered":"<p>Izst\u0101des autore ir Maretta Stapr\u0101ne-B\u0101rlova, pasaul\u0113 atz\u012bt\u0101 latvie\u0161u izcelsmes ASV gleznot\u0101ja Raimonda Stapr\u0101na vec\u0101k\u0101 meita. Savuk\u0101rt \u0100ris Stapr\u0101ns-Lefs ir Raimonda Stapr\u0101na br\u0101\u013ca mazd\u0113ls. Ar\u012b slaven\u0101 m\u016bzi\u0137a portrets apskat\u0101ms izst\u0101d\u0113, kas velt\u012bta Stapr\u0101nu dzimtas v\u0113sturei. Izst\u0101des apmekl\u0113jums k\u013cuva par pla\u0161u \u0123imenes satik\u0161anos, kur\u0101 pulc\u0113j\u0101s daudzi Stapr\u0101nu dzimtas p\u0101rst\u0101vji. Lauv bija kop\u0101 ar savu mammu Silviju, t\u0113ti Stjuartu, m\u0101s\u012bc\u0101m Krist\u012bnu un Laur\u0113nu, k\u0101 ar\u012b citiem \u0123imenes locek\u013ciem.<\/p>\n","protected":false},"excerpt":{"rendered":"Izst\u0101des autore ir Maretta Stapr\u0101ne-B\u0101rlova, pasaul\u0113 atz\u012bt\u0101 latvie\u0161u izcelsmes ASV gleznot\u0101ja Raimonda Stapr\u0101na vec\u0101k\u0101 meita. Savuk\u0101rt \u0100ris Stapr\u0101ns-Lefs&hellip;\n","protected":false},"author":2,"featured_media":281729,"comment_status":"","ping_status":"","sticky":false,"template":"","format":"standard","meta":{"footnotes":"","_share_on_mastodon":"0"},"categories":[19],"tags":[89,90,35,39,38,36,37,34,40],"class_list":["post-281728","post","type-post","status-publish","format-standard","has-post-thumbnail","category-izklaide","tag-entertainment","tag-izklaide","tag-latvia","tag-latvian","tag-latviesu","tag-latviesu-valoda","tag-latviesuvaloda","tag-latvija","tag-lv"],"share_on_mastodon":{"url":"https:\/\/pubeurope.com\/@lv\/117192882055756548","error":""},"_links":{"self":[{"href":"https:\/\/www.europesays.com\/lv\/wp-json\/wp\/v2\/posts\/281728","targetHints":{"allow":["GET"]}}],"collection":[{"href":"https:\/\/www.europesays.com\/lv\/wp-json\/wp\/v2\/posts"}],"about":[{"href":"https:\/\/www.europesays.com\/lv\/wp-json\/wp\/v2\/types\/post"}],"author":[{"embeddable":true,"href":"https:\/\/www.europesays.com\/lv\/wp-json\/wp\/v2\/users\/2"}],"replies":[{"embeddable":true,"href":"https:\/\/www.europesays.com\/lv\/wp-json\/wp\/v2\/comments?post=281728"}],"version-history":[{"count":0,"href":"https:\/\/www.europesays.com\/lv\/wp-json\/wp\/v2\/posts\/281728\/revisions"}],"wp:featuredmedia":[{"embeddable":true,"href":"https:\/\/www.europesays.com\/lv\/wp-json\/wp\/v2\/media\/281729"}],"wp:attachment":[{"href":"https:\/\/www.europesays.com\/lv\/wp-json\/wp\/v2\/media?parent=281728"}],"wp:term":[{"taxonomy":"category","embeddable":true,"href":"https:\/\/www.europesays.com\/lv\/wp-json\/wp\/v2\/categories?post=281728"},{"taxonomy":"post_tag","embeddable":true,"href":"https:\/\/www.europesays.com\/lv\/wp-json\/wp\/v2\/tags?post=281728"}],"curies":[{"name":"wp","href":"https:\/\/api.w.org\/{rel}","templated":true}]}}