{"id":281742,"date":"2026-09-01T00:28:17","date_gmt":"2026-09-01T00:28:17","guid":{"rendered":"https:\/\/www.europesays.com\/lv\/281742\/"},"modified":"2026-09-01T00:28:17","modified_gmt":"2026-09-01T00:28:17","slug":"2annas-ar-jaunako-latviesu-isfilmu-programmu-dodas-kino-ture-pa-latviju","status":"publish","type":"post","link":"https:\/\/www.europesays.com\/lv\/281742\/","title":{"rendered":"&#8220;2ANNAS&#8221; ar jaun\u0101ko latvie\u0161u \u012bsfilmu programmu dodas kino t\u016br\u0113 pa Latviju"},"content":{"rendered":"<p>Programm\u0101 iek\u013caut\u0101 Ar\u0146a Kalni\u0146a filma &#8220;V\u0113rot\u0101js&#8221; festiv\u0101l\u0101 sa\u0146\u0113ma \u012bpa\u0161o atzin\u012bbu k\u0101 lab\u0101k\u0101 latvie\u0161u \u012bsfilma, savuk\u0101rt Andreja Br\u012bvu\u013ca &#8220;T\u012br\u012bba&#8221; k\u013cuva par programmas &#8220;T\u012bri kv\u012brs&#8221; galven\u0101s balvas ieguv\u0113ju.<\/p>\n<p>\u012asfilmu programma &#8220;\u012asais latvietis #3&#8221;:<\/p>\n<p>&#8220;Kur saul\u012bte nakti gu\u013c?&#8221; (Re\u017e. Ildze Felsberga)<\/p>\n<p>Latvija \/ 2025 \/ sp\u0113les \u012bsfilma \/ 23 min.<\/p>\n<p>Lai p\u0101rvar\u0113tu nemit\u012bgi pieaugo\u0161os izaicin\u0101jumus, k\u0101das pel\u0113c\u012bgas biroja \u0113kas darbinieki piev\u0113r\u0161as ritu\u0101liem.<\/p>\n<p>&#8220;No No Place Hotel&#8221; (Re\u017e. Reinis Ubelis)<\/p>\n<p>Latvija \/ 2025 \/ sp\u0113les \u012bsfilma \/ 12 min.<\/p>\n<p>Pa\u0161\u0101 pils\u0113tas centr\u0101, iespiesta starp biroju tor\u0146iem, st\u0101v k\u0101da di\u017eena celtne, par kuru neviens vairs nerun\u0101 \u2013 &#8220;No No Place Hotel&#8221;. Reiz moderna viesn\u012bca tiek p\u0113k\u0161\u0146i un uz visiem laikiem sl\u0113gta p\u0113c tam, kad varas iest\u0101des noskat\u0101s 12 min\u016btes nov\u0113ro\u0161anas kameru ieraksta.<\/p>\n<p>&#8220;V\u0113ro\u0161anas m\u0101ksla&#8221; (Re\u017e. Andris Gauja)<\/p>\n<p>Latvija, Igaunija \/ 2024 \/ dokument\u0101l\u0101 \u012bsfilma \/ 17 min.<\/p>\n<p>Astronomi teleskopos redz, ka Visumam ir t\u012bklveida strukt\u016bra. G\u013cots\u0113\u0146u p\u0113tnieki mikroskopos ierauga, ka mikroskopiskie organismi veido p\u0101rsteidzo\u0161i l\u012bdz\u012bgu t\u012bklojumu.<\/p>\n<p>&#8220;Omamma&#8221; (Re\u017e. Ieva Ozoli\u0146a)<\/p>\n<p>Latvija \/ 2026 \/ hibr\u012bdfilma \/ 6 min.<\/p>\n<p>M\u012blest\u012bbas v\u0113stule vecm\u0101mi\u0146\u0101m. 88 gadus vec\u0101s Ainas ikdien\u0101 b\u016btiskas ir r\u016bpes par vesel\u012bbu, ta\u010du vi\u0146as skat\u012bjums uz dz\u012bvi ir sapratnes, viegluma un humora pilns. Filmas strukt\u016bru veido piecas fr\u0101zes, kuras vi\u0146a visbie\u017e\u0101k lieto ikdien\u0101.<\/p>\n<p>&#8220;T\u012br\u012bba&#8221; (Re\u017e. Andrejs Br\u012bvulis)<\/p>\n<p>Latvija, Be\u013c\u0123ija \/ 2025 \/ anim\u0101cija \/ 5 min.<\/p>\n<p>K\u0101da biroja darbinieka dienasgr\u0101mata s\u0101kas k\u0101 humorpilns ieskats vi\u0146a nenopietnajos homoseksu\u0101lajos piedz\u012bvojumos, ta\u010du st\u0101sts k\u013c\u016bst skarb\u0101ks, atkl\u0101joties vi\u0146a attiec\u012bb\u0101m ar dzi\u013c\u0101 depresij\u0101 un alkoholism\u0101 iegrimu\u0161u v\u012brieti.<\/p>\n<p>&#8220;Iel\u0101de&#8221; (Re\u017e. L\u012bva Polkmane)<\/p>\n<p>Latvija \/ 2024 \/ dokument\u0101l\u0101 \u012bsfilma \/ 26 min.<\/p>\n<p>Film\u0101 notverts laiks, kad robotika un m\u0101ksl\u012bgais intelekts vairs nav \u0161\u0137irami no Latvijas ikdienas. Sabiedr\u012bba, reiz\u0113 zi\u0146k\u0101r\u012bga un skeptiska, m\u0101c\u0101s sadz\u012bvot ar tehnolo\u0123ij\u0101m, kas arvien vair\u0101k ien\u0101k ikdienas procesos.<\/p>\n<p>&#8220;V\u0113rot\u0101js&#8221; (Re\u017e. Arnis Kalni\u0146\u0161)<\/p>\n<p>Latvija \/ 2025 \/ dokument\u0101l\u0101 \u012bsfilma \/ 18 min.<\/p>\n<p>Re\u017eisors v\u0113ro savu t\u0113vu \u2013 fotogr\u0101fu \u2013 no neierastas distances, no drona lidojuma, kam\u0113r t\u0113vs rok kapu, dungodams b\u0113rn\u012bb\u0101 dzird\u0113tu dziesmu.<\/p>\n","protected":false},"excerpt":{"rendered":"Programm\u0101 iek\u013caut\u0101 Ar\u0146a Kalni\u0146a filma &#8220;V\u0113rot\u0101js&#8221; festiv\u0101l\u0101 sa\u0146\u0113ma \u012bpa\u0161o atzin\u012bbu k\u0101 lab\u0101k\u0101 latvie\u0161u \u012bsfilma, savuk\u0101rt Andreja Br\u012bvu\u013ca &#8220;T\u012br\u012bba&#8221;&hellip;\n","protected":false},"author":2,"featured_media":281743,"comment_status":"","ping_status":"","sticky":false,"template":"","format":"standard","meta":{"footnotes":"","_share_on_mastodon":"0"},"categories":[19],"tags":[42211,89,42210,90,35,39,38,36,37,34,40,42209],"class_list":["post-281742","post","type-post","status-publish","format-standard","has-post-thumbnail","category-izklaide","tag-2annas-isff-2026","tag-entertainment","tag-isais-latvietis-3","tag-izklaide","tag-latvia","tag-latvian","tag-latviesu","tag-latviesu-valoda","tag-latviesuvaloda","tag-latvija","tag-lv","tag-rigas-starptautiskais-isfilmu-festivals-2annas"],"share_on_mastodon":{"url":"https:\/\/pubeurope.com\/@lv\/117192956424181940","error":""},"_links":{"self":[{"href":"https:\/\/www.europesays.com\/lv\/wp-json\/wp\/v2\/posts\/281742","targetHints":{"allow":["GET"]}}],"collection":[{"href":"https:\/\/www.europesays.com\/lv\/wp-json\/wp\/v2\/posts"}],"about":[{"href":"https:\/\/www.europesays.com\/lv\/wp-json\/wp\/v2\/types\/post"}],"author":[{"embeddable":true,"href":"https:\/\/www.europesays.com\/lv\/wp-json\/wp\/v2\/users\/2"}],"replies":[{"embeddable":true,"href":"https:\/\/www.europesays.com\/lv\/wp-json\/wp\/v2\/comments?post=281742"}],"version-history":[{"count":0,"href":"https:\/\/www.europesays.com\/lv\/wp-json\/wp\/v2\/posts\/281742\/revisions"}],"wp:featuredmedia":[{"embeddable":true,"href":"https:\/\/www.europesays.com\/lv\/wp-json\/wp\/v2\/media\/281743"}],"wp:attachment":[{"href":"https:\/\/www.europesays.com\/lv\/wp-json\/wp\/v2\/media?parent=281742"}],"wp:term":[{"taxonomy":"category","embeddable":true,"href":"https:\/\/www.europesays.com\/lv\/wp-json\/wp\/v2\/categories?post=281742"},{"taxonomy":"post_tag","embeddable":true,"href":"https:\/\/www.europesays.com\/lv\/wp-json\/wp\/v2\/tags?post=281742"}],"curies":[{"name":"wp","href":"https:\/\/api.w.org\/{rel}","templated":true}]}}