{"id":28177,"date":"2025-10-22T12:19:14","date_gmt":"2025-10-22T12:19:14","guid":{"rendered":"https:\/\/www.europesays.com\/lv\/28177\/"},"modified":"2025-10-22T12:19:14","modified_gmt":"2025-10-22T12:19:14","slug":"abu-meri-aicina-mediku-arodbiedribu-turpinat-sarunas-nevis-nostaties-ultimatu-pozicija-2","status":"publish","type":"post","link":"https:\/\/www.europesays.com\/lv\/28177\/","title":{"rendered":"Abu Meri aicina medi\u0137u arodbiedr\u012bbu turpin\u0101t sarunas, nevis &#8220;nost\u0101ties ultim\u0101tu poz\u012bcij\u0101&#8221;"},"content":{"rendered":"<p>Vesel\u012bbas ministrs Hosams Abu Meri (JV) aicina vi\u0146am neuztic\u012bbu izteiku\u0161o Latvijas Vesel\u012bbas un soci\u0101l\u0101s apr\u016bpes darbinieku arodbiedr\u012bbu (LVSADA) turpin\u0101t sarunas un mekl\u0113t risin\u0101jumus, nevis nost\u0101ties ultim\u0101tu poz\u012bcij\u0101, uzsverot, ka vienm\u0113r bijis atv\u0113rts dialogam.<\/p>\n<p>K\u0101 a\u0123ent\u016brai LETA ar savas padomnieces Ilonas O\u0161as starpniec\u012bbu pauda Abu Meri, sarunas ar arodbiedr\u012bbu vienm\u0113r ir diplom\u0101tisks &#8220;tango&#8221; &#8211; taj\u0101s j\u0101sp\u0113j l\u012bdzsvarot darbinieku intereses ar valsts iesp\u0113j\u0101m, bet, ja partneris &#8220;uzbr\u016bk&#8221; &#8211; deja neizdosies.<\/p>\n<p>Ministrs nor\u0101da, ka vald\u012bbai, sagatavojot 2026. gada bud\u017eetu, bija j\u0101pie\u0146em sare\u017e\u0123\u012bti un atbild\u012bgi l\u0113mumi, lai nodro\u0161in\u0101tu gan valsts dro\u0161\u012bbu, gan soci\u0101lo funkciju nep\u0101rtraukt\u012bbu, kas risina ar\u012b demogr\u0101fijas izaicin\u0101jumus.<\/p>\n<p>&#8220;Es piekritu uz\u0146emties vesel\u012bbas ministra amatu nevis amata d\u0113\u013c, bet, lai pan\u0101ktu kvalitat\u012bvas izmai\u0146as vesel\u012bbas apr\u016bp\u0113,&#8221; saka Abu Meri.<\/p>\n<p>&#8220;Apzinos, ka sav\u0101 amat\u0101 daudziem esmu bijis ne\u0113rts, jo esmu ierosin\u0101jis p\u0101rmai\u0146as, tom\u0113r esmu p\u0101rliecin\u0101ts, ka tikai caur \u0161\u012bm p\u0101rmai\u0146\u0101m iesp\u0113jams nodro\u0161in\u0101t ilgtsp\u0113j\u012bgu, pacientiem pieejamu un profesion\u0101\u013ciem cie\u0146pilnu vesel\u012bbas apr\u016bpes sist\u0113mu,&#8221; skaidro ministrs.<\/p>\n<p>Abu Meri uzsver, ka finans\u0113jums vesel\u012bbas apr\u016bpei Latvij\u0101 joproj\u0101m ir kritiski nepietiekams. &#8220;Esmu to vair\u0101kk\u0101rt uzsv\u0113ris un par to piln\u012bb\u0101 piekr\u012btu arodbiedr\u012bbas v\u0113rt\u0113jumam &#8211; esmu to atkal un atkal uzsv\u0113ris gan kol\u0113\u0123iem vald\u012bb\u0101, gan Saeim\u0101,&#8221; nor\u0101da ministrs.<\/p>\n<p>Vi\u0146\u0161 uzsver, ka ar\u012b atalgojuma palielin\u0101\u0161ana ir viens no Vesel\u012bbas ministrijas (VM) strat\u0113\u0123iskajiem virzieniem Vesel\u012bbas darbasp\u0113ka att\u012bst\u012bbas strat\u0113\u0123ij\u0101, vienlaikus pilnveidojot ar\u012b izgl\u012bt\u012bbas, darba vides un motiv\u0101cijas jaut\u0101jumus.<\/p>\n<p>Abu Meri atg\u0101dina, ka tie\u0161i \u0161aj\u0101 vald\u012bb\u0101 \u0101rstniec\u012bbas personas 2024. gad\u0101 sa\u0146\u0113ma noz\u012bm\u012bgu atalgojuma pieaugumu.<\/p>\n<p>&#8220;Mums ar arodbiedr\u012bbu bija konkr\u0113ta vieno\u0161an\u0101s par konkr\u0113tiem kop\u012bgiem uzdevumiem &#8211; atalgojuma paaugstin\u0101\u0161ana un dro\u0161u darba apst\u0101k\u013cu stiprin\u0101\u0161ana Neatliekam\u0101s medic\u012bnisk\u0101s pal\u012bdz\u012bbas dienesta (NMPD) darbiniekiem, kurus VM ir izpild\u012bjusi,&#8221; uzsver ministrs. T\u0101pat bijusi konkr\u0113ta vieno\u0161an\u0101s, ka atalgojums tiks p\u0101rskat\u012bts 2026. gada ruden\u012b, apgalvo ministrs.<\/p>\n<p>Ministrs atz\u012bm\u0113, ka \u0161ajos divos gados ir ne tikai palielin\u0101ts \u0101rstniec\u012bbas personu atalgojums, bet \u012bpa\u0161i dom\u0101ts par jaunajiem profesion\u0101\u013ciem &#8211; rezidentiem. T\u0101pat aktualiz\u0113ta ar\u012b m\u0101su loma vesel\u012bbas apr\u016bp\u0113, ievie\u0161ot papildu studiju vietas un jaunu m\u0101c\u012bbu programmu &#8220;Papla\u0161in\u0101tas kompetences m\u0101sa&#8221;. M\u0101s\u0101m paredz\u0113tas ties\u012bbas izrakst\u012bt receptes un stiprin\u0101ta farmaceitu loma un profesion\u0101l\u0101 noz\u012bme.<\/p>\n<p>Vesel\u012bbas apr\u016bpe nav nozare, kur\u0101 iesp\u0113jamas straujas un virspus\u0113jas p\u0101rmai\u0146as, ta\u010du divu gadu laik\u0101 kop\u0101 ar nozares profesion\u0101\u013ciem paveikts daudz, v\u0113rt\u0113 Abu Meri.<\/p>\n<p>&#8220;Kam\u0113r vien man b\u016bs iesp\u0113ja, \u0161o darbu turpin\u0101\u0161u ar t\u0101du pa\u0161u ap\u0146\u0113m\u012bbu un atbild\u012bbu pret pacientiem, medi\u0137iem un valsti,&#8221; uzsver ministrs.<\/p>\n<p>K\u0101 v\u0113st\u012bts, LVSADA l\u0113musi izteikt neuztic\u012bbu vesel\u012bbas ministram un Vesel\u012bbas ministrijai, a\u0123ent\u016bru LETA inform\u0113ja t\u0101s vad\u012bt\u0101js Valdis Keris.<\/p>\n<p>Par turpm\u0101kajiem so\u013ciem LVSADA lems n\u0101kamaj\u0101 padomes s\u0113d\u0113 16. decembr\u012b. Keris nor\u0101d\u012bja, ka \u0161obr\u012bd v\u0113l veicami gatavo\u0161an\u0101s darbi, lai apzin\u0101tu turpm\u0101ko r\u012bc\u012bbu &#8211; iesp\u0113jams, j\u0101veic anket\u0113\u0161ana un aptaujas, k\u0101 ar\u012b j\u0101apzina t\u0101l\u0101k\u0101s r\u012bc\u012bbas varianti, vi\u0146\u0161 skaidroja.<\/p>\n<p>Arodbiedr\u012bba v\u0113ros, k\u0101 Saeim\u0101 virz\u0101s valsts bud\u017eeta projekts. Keris nor\u0101d\u012bja, ka gad\u012bjum\u0101, ja nepie\u0146em bud\u017eetu un kr\u012bt vald\u012bba, seko\u0161ot viens variants, bet, ja vald\u012bba savu darbu turpina, tad paredz\u0113ts cits r\u012bc\u012bbas scen\u0101rijs. L\u012bdz ar to turpm\u0101kie notikumi ietekm\u0113s ar\u012b t\u0101l\u0101k\u0101s darb\u012bbas un to iesp\u0113jas, kl\u0101st\u012bja Keris.<\/p>\n<p>Arodbiedr\u012bbas vad\u012bt\u0101js ar\u012b apstiprin\u0101ja, ka netiek izsl\u0113gta protesta iesp\u0113ja, nor\u0101dot, ka neuztic\u012bbas izteik\u0161ana ir tikai viens no pirmajiem so\u013ciem.<\/p>\n<p>Arodbiedr\u012bba pieprasa no 2026. gada 1. janv\u0101ra palielin\u0101t vid\u0113jo darba samaksu \u0101rstniec\u012bbas person\u0101m par 13,5%, bet \u0101rstniec\u012bbas iest\u0101\u017eu darbiniekiem, kuri nav \u0101rstniec\u012bbas personas, &#8211; par 120 eiro. Tas bud\u017eet\u0101 pras\u012btu papildu 133 miljonus eiro.<\/p>\n<p>Ne \u0161ogad, ne 2026. gad\u0101 valsts nepl\u0101no paaugstin\u0101t darba samaksu vesel\u012bbas apr\u016bpes nozares darbiniekiem, nor\u0101da arodbiedr\u012bb\u0101. Tas savuk\u0101rt draud ar nozares profesion\u0101\u013cu strauj\u0101ku aizpl\u016b\u0161anu no valsts sektora situ\u0101cij\u0101, kas cilv\u0113kresursu defic\u012bta zi\u0146\u0101 jau t\u0101 ir kritiska, atz\u012bm\u0113 LVSADA.<\/p>\n<p>K\u0101 skaidro LVSADA, pirmaj\u0101 izl\u012bg\u0161anas komisijas s\u0113d\u0113 arodbiedr\u012bba aicin\u0101jusi VM iesniegt Ministru kabinetam attiec\u012bgu piepras\u012bjumu par papildu finans\u0113jumu vesel\u012bbas apr\u016bpes nozarei un pied\u0101v\u0101ja atlikt sarunu turpin\u0101\u0161anu, kam\u0113r nav sa\u0146emta atbilde no vald\u012bbas.<\/p>\n<p>Savuk\u0101rt otraj\u0101 izl\u012bg\u0161anas komisijas s\u0113d\u0113 VM zi\u0146ojusi, ka piepras\u012bjumu vald\u012bbai nesniegs. T\u0101 viet\u0101 VM pied\u0101v\u0101jusi LVSADA kop\u012bgi iesniegt piepras\u012bjumu par darba samaksas paaugstin\u0101\u0161anu tad, kad tiks veidots valsts bud\u017eeta projekts 2027. gadam (2026. gad\u0101), un ar nosac\u012bjumu, ka vald\u012bba neb\u016bs aizliegusi ko t\u0101du piepras\u012bt, skaidro arodbiedr\u012bb\u0101.<\/p>\n<p>T\u0101dam pied\u0101v\u0101jumam LVSADA nevar\u0113jusi piekrist, l\u012bdz ar to vieno\u0161an\u0101s starp str\u012bda pus\u0113m netika pan\u0101kta. Attiec\u012bgi Izl\u012bg\u0161anas komisijas darbs, p\u0113c tam kad arodbiedr\u012bba pras\u012bbas apmierin\u0101\u0161anai uzs\u0101ka kolekt\u012bv\u0101 intere\u0161u str\u012bda proced\u016bru, ir nosl\u0113dzies bez rezult\u0101ta.<\/p>\n<p>Tikm\u0113r VM nor\u0101d\u012bjusi, ka t\u0101 apzinoties cilv\u0113kresursu situ\u0101cijas nopietn\u012bbu vesel\u012bbas apr\u016bp\u0113, \u012bpa\u0161i m\u0101su tr\u016bkumu, un atz\u012bst, ka atalgojuma pieaugums ir noz\u012bm\u012bgs faktors speci\u0101listu notur\u0113\u0161anai un piesaistei darba viet\u0101m valsts sektor\u0101 valsts apmaks\u0101to vesel\u012bbas apr\u016bpes pakalpojumu snieg\u0161anai. Ministrija iest\u0101joties par &#8220;m\u0113r\u0137tiec\u012bgu un sistem\u0101tisku cilv\u0113kresursu stiprin\u0101\u0161anu atbilsto\u0161i pie\u0146emtajai Vesel\u012bbas darbasp\u0113ka att\u012bst\u012bbas strat\u0113\u0123ijai 2025.-2029. gadam, k\u0101 ar\u012b regul\u0101ru dialogu ar arodbiedr\u012bbu un nozares profesion\u0101laj\u0101m organiz\u0101cij\u0101m&#8221;.<\/p>\n<p>VM atg\u0101dina, ka ar LVSADA 2023. gad\u0101 tika nosl\u0113gts Sadarb\u012bbas memorands par cilv\u0113kresursu stiprin\u0101\u0161anu vesel\u012bbas apr\u016bpes nozar\u0113, un 2024. gada 1. janv\u0101r\u012b nozar\u0113 tika nodro\u0161in\u0101ts darba samaksas pieaugums.<\/p>\n<p>Vesel\u012bbas ministrs iepriek\u0161 ir atz\u012bm\u0113jis, ka l\u012bdzek\u013cu bud\u017eet\u0101 arodbiedr\u012bbas pras\u012bbu izpildei \u0161obr\u012bd nav.<\/p>\n<p>Vesel\u012bbas nozarei n\u0101kam\u0101 gada bud\u017eet\u0101 paredz\u0113ti papildu 34,5 miljoni eiro, un no pl\u0101not\u0101 papildu finans\u0113juma liel\u0101k\u0101 da\u013ca papildu l\u012bdzek\u013cu tiks ieguld\u012bti m\u0101tes un b\u0113rna vesel\u012bbas apr\u016bpes uzlabo\u0161an\u0101.<\/p>\n<p>LVSADA apgalvo, ka Ministru kabinets ir rad\u012bjis valsts bud\u017eeta projektu 2026. gadam, kas mazin\u0101s valsts konkur\u0113tsp\u0113ju, kait\u0113s Latvijas ilgtsp\u0113jai un graus soci\u0101lo taisn\u012bgumu.<\/p>\n<p>Eso\u0161o valsts bud\u017eeta projektu apstiprin\u0101t nedr\u012bkst, uzskata arodbiedr\u012bb\u0101.<\/p>\n","protected":false},"excerpt":{"rendered":"Vesel\u012bbas ministrs Hosams Abu Meri (JV) aicina vi\u0146am neuztic\u012bbu izteiku\u0161o Latvijas Vesel\u012bbas un soci\u0101l\u0101s apr\u016bpes darbinieku arodbiedr\u012bbu (LVSADA)&hellip;\n","protected":false},"author":2,"featured_media":27353,"comment_status":"","ping_status":"","sticky":false,"template":"","format":"standard","meta":{"footnotes":""},"categories":[12],"tags":[129,1209,1565,23,28,29,32,33,22,30,31,35,39,38,36,37,34,40,20,26,27,1210,1566,1211,1567,24,25,21],"class_list":{"0":"post-28177","1":"post","2":"type-post","3":"status-publish","4":"format-standard","5":"has-post-thumbnail","7":"category-latvija","8":"tag-__typenameadvicekeyword","9":"tag-id824","10":"tag-id853","11":"tag-aktualitates","12":"tag-breaking-news","13":"tag-breakingnews","14":"tag-featured-news","15":"tag-featurednews","16":"tag-headlines","17":"tag-latest-news","18":"tag-latestnews","19":"tag-latvia","20":"tag-latvian","21":"tag-latviesu","22":"tag-latviesu-valoda","23":"tag-latviesuvaloda","24":"tag-latvija","25":"tag-lv","26":"tag-news","27":"tag-popularakas-zinas","28":"tag-popularakaszinas","29":"tag-slugpolitika","30":"tag-slugveselibas-ministrija","31":"tag-titlepolitika","32":"tag-titleveselibas-ministrija","33":"tag-top-stories","34":"tag-topstories","35":"tag-zinas"},"share_on_mastodon":{"url":"","error":""},"_links":{"self":[{"href":"https:\/\/www.europesays.com\/lv\/wp-json\/wp\/v2\/posts\/28177","targetHints":{"allow":["GET"]}}],"collection":[{"href":"https:\/\/www.europesays.com\/lv\/wp-json\/wp\/v2\/posts"}],"about":[{"href":"https:\/\/www.europesays.com\/lv\/wp-json\/wp\/v2\/types\/post"}],"author":[{"embeddable":true,"href":"https:\/\/www.europesays.com\/lv\/wp-json\/wp\/v2\/users\/2"}],"replies":[{"embeddable":true,"href":"https:\/\/www.europesays.com\/lv\/wp-json\/wp\/v2\/comments?post=28177"}],"version-history":[{"count":0,"href":"https:\/\/www.europesays.com\/lv\/wp-json\/wp\/v2\/posts\/28177\/revisions"}],"wp:featuredmedia":[{"embeddable":true,"href":"https:\/\/www.europesays.com\/lv\/wp-json\/wp\/v2\/media\/27353"}],"wp:attachment":[{"href":"https:\/\/www.europesays.com\/lv\/wp-json\/wp\/v2\/media?parent=28177"}],"wp:term":[{"taxonomy":"category","embeddable":true,"href":"https:\/\/www.europesays.com\/lv\/wp-json\/wp\/v2\/categories?post=28177"},{"taxonomy":"post_tag","embeddable":true,"href":"https:\/\/www.europesays.com\/lv\/wp-json\/wp\/v2\/tags?post=28177"}],"curies":[{"name":"wp","href":"https:\/\/api.w.org\/{rel}","templated":true}]}}