{"id":281802,"date":"2026-09-01T02:40:14","date_gmt":"2026-09-01T02:40:14","guid":{"rendered":"https:\/\/www.europesays.com\/lv\/281802\/"},"modified":"2026-09-01T02:40:14","modified_gmt":"2026-09-01T02:40:14","slug":"festivals-maksla-par-galas-nodokli-pulces-vairak-neka-40-makslinieku-no-septinam-valstim","status":"publish","type":"post","link":"https:\/\/www.europesays.com\/lv\/281802\/","title":{"rendered":"Festiv\u0101ls M\u0101ksla par ga\u013cas nodokli pulc\u0113s vair\u0101k nek\u0101 40 m\u0101kslinieku no septi\u0146\u0101m valst\u012bm"},"content":{"rendered":"<p>\u0160is b\u016bs otrais festiv\u0101ls M\u0101ksla par ga\u013cas nodokli. \u0160ogad t\u0101 uzman\u012bbas centr\u0101 ir rij\u012bba ne tikai k\u0101 individu\u0101ls paradums, bet ar\u012b k\u0101 pat\u0113r\u0113t\u0101jsabiedr\u012bbas un m\u016bsdienu p\u0101rtikas sist\u0113mas iez\u012bme. Festiv\u0101ls aicina dom\u0101t par saikni starp to, ko un cik daudz pat\u0113r\u0113jam, un sek\u0101m, ko m\u016bsu izv\u0113les rada \u0101rpus m\u016bsu \u0161\u0137\u012bvja.<\/p>\n<p>Festiv\u0101la l\u012bdzorganizatore un izst\u0101des kuratore Katr\u012bna \u0100bolti\u0146a: \u201cPriec\u0101jos, ka festiv\u0101ls aug un piesaista augo\u0161u starptautisku m\u0101kslinieku interesi. Arvien vair\u0101k m\u0101kslinieku v\u0113las ar saviem darbiem run\u0101t par rij\u012bbu ne tikai k\u0101 individu\u0101lu paradumu, bet ar\u012b k\u0101 vienu no pat\u0113r\u0113t\u0101jsabiedr\u012bbas iez\u012bm\u0113m. M\u0113s dz\u012bvojam sist\u0113m\u0101, kas nep\u0101rtraukti mudina pat\u0113r\u0113t vair\u0101k \u2014 vair\u0101k pirkt, vair\u0101k \u0113st, vair\u0101k izmantot, vair\u0101k izmest. Daudz ret\u0101k dom\u0101jam par to, kas par \u0161o p\u0101rpiln\u012bbu maks\u0101 \u2014 m\u016bsu vesel\u012bba, dz\u012bvnieki, klimats un dabisk\u0101s ekosist\u0113mas. Rij\u012bba t\u0101p\u0113c nav tikai jaut\u0101jums par to, cik ap\u0113d viens cilv\u0113ks. T\u0101 ir gan p\u0101rtikas sist\u0113mas probl\u0113ma, gan m\u016bsu katra izv\u0113le. M\u0113s nesp\u0113jam sasaist\u012bt to, kas atrodas uz m\u016bsu \u0161\u0137\u012bvja, ar sek\u0101m \u0101rpus t\u0101. Festiv\u0101la uzdevums ir ar m\u0101kslas pal\u012bdz\u012bbu \u0161o saikni padar\u012bt redzamu.\u201d<\/p>\n<p>Festiv\u0101ls s\u0101kas 4. septembr\u012b ar starptautisk\u0101s izst\u0101des atkl\u0101\u0161anu un vides p\u0113tnieka J\u0101\u0146a Brizgas lekciju Di\u0113tu ekolo\u0123isk\u0101 p\u0113da. Vakara gait\u0101 paredz\u0113tas ar\u012b m\u0101kslas performances un muzik\u0101li priek\u0161nesumi. 5. septembr\u012b, festiv\u0101lam iek\u013caujoties Balt\u0101s nakts programm\u0101, izst\u0101de b\u016bs atv\u0113rta l\u012bdz v\u0113lai naktij. Notiks izst\u0101des ekskursijas, lekcijas un performances par p\u0101rtiku, ga\u013cas pat\u0113ri\u0146u, rij\u012bbu un cilv\u0113ka attiec\u012bb\u0101m ar cit\u0101m sug\u0101m. Programm\u0101 paredz\u0113ta ar\u012b Sandra M\u016bri\u0146a un Annijas Spr\u012bvules performance Homonatura, Katerinas Dementevas Trigger Warning, deju izr\u0101de MUTE, Normal Milk \u2013 vol. 4 un citi notikumi. 6. septembr\u012b festiv\u0101ls turpin\u0101sies ar izst\u0101di, m\u0101kslinieku sarun\u0101m, performanci un festiv\u0101la nosl\u0113guma diskusiju par akt\u012bvisma m\u0101kslu.<\/p>\n<p>Izst\u0101d\u0113 b\u016bs skat\u0101mas gleznas, z\u012bm\u0113jumi, fotogr\u0101fijas, tekstilijas, video, telpiski objekti un pat modes kolekcija.<\/p>\n<p>Festiv\u0101ls M\u0101ksla par ga\u013cas nodokli iest\u0101jas par ga\u013cas nodok\u013ca ievie\u0161anu k\u0101 vienu no iesp\u0113jamiem instrumentiem p\u0101rm\u0113r\u012bga ga\u013cas pat\u0113ri\u0146a mazin\u0101\u0161anai un ar laikmet\u012bg\u0101s m\u0101kslas pal\u012bdz\u012bbu rosina diskusiju par m\u016bsu p\u0101rtikas izv\u0113\u013cu ietekmi uz vidi, klimatu, dz\u012bvniekiem un cilv\u0113ku vesel\u012bbu.<\/p>\n","protected":false},"excerpt":{"rendered":"\u0160is b\u016bs otrais festiv\u0101ls M\u0101ksla par ga\u013cas nodokli. \u0160ogad t\u0101 uzman\u012bbas centr\u0101 ir rij\u012bba ne tikai k\u0101 individu\u0101ls&hellip;\n","protected":false},"author":2,"featured_media":281803,"comment_status":"","ping_status":"","sticky":false,"template":"","format":"standard","meta":{"footnotes":"","_share_on_mastodon":"0"},"categories":[19],"tags":[89,90,35,39,38,36,37,34,40],"class_list":["post-281802","post","type-post","status-publish","format-standard","has-post-thumbnail","category-izklaide","tag-entertainment","tag-izklaide","tag-latvia","tag-latvian","tag-latviesu","tag-latviesu-valoda","tag-latviesuvaloda","tag-latvija","tag-lv"],"share_on_mastodon":{"url":"https:\/\/pubeurope.com\/@lv\/117193475544165395","error":""},"_links":{"self":[{"href":"https:\/\/www.europesays.com\/lv\/wp-json\/wp\/v2\/posts\/281802","targetHints":{"allow":["GET"]}}],"collection":[{"href":"https:\/\/www.europesays.com\/lv\/wp-json\/wp\/v2\/posts"}],"about":[{"href":"https:\/\/www.europesays.com\/lv\/wp-json\/wp\/v2\/types\/post"}],"author":[{"embeddable":true,"href":"https:\/\/www.europesays.com\/lv\/wp-json\/wp\/v2\/users\/2"}],"replies":[{"embeddable":true,"href":"https:\/\/www.europesays.com\/lv\/wp-json\/wp\/v2\/comments?post=281802"}],"version-history":[{"count":0,"href":"https:\/\/www.europesays.com\/lv\/wp-json\/wp\/v2\/posts\/281802\/revisions"}],"wp:featuredmedia":[{"embeddable":true,"href":"https:\/\/www.europesays.com\/lv\/wp-json\/wp\/v2\/media\/281803"}],"wp:attachment":[{"href":"https:\/\/www.europesays.com\/lv\/wp-json\/wp\/v2\/media?parent=281802"}],"wp:term":[{"taxonomy":"category","embeddable":true,"href":"https:\/\/www.europesays.com\/lv\/wp-json\/wp\/v2\/categories?post=281802"},{"taxonomy":"post_tag","embeddable":true,"href":"https:\/\/www.europesays.com\/lv\/wp-json\/wp\/v2\/tags?post=281802"}],"curies":[{"name":"wp","href":"https:\/\/api.w.org\/{rel}","templated":true}]}}