{"id":281814,"date":"2026-09-01T02:52:50","date_gmt":"2026-09-01T02:52:50","guid":{"rendered":"https:\/\/www.europesays.com\/lv\/281814\/"},"modified":"2026-09-01T02:52:50","modified_gmt":"2026-09-01T02:52:50","slug":"foto-muzikis-guntis-veits-vairs-neslepj-jaunas-attiecibas-publicetas-pirmas-para-kopbildes","status":"publish","type":"post","link":"https:\/\/www.europesays.com\/lv\/281814\/","title":{"rendered":"FOTO. M\u016bzi\u0137is Guntis Veits vairs nesl\u0113pj jaun\u0101s attiec\u012bbas \u2013 public\u0113tas pirm\u0101s p\u0101ra kopbildes"},"content":{"rendered":"<p>                                    <img decoding=\"async\" src=\"https:\/\/www.europesays.com\/lv\/wp-content\/uploads\/2026\/09\/Veits2_KM_14-800x534.jpg\" style=\"display:none\" loading=\"lazy\"\/><\/p>\n<p>            Guntis Veits<\/p>\n<p>                        ]]]]]]>]]]]>]]><\/p>\n<p>\u201cCredo\u201d l\u012bderis Guntis Veits negaid\u012bti atr\u0101da savu jauno sirdsd\u0101mu!<br \/>Grupas \u201cCredo\u201d dzied\u0101t\u0101ja Gunta Veita dz\u012bv\u0113, \u0161\u0137iet, s\u0101cies pavasaris! Dr\u012bz p\u0113c tam, kad m\u016bzi\u0137is nosvin\u0113ja savu 72. jubileju, vi\u0146a soci\u0101lo t\u012bklu kontos par\u0101d\u012bj\u0101s sirsn\u012bgas fotogr\u0101fijas, kur\u0101s vi\u0146\u0161 redzams kop\u0101 ar d\u0101mu v\u0101rd\u0101 Ing\u016bna.<\/p>\n<p>        Las\u012bt\u0101kie<br \/>\n        <a data-imagesrc=\"{&quot;300&quot;:&quot;https:\\\/\\\/lastatic.ams3.cdn.digitaloceanspaces.com\\\/2026\\\/08\\\/pexels-sahar-photography-914616632-29343301-300x200.jpg&quot;,&quot;1024&quot;:&quot;https:\\\/\\\/lastatic.ams3.cdn.digitaloceanspaces.com\\\/2026\\\/08\\\/pexels-sahar-photography-914616632-29343301-1024x683.jpg&quot;,&quot;1536&quot;:&quot;https:\\\/\\\/lastatic.ams3.cdn.digitaloceanspaces.com\\\/2026\\\/08\\\/pexels-sahar-photography-914616632-29343301-1536x1024.jpg&quot;,&quot;500&quot;:&quot;https:\\\/\\\/lastatic.ams3.cdn.digitaloceanspaces.com\\\/2026\\\/08\\\/pexels-sahar-photography-914616632-29343301-500x333.jpg&quot;,&quot;800&quot;:&quot;https:\\\/\\\/lastatic.ams3.cdn.digitaloceanspaces.com\\\/2026\\\/08\\\/pexels-sahar-photography-914616632-29343301-800x533.jpg&quot;,&quot;2560&quot;:&quot;https:\\\/\\\/lastatic.ams3.cdn.digitaloceanspaces.com\\\/2026\\\/08\\\/pexels-sahar-photography-914616632-29343301-scaled.jpg&quot;}\" data-focuspoint=\"&quot;&quot;\" data-p=\"2599887\" href=\"https:\/\/www.la.lv\/ja-atsakies-teret-naudu-sim-11-lietam-nav-saubu-tu-esi-veca-kaluma-cilveks\" class=\"content-item lazy-load\" wp_automatic_readability=\"1.5\" rel=\"nofollow noopener\" target=\"_blank\"><\/p>\n<p>                                <img decoding=\"async\" src=\"\" alt=\"\" style=\"\" data-imageid=\"\"\/><\/p>\n<p>                                Kokteilis<\/p>\n<p>\n                                                                                Ja atsakies t\u0113r\u0113t naudu \u0161\u012bm 11 liet\u0101m, nav \u0161aubu \u2013 tu esi vec\u0101 kaluma cilv\u0113ks\n                            <\/p>\n<p><\/a><a data-imagesrc=\"{&quot;300&quot;:&quot;https:\\\/\\\/lastatic.ams3.cdn.digitaloceanspaces.com\\\/2026\\\/05\\\/pexels-vika-glitter-392079-9180436-300x200.jpg&quot;,&quot;1024&quot;:&quot;https:\\\/\\\/lastatic.ams3.cdn.digitaloceanspaces.com\\\/2026\\\/05\\\/pexels-vika-glitter-392079-9180436-1024x681.jpg&quot;,&quot;1536&quot;:&quot;https:\\\/\\\/lastatic.ams3.cdn.digitaloceanspaces.com\\\/2026\\\/05\\\/pexels-vika-glitter-392079-9180436-1536x1022.jpg&quot;,&quot;500&quot;:&quot;https:\\\/\\\/lastatic.ams3.cdn.digitaloceanspaces.com\\\/2026\\\/05\\\/pexels-vika-glitter-392079-9180436-500x333.jpg&quot;,&quot;800&quot;:&quot;https:\\\/\\\/lastatic.ams3.cdn.digitaloceanspaces.com\\\/2026\\\/05\\\/pexels-vika-glitter-392079-9180436-800x532.jpg&quot;,&quot;2560&quot;:&quot;https:\\\/\\\/lastatic.ams3.cdn.digitaloceanspaces.com\\\/2026\\\/05\\\/pexels-vika-glitter-392079-9180436-scaled.jpg&quot;}\" data-focuspoint=\"&quot;&quot;\" data-p=\"2602210\" href=\"https:\/\/www.la.lv\/kamer-musdienas-arvien-biezak-runa-par-depresiju-un-izdegsanu-80-gadu-berni-auga-citadi-4-paradumi-kas-veidoja-vinu-noturibu\" class=\"content-item lazy-load\" wp_automatic_readability=\"2.5\" rel=\"nofollow noopener\" target=\"_blank\"><\/p>\n<p>                                <img decoding=\"async\" src=\"\" alt=\"\" style=\"\" data-imageid=\"\"\/><\/p>\n<p>                                Kokteilis<\/p>\n<p>\n                                                                                Kam\u0113r m\u016bsdien\u0101s arvien bie\u017e\u0101k run\u0101 par depresiju un izdeg\u0161anu, 80. gadu b\u0113rni auga cit\u0101di: 4 paradumi, kas veidoja vi\u0146u notur\u012bbu\n                            <\/p>\n<p><\/a><a data-imagesrc=\"{&quot;300&quot;:&quot;https:\\\/\\\/lastatic.ams3.cdn.digitaloceanspaces.com\\\/2026\\\/08\\\/young-blonde-woman-wearing-casual-clothes-celebrating-mad-crazy-success-with-arms-raised-closed-eyes-screaming-excited-winner-concept-300x188.jpg&quot;,&quot;1024&quot;:&quot;https:\\\/\\\/lastatic.ams3.cdn.digitaloceanspaces.com\\\/2026\\\/08\\\/young-blonde-woman-wearing-casual-clothes-celebrating-mad-crazy-success-with-arms-raised-closed-eyes-screaming-excited-winner-concept-1024x643.jpg&quot;,&quot;1536&quot;:&quot;https:\\\/\\\/lastatic.ams3.cdn.digitaloceanspaces.com\\\/2026\\\/08\\\/young-blonde-woman-wearing-casual-clothes-celebrating-mad-crazy-success-with-arms-raised-closed-eyes-screaming-excited-winner-concept-1536x964.jpg&quot;,&quot;500&quot;:&quot;https:\\\/\\\/lastatic.ams3.cdn.digitaloceanspaces.com\\\/2026\\\/08\\\/young-blonde-woman-wearing-casual-clothes-celebrating-mad-crazy-success-with-arms-raised-closed-eyes-screaming-excited-winner-concept-500x314.jpg&quot;,&quot;800&quot;:&quot;https:\\\/\\\/lastatic.ams3.cdn.digitaloceanspaces.com\\\/2026\\\/08\\\/young-blonde-woman-wearing-casual-clothes-celebrating-mad-crazy-success-with-arms-raised-closed-eyes-screaming-excited-winner-concept-800x502.jpg&quot;,&quot;2560&quot;:&quot;https:\\\/\\\/lastatic.ams3.cdn.digitaloceanspaces.com\\\/2026\\\/08\\\/young-blonde-woman-wearing-casual-clothes-celebrating-mad-crazy-success-with-arms-raised-closed-eyes-screaming-excited-winner-concept-scaled.jpg&quot;}\" data-focuspoint=\"&quot;&quot;\" data-p=\"2601655\" href=\"https:\/\/www.la.lv\/nauda-pie-tevis-atnaks-pati-tris-zodiaka-zimes-septembri-negaiditi-var-klut-bagatas\" class=\"content-item lazy-load\" wp_automatic_readability=\"1\" rel=\"nofollow noopener\" target=\"_blank\"><\/p>\n<p>                                <img decoding=\"async\" src=\"\" alt=\"\" style=\"\" data-imageid=\"\"\/><\/p>\n<p>                                Kokteilis<\/p>\n<p>\n                                                                                Nauda pie tevis atn\u0101ks pati: tr\u012bs zodiaka z\u012bmes septembr\u012b negaid\u012bti var k\u013c\u016bt bag\u0101tas\n                            <\/p>\n<p><\/a><br \/>\n        <a class=\"read-more\" href=\"https:\/\/www.la.lv\/top\" rel=\"nofollow noopener\" target=\"_blank\">Las\u012bt citas zi\u0146as<\/a><\/p>\n<p>Neilgi p\u0113c tam ar\u012b pati Ing\u016bna sav\u0101 soci\u0101lo t\u012bklu kont\u0101 lepni nomain\u012bja statusu, nor\u0101dot, ka ir attiec\u012bb\u0101s ar Gunti Veitu, v\u0113sta izdevums \u201cKas Jauns\u201d.<\/p>\n<p>Vien\u0101 no spilgt\u0101kajiem att\u0113liem abi iem\u016b\u017ein\u0101ti m\u012bl\u0113t\u0101ju pils\u0113t\u0101 Par\u012bz\u0113 ar romantisko Eife\u013ca torni fon\u0101. Cit\u0101s fotogr\u0101fij\u0101s redzams, ka p\u0101ris nebaid\u0101s ar\u012b no as\u0101k\u0101m izj\u016bt\u0101m un ekstr\u0113mas atp\u016btas.<\/p>\n<p>    CITI \u0160OBR\u012aD LASA<\/p>\n<p>\u201cCredo\u201d solists pie internet\u0101 public\u0113tajiem att\u0113liem pievienojis piez\u012bmi, nor\u0101dot, ka j\u016btas m\u012bl\u0113ts.<\/p>\n<p>\u017durn\u0101lam \u201cKas Jauns\u201d m\u0101kslinieks pla\u0161\u0101kus koment\u0101rus sniegt atteic\u0101s, stingri piebilstot, ka savus priv\u0101tos jaut\u0101jumus publiski nekoment\u0113s.<\/p>\n<p><img decoding=\"async\" src=\"https:\/\/www.europesays.com\/lv\/wp-content\/uploads\/2026\/09\/Ekranuznemums-2026-08-25-150533.png\" alt=\"\"\/><\/p>\n<p>Vair\u0101k lasi \u017eurn\u0101la \u201cKas Jauns\u201d jaun\u0101kaj\u0101 numur\u0101!<\/p>\n<p>T\u0113mas<\/p>\n<p>    SAIST\u012aTIE RAKSTI<\/p>\n","protected":false},"excerpt":{"rendered":"Guntis Veits ]]]]]]&gt;]]]]&gt;]]&gt; \u201cCredo\u201d l\u012bderis Guntis Veits negaid\u012bti atr\u0101da savu jauno sirdsd\u0101mu!Grupas \u201cCredo\u201d dzied\u0101t\u0101ja Gunta Veita dz\u012bv\u0113, \u0161\u0137iet,&hellip;\n","protected":false},"author":2,"featured_media":281815,"comment_status":"","ping_status":"","sticky":false,"template":"","format":"standard","meta":{"footnotes":"","_share_on_mastodon":"0"},"categories":[19],"tags":[89,90,35,39,38,36,37,34,40],"class_list":["post-281814","post","type-post","status-publish","format-standard","has-post-thumbnail","category-izklaide","tag-entertainment","tag-izklaide","tag-latvia","tag-latvian","tag-latviesu","tag-latviesu-valoda","tag-latviesuvaloda","tag-latvija","tag-lv"],"share_on_mastodon":{"url":"https:\/\/pubeurope.com\/@lv\/117193527342456159","error":""},"_links":{"self":[{"href":"https:\/\/www.europesays.com\/lv\/wp-json\/wp\/v2\/posts\/281814","targetHints":{"allow":["GET"]}}],"collection":[{"href":"https:\/\/www.europesays.com\/lv\/wp-json\/wp\/v2\/posts"}],"about":[{"href":"https:\/\/www.europesays.com\/lv\/wp-json\/wp\/v2\/types\/post"}],"author":[{"embeddable":true,"href":"https:\/\/www.europesays.com\/lv\/wp-json\/wp\/v2\/users\/2"}],"replies":[{"embeddable":true,"href":"https:\/\/www.europesays.com\/lv\/wp-json\/wp\/v2\/comments?post=281814"}],"version-history":[{"count":0,"href":"https:\/\/www.europesays.com\/lv\/wp-json\/wp\/v2\/posts\/281814\/revisions"}],"wp:featuredmedia":[{"embeddable":true,"href":"https:\/\/www.europesays.com\/lv\/wp-json\/wp\/v2\/media\/281815"}],"wp:attachment":[{"href":"https:\/\/www.europesays.com\/lv\/wp-json\/wp\/v2\/media?parent=281814"}],"wp:term":[{"taxonomy":"category","embeddable":true,"href":"https:\/\/www.europesays.com\/lv\/wp-json\/wp\/v2\/categories?post=281814"},{"taxonomy":"post_tag","embeddable":true,"href":"https:\/\/www.europesays.com\/lv\/wp-json\/wp\/v2\/tags?post=281814"}],"curies":[{"name":"wp","href":"https:\/\/api.w.org\/{rel}","templated":true}]}}