{"id":281822,"date":"2026-09-01T03:22:17","date_gmt":"2026-09-01T03:22:17","guid":{"rendered":"https:\/\/www.europesays.com\/lv\/281822\/"},"modified":"2026-09-01T03:22:17","modified_gmt":"2026-09-01T03:22:17","slug":"29-gadi-kops-princeses-dianas-naves-kadi-bija-vinas-pedejie-vardi","status":"publish","type":"post","link":"https:\/\/www.europesays.com\/lv\/281822\/","title":{"rendered":"29 gadi kop\u0161 princeses Di\u0101nas n\u0101ves. K\u0101di bija vi\u0146as p\u0113d\u0113jie v\u0101rdi&#8230;"},"content":{"rendered":"<p class=\"isSelectedEnd\">Princese Di\u0101na tra\u0123iski mira Par\u012bz\u0113 1997. gada 31. august\u0101 36 gadu vecum\u0101 p\u0113c smagas autoav\u0101rijas. Di\u0101na tobr\u012bd atrad\u0101s automa\u0161\u012bn\u0101 kop\u0101 ar savu t\u0101 laika draugu Dodi Fajedu. Vi\u0146us vaj\u0101ja paparaci, un automa\u0161\u012bna tunel\u012b ietriec\u0101s balst\u0101. Dodi Fajeds un automa\u0161\u012bnas vad\u012bt\u0101js Anr\u012b Pols g\u0101ja boj\u0101 uzreiz. Di\u0101na tika nog\u0101d\u0101ta slimn\u012bc\u0101, ta\u010du \u0101rstu centieni vi\u0146u gl\u0101bt bija nesekm\u012bgi. Vi\u0146as n\u0101ve tika konstat\u0113ta aptuveni plkst. 4 no r\u012bta. V\u0113l\u0101k atkl\u0101ts, ka Di\u0101na p\u0113c av\u0101rijas uz \u012bsu br\u012bdi atguva sama\u0146u. Ugunsdz\u0113s\u0113js Ksavj\u0113 Gurm\u0113lons, kur\u0161 bija viens no pirmajiem gl\u0101b\u0113jiem notikuma viet\u0101, atcer\u0113j\u0101s, ka vi\u0146a jaut\u0101jusi\u2026<\/p>\n","protected":false},"excerpt":{"rendered":"Princese Di\u0101na tra\u0123iski mira Par\u012bz\u0113 1997. gada 31. august\u0101 36 gadu vecum\u0101 p\u0113c smagas autoav\u0101rijas. Di\u0101na tobr\u012bd atrad\u0101s&hellip;\n","protected":false},"author":2,"featured_media":281823,"comment_status":"","ping_status":"","sticky":false,"template":"","format":"standard","meta":{"footnotes":"","_share_on_mastodon":"0"},"categories":[19],"tags":[89,42223,90,1641,35,39,38,36,37,34,40,12421],"class_list":["post-281822","post","type-post","status-publish","format-standard","has-post-thumbnail","category-izklaide","tag-entertainment","tag-in-memoriam-2024","tag-izklaide","tag-karaliska-gimene","tag-latvia","tag-latvian","tag-latviesu","tag-latviesu-valoda","tag-latviesuvaloda","tag-latvija","tag-lv","tag-princese-diana"],"share_on_mastodon":{"url":"https:\/\/pubeurope.com\/@lv\/117193640704061443","error":""},"_links":{"self":[{"href":"https:\/\/www.europesays.com\/lv\/wp-json\/wp\/v2\/posts\/281822","targetHints":{"allow":["GET"]}}],"collection":[{"href":"https:\/\/www.europesays.com\/lv\/wp-json\/wp\/v2\/posts"}],"about":[{"href":"https:\/\/www.europesays.com\/lv\/wp-json\/wp\/v2\/types\/post"}],"author":[{"embeddable":true,"href":"https:\/\/www.europesays.com\/lv\/wp-json\/wp\/v2\/users\/2"}],"replies":[{"embeddable":true,"href":"https:\/\/www.europesays.com\/lv\/wp-json\/wp\/v2\/comments?post=281822"}],"version-history":[{"count":0,"href":"https:\/\/www.europesays.com\/lv\/wp-json\/wp\/v2\/posts\/281822\/revisions"}],"wp:featuredmedia":[{"embeddable":true,"href":"https:\/\/www.europesays.com\/lv\/wp-json\/wp\/v2\/media\/281823"}],"wp:attachment":[{"href":"https:\/\/www.europesays.com\/lv\/wp-json\/wp\/v2\/media?parent=281822"}],"wp:term":[{"taxonomy":"category","embeddable":true,"href":"https:\/\/www.europesays.com\/lv\/wp-json\/wp\/v2\/categories?post=281822"},{"taxonomy":"post_tag","embeddable":true,"href":"https:\/\/www.europesays.com\/lv\/wp-json\/wp\/v2\/tags?post=281822"}],"curies":[{"name":"wp","href":"https:\/\/api.w.org\/{rel}","templated":true}]}}