{"id":281828,"date":"2026-09-01T03:55:13","date_gmt":"2026-09-01T03:55:13","guid":{"rendered":"https:\/\/www.europesays.com\/lv\/281828\/"},"modified":"2026-09-01T03:55:13","modified_gmt":"2026-09-01T03:55:13","slug":"igaunija-balsojums-par-jaunu-prezidenti","status":"publish","type":"post","link":"https:\/\/www.europesays.com\/lv\/281828\/","title":{"rendered":"Igaunij\u0101 balsojums par jaunu prezidenti"},"content":{"rendered":"<p>Igaunijas parlamenta partiju vair\u0101kuma publiski paustais atbalsts \u013cauj prognoz\u0113t, ka tre\u0161dien, 2. septembr\u012b, paredz\u0113taj\u0101 balsojum\u0101 par Igaunijas jauno prezidenti tiks iev\u0113l\u0113ta l\u012bdz\u0161in\u0113j\u0101 tieslietu kanclere Ille Madize, v\u0113sta Igaunijas mediji. Vi\u0146a valsts galvas amat\u0101 nomain\u012bs pa\u0161reiz\u0113jo prezidentu, no akad\u0113misk\u0101s vides n\u0101ku\u0161o Alaru Karisu, kur\u0161 iepriek\u0161 bija pazi\u0146ojis, ka nekandid\u0113s uz otro termi\u0146u prezidenta amat\u0101. <\/p>\n<p>Iev\u0113l\u0113\u0161anas gad\u012bjum\u0101 I.\u00a0 Madize k\u013c\u016bs par otro sievieti Igaunijas prezidenta amat\u0101 p\u0113c Kersti Kaljulaidas, kura valsts prezidentes pien\u0101kumus pild\u012bja no 2016. l\u012bdz 2021. gadam. <\/p>\n<p>Norstat veiktaj\u0101 Igaunijas iedz\u012bvot\u0101ju aptauj\u0101 43% aptauj\u0101to pauda atbalstu I.\u00a0 Madizes iev\u0113l\u0113\u0161anai, 36% teica, ka neatbalsta vi\u0146as kandidat\u016bru. <\/p>\n<p>Estonianworld.com nor\u0101da, ka I. Madize ir paz\u012bstama ar akt\u012bvo darbu tieslietu kancleres amat\u0101, kur vi\u0146as pien\u0101kumos bija uzraudz\u012bt likumdo\u0161anas aktu atbilst\u012bbu konstit\u016bcijai, k\u0101 ar\u012b pild\u012bt pamatties\u012bbu iev\u0113ro\u0161anas ombuda lomu. Vi\u0146as kritiz\u0113t\u0101ji nor\u0101da, ka vi\u0146ai nav lielas pieredzes diplom\u0101tij\u0101, aizsardz\u012bbas un starptautisko attiec\u012bbu jom\u0101, kur cit\u0101di p\u0101rsvar\u0101 ceremoni\u0101lais valsts prezidenta amats ir visai noz\u012bm\u012bgs. <\/p>\n<p>Vien\u012bg\u0101 kandid\u0101te <\/p>\n<p>Igaunij\u0101 prezidentu nev\u0113l\u0113 balssties\u012bgie iedz\u012bvot\u0101ji tie\u0161\u0101s v\u0113l\u0113\u0161an\u0101s, bet gan parlaments. Lai nodro\u0161in\u0101tu iev\u0113l\u0113\u0161anu jau pirmaj\u0101 balso\u0161anas k\u0101rt\u0101, kandid\u0101tam j\u0101sa\u0146em vismaz 68 parlamenta deput\u0101tu no 101 atbalsts. 75 deput\u0101ti ar parakstiem par kandidat\u016bras izvirz\u012b\u0161anu faktiski jau ir apliecin\u0101ju\u0161i, ka balsos par I. Madizi, kas \u013cauj prognoz\u0113t, ka vi\u0146a tiks iev\u0113l\u0113ta jau pirmaj\u0101 balso\u0161anas k\u0101rt\u0101, izvairoties no daudz sare\u017e\u0123\u012bt\u0101kas otr\u0101s k\u0101rtas vai v\u0113l\u0113\u0161anu kol\u0113\u0123ijas sasauk\u0161anas, kur\u0101 b\u016btu j\u0101piedal\u0101s ar\u012b pa\u0161vald\u012bbu p\u0101rst\u0101vjiem, v\u0113sta Igaunijas sabiedrisk\u0101s raidorganiz\u0101cijas port\u0101ls ERR.ee. <\/p>\n<p>Balsojums Igaunijas parlament\u0101 paredz\u0113ts tre\u0161dien divpadsmitos dien\u0101. Pirms t\u0101 I. Madize uzst\u0101sies ar uzrunu, kuras ilgums nedr\u012bkst p\u0101rsniegt 10 min\u016btes. P\u0113c tam deput\u0101tiem tiks atv\u0113l\u0113ta stunda aizkl\u0101tai balso\u0161anai, kam sekos balsu skait\u012b\u0161ana. Ja notiks neprognoz\u0113tais un I. Madizes kandidat\u016bra neieg\u016bs 68 deput\u0101tu atbalstu, tad otr\u0101 balso\u0161anas k\u0101rta notiks ceturtdien, 3. septembr\u012b. Kandid\u0101tus tai var\u0113s izvirz\u012bt t\u0101s pa\u0161as dien\u0101s r\u012bt\u0101.<\/p>\n<p> I. Madizes kandidat\u016bru Igaunijas Nacion\u0101l\u0101 v\u0113l\u0113\u0161anu komisija re\u0123istr\u0113ja 25. august\u0101 k\u0101 vien\u012bgo. Vi\u0146as kandidat\u016bru atbalst\u012bja valdo\u0161aj\u0101 koal\u012bcij\u0101 ietilpsto\u0161\u0101s partijas Eesti 200 un Reformu partija, k\u0101 ar\u012b deput\u0101ti no opoz\u012bcij\u0101 eso\u0161ajiem soci\u0101ldemokr\u0101tiem. V\u0113l\u0101k par atbalstu I. Madizes kandidat\u016brai pazi\u0146oja ar\u012b partijas Isamaa (T\u0113vzeme) deput\u0101ti un tr\u012bs pie frakcij\u0101m nepiedero\u0161i deput\u0101ti. <\/p>\n<p>Igaunijas Konservat\u012bv\u0101s tautas partijas (EKRE) deput\u0101ti iesniegum\u0101 Nacion\u0101lajai v\u0113l\u0113\u0161anu komisijai ap\u0161aub\u012bja I. Madizes ties\u012bbas kandid\u0113t. Vi\u0146i argument\u0113ja, ka kandid\u0113\u0161ana uz prezidenta amatu, neatsakoties no pa\u0161reiz\u0113j\u0101 \u2013 tieslietu kancleres \u2013 amata, neesot pie\u013caujama, jo var apdraud\u0113t tieslietu kanclera instit\u016bcijas neatkar\u012bbu. Iesnieguma autori atsauc\u0101s uz ierobe\u017eojumiem, kas noteikti tiesne\u0161iem, un pauda viedokli, ka l\u012bdz\u012bgs aizliegums attiecin\u0101ms ar\u012b uz tieslietu kanclera amatu. <\/p>\n<p>Ta\u010du Nacion\u0101l\u0101 v\u0113l\u0113\u0161anu komisija secin\u0101ja, ka ne konstit\u016bcija, ne v\u0113l\u0113\u0161anu likums neaizliedz I. Madizei kandid\u0113t uz prezidenta amatu un neierobe\u017eo tieslietu kanclera amatu ie\u0146emo\u0161as personas ties\u012bbas kandid\u0113t. <\/p>\n<p>Vienot un sadarboties <\/p>\n<p>Estonianworld.com raksta, ka I. Madize ir dzimusi Tartu 1974. gad\u0101. 1998. gad\u0101 absolv\u0113jusi Tartu Universit\u0101tes Juridisko fakult\u0101ti. V\u0113l\u0101k ieguvusi ma\u0123istra gr\u0101du tiesliet\u0101s un doktora gr\u0101du valsts p\u0101rvald\u0113 Tallinas Tehnolo\u0123iju universit\u0101t\u0113. Vi\u0146as doktora darbs analiz\u0113ja v\u0113l\u0113\u0161anas, politisk\u0101s partijas un likumdo\u0161anas procesu Igaunij\u0101 no neatkar\u012bbas atjauno\u0161anas l\u012bdz e-demokr\u0101tijas veido\u0161anai. <\/p>\n<p>Pirms k\u013c\u016b\u0161anas par tieslietu kancleri I. Madize str\u0101d\u0101ja Tieslietu ministrij\u0101, parlamenta Konstitucion\u0101lo jaut\u0101jumu komisij\u0101, Nacion\u0101laj\u0101 audita biroj\u0101. No 2009. l\u012bdz 2015. gadam bija padomniece valsts prezidenta biroj\u0101. Vi\u0146a darbojusies ar\u012b Nacion\u0101laj\u0101 v\u0113l\u0113\u0161anu komisij\u0101 un bijusi pasniedz\u0113ja Tallinas Tehnolo\u0123iju universit\u0101t\u0113 un Taru Universit\u0101t\u0113.<\/p>\n<p> I. Madize tiek uzskat\u012bta par \u012bpa\u0161u eksperti konstit\u016bcijas jaut\u0101jumos, bijusi galven\u0101 redaktore konstit\u016bcijas ar papla\u0161in\u0101tiem koment\u0101riem izdevumu veido\u0161an\u0101, bie\u017ei piedal\u012bjusi publisk\u0101s debat\u0113s par likumdo\u0161anu, \u012bpa\u0161i par konstitucion\u0101lajiem jaut\u0101jumiem, ties\u012bb\u0101m, v\u0113l\u0113\u0161an\u0101m un valsts varas ierobe\u017eojumiem. <\/p>\n<p>Daudz iest\u0101jusies par igau\u0146u valodas lomas nostiprin\u0101\u0161anu sabiedr\u012bb\u0101. <\/p>\n<p>Intervij\u0101 Igaunijas Telev\u012bzijas raid\u012bjumam Esimene Stuudio I. Madize sol\u012bja, ka prezidenta amat\u0101 cent\u012bsies dar\u012bt visu, lai Igaunijas iedz\u012bvot\u0101ji var\u0113tu vienoti turpin\u0101t att\u012bst\u012bt valsti, kas b\u0101z\u0113ta uz igau\u0146u valodas un kult\u016bras pamata. T\u0101p\u0113c prezidentam esot j\u0101b\u016bt personai, kas ir vienl\u012bdz uzticama gan liber\u0101lajai, gan konservat\u012bvajai sabiedr\u012bbas da\u013cai. \u00abMan\u0101 darb\u0101 tieslietu kancleres amat\u0101 un t\u0101 tas b\u016bs ar\u012b, ja tik\u0161u iev\u0113l\u0113ta par valsts prezidenti, esmu par m\u0113r\u0137i centusies izvirz\u012bt dar\u012bt visu izsp\u0113jamo, lai pan\u0101ktu, ka iesp\u0113jami maz\u0101k cilv\u0113ku b\u016btu iemesls just vil\u0161anos Igaunijas valst\u012b un sabiedr\u012bb\u0101.\u00bb <\/p>\n<p>Vi\u0146a ar\u012b nor\u0101d\u012bja, ka pa\u0161reiz\u0113jos \u0123eopolitiski sare\u017e\u0123\u012btajos apst\u0101k\u013cos ir gatava kop\u0101 ar bru\u0146otajiem sp\u0113kiem, Aizsardz\u012bbas ministriju un \u0100rlietu ministriju dar\u012bt visu, lai palielin\u0101tu valsts gatav\u012bbu tikt gal\u0101 ar jebk\u0101d\u0101m iesp\u0113jam\u0101m kr\u012bz\u0113m.<\/p>\n","protected":false},"excerpt":{"rendered":"Igaunijas parlamenta partiju vair\u0101kuma publiski paustais atbalsts \u013cauj prognoz\u0113t, ka tre\u0161dien, 2. septembr\u012b, paredz\u0113taj\u0101 balsojum\u0101 par Igaunijas jauno&hellip;\n","protected":false},"author":2,"featured_media":281829,"comment_status":"","ping_status":"","sticky":false,"template":"","format":"standard","meta":{"footnotes":"","_share_on_mastodon":"0"},"categories":[14],"tags":[23,57,28,29,32,33,22,30,31,35,39,38,36,37,34,40,20,26,27,24,25,54,55,56,21,58],"class_list":["post-281828","post","type-post","status-publish","format-standard","has-post-thumbnail","category-zinas-no-arvalstim","tag-aktualitates","tag-arvalstim","tag-breaking-news","tag-breakingnews","tag-featured-news","tag-featurednews","tag-headlines","tag-latest-news","tag-latestnews","tag-latvia","tag-latvian","tag-latviesu","tag-latviesu-valoda","tag-latviesuvaloda","tag-latvija","tag-lv","tag-news","tag-popularakas-zinas","tag-popularakaszinas","tag-top-stories","tag-topstories","tag-world","tag-world-news","tag-worldnews","tag-zinas","tag-zinas-no-arvalstim"],"share_on_mastodon":{"url":"https:\/\/pubeurope.com\/@lv\/117193770666380449","error":""},"_links":{"self":[{"href":"https:\/\/www.europesays.com\/lv\/wp-json\/wp\/v2\/posts\/281828","targetHints":{"allow":["GET"]}}],"collection":[{"href":"https:\/\/www.europesays.com\/lv\/wp-json\/wp\/v2\/posts"}],"about":[{"href":"https:\/\/www.europesays.com\/lv\/wp-json\/wp\/v2\/types\/post"}],"author":[{"embeddable":true,"href":"https:\/\/www.europesays.com\/lv\/wp-json\/wp\/v2\/users\/2"}],"replies":[{"embeddable":true,"href":"https:\/\/www.europesays.com\/lv\/wp-json\/wp\/v2\/comments?post=281828"}],"version-history":[{"count":0,"href":"https:\/\/www.europesays.com\/lv\/wp-json\/wp\/v2\/posts\/281828\/revisions"}],"wp:featuredmedia":[{"embeddable":true,"href":"https:\/\/www.europesays.com\/lv\/wp-json\/wp\/v2\/media\/281829"}],"wp:attachment":[{"href":"https:\/\/www.europesays.com\/lv\/wp-json\/wp\/v2\/media?parent=281828"}],"wp:term":[{"taxonomy":"category","embeddable":true,"href":"https:\/\/www.europesays.com\/lv\/wp-json\/wp\/v2\/categories?post=281828"},{"taxonomy":"post_tag","embeddable":true,"href":"https:\/\/www.europesays.com\/lv\/wp-json\/wp\/v2\/tags?post=281828"}],"curies":[{"name":"wp","href":"https:\/\/api.w.org\/{rel}","templated":true}]}}