{"id":281830,"date":"2026-09-01T04:01:17","date_gmt":"2026-09-01T04:01:17","guid":{"rendered":"https:\/\/www.europesays.com\/lv\/281830\/"},"modified":"2026-09-01T04:01:17","modified_gmt":"2026-09-01T04:01:17","slug":"video-%e2%9f%a9-indijas-premjers-samita-kirgizstana-ticies-ar-putinu-aicina-vinu-izbeidz-karu","status":"publish","type":"post","link":"https:\/\/www.europesays.com\/lv\/281830\/","title":{"rendered":"VIDEO \u27e9 Indijas premjers samit\u0101 Kirgizst\u0101n\u0101 ticies ar Putinu \u2013 aicina vi\u0146u izbeidz karu"},"content":{"rendered":"<p>Modi nor\u0101d\u012bja, ka <a href=\"https:\/\/www.apollo.lv\/term\/555467\/indija\" class=\"topicLink\" target=\"_blank\" rel=\"nofollow noopener\">Indija<\/a> atbalsta visus miera centienus.<\/p>\n<p>&#8220;Ir j\u0101izv\u0113las ce\u013c\u0161 no bezgal\u012bga kara uz kara beig\u0101m,&#8221; sac\u012bja premjers, atk\u0101rtojot aicin\u0101jumu, ko jau izteicis iepriek\u0161.<\/p>\n<p>Putins apgalvoja, ka <a href=\"https:\/\/www.apollo.lv\/term\/555452\/krievija\" class=\"topicLink\" target=\"_blank\" rel=\"nofollow noopener\">Krievija<\/a> jau ir uzs\u0101kusi \u0161o ce\u013cu.<\/p>\n<p>Krievijas diktators iepriek\u0161 paudis, ka Maskava tiecas p\u0113c &#8220;\u012bpa\u0161\u0101s milit\u0101r\u0101s oper\u0101cijas&#8221;, k\u0101 Kremlis d\u0113v\u0113 pilna m\u0113roga karu pret Ukrainu, &#8220;m\u0113r\u0137u sasnieg\u0161anas&#8221;, ar\u012b kontroles nodro\u0161in\u0101\u0161anas p\u0101r visu Donbasu.<\/p>\n","protected":false},"excerpt":{"rendered":"Modi nor\u0101d\u012bja, ka Indija atbalsta visus miera centienus. &#8220;Ir j\u0101izv\u0113las ce\u013c\u0161 no bezgal\u012bga kara uz kara beig\u0101m,&#8221; sac\u012bja&hellip;\n","protected":false},"author":2,"featured_media":281831,"comment_status":"","ping_status":"","sticky":false,"template":"","format":"standard","meta":{"footnotes":"","_share_on_mastodon":"0"},"categories":[14],"tags":[23,57,28,29,32,33,22,4098,234,74,30,31,35,39,38,36,37,34,40,20,26,27,24,25,235,54,55,56,21,58],"class_list":["post-281830","post","type-post","status-publish","format-standard","has-post-thumbnail","category-zinas-no-arvalstim","tag-aktualitates","tag-arvalstim","tag-breaking-news","tag-breakingnews","tag-featured-news","tag-featurednews","tag-headlines","tag-indija","tag-krievija","tag-krievijas-iebrukums-ukraina","tag-latest-news","tag-latestnews","tag-latvia","tag-latvian","tag-latviesu","tag-latviesu-valoda","tag-latviesuvaloda","tag-latvija","tag-lv","tag-news","tag-popularakas-zinas","tag-popularakaszinas","tag-top-stories","tag-topstories","tag-vladimirs-putins","tag-world","tag-world-news","tag-worldnews","tag-zinas","tag-zinas-no-arvalstim"],"share_on_mastodon":{"url":"https:\/\/pubeurope.com\/@lv\/117193794383134980","error":""},"_links":{"self":[{"href":"https:\/\/www.europesays.com\/lv\/wp-json\/wp\/v2\/posts\/281830","targetHints":{"allow":["GET"]}}],"collection":[{"href":"https:\/\/www.europesays.com\/lv\/wp-json\/wp\/v2\/posts"}],"about":[{"href":"https:\/\/www.europesays.com\/lv\/wp-json\/wp\/v2\/types\/post"}],"author":[{"embeddable":true,"href":"https:\/\/www.europesays.com\/lv\/wp-json\/wp\/v2\/users\/2"}],"replies":[{"embeddable":true,"href":"https:\/\/www.europesays.com\/lv\/wp-json\/wp\/v2\/comments?post=281830"}],"version-history":[{"count":0,"href":"https:\/\/www.europesays.com\/lv\/wp-json\/wp\/v2\/posts\/281830\/revisions"}],"wp:featuredmedia":[{"embeddable":true,"href":"https:\/\/www.europesays.com\/lv\/wp-json\/wp\/v2\/media\/281831"}],"wp:attachment":[{"href":"https:\/\/www.europesays.com\/lv\/wp-json\/wp\/v2\/media?parent=281830"}],"wp:term":[{"taxonomy":"category","embeddable":true,"href":"https:\/\/www.europesays.com\/lv\/wp-json\/wp\/v2\/categories?post=281830"},{"taxonomy":"post_tag","embeddable":true,"href":"https:\/\/www.europesays.com\/lv\/wp-json\/wp\/v2\/tags?post=281830"}],"curies":[{"name":"wp","href":"https:\/\/api.w.org\/{rel}","templated":true}]}}