{"id":281832,"date":"2026-09-01T04:02:15","date_gmt":"2026-09-01T04:02:15","guid":{"rendered":"https:\/\/www.europesays.com\/lv\/281832\/"},"modified":"2026-09-01T04:02:15","modified_gmt":"2026-09-01T04:02:15","slug":"atklats-zolitudes-tragedija-bojagajusajiem-veltitais-atceres-darzs","status":"publish","type":"post","link":"https:\/\/www.europesays.com\/lv\/281832\/","title":{"rendered":"Atkl\u0101ts Zolit\u016bdes tra\u0123\u0113dij\u0101 boj\u0101g\u0101ju\u0161ajiem velt\u012btais Atceres d\u0101rzs"},"content":{"rendered":"<p>                        <img fetchpriority=\"high\" decoding=\"async\" width=\"1024\" height=\"768\" src=\"https:\/\/www.europesays.com\/lv\/wp-content\/uploads\/2026\/09\/Atceres-darzs-1024x768.jpg\" alt=\"\" class=\"wp-image-1121380\"  \/>Atceres d\u0101rzs. Foto: Vita Anstrate\/LTV<\/p>\n<p class=\"wp-block-paragraph\">Pirmdien Zolit\u016bd\u0113, Priedaines iel\u0101 20A, atkl\u0101ts Atceres d\u0101rzs, kas velt\u012bts 2013. gada 21. novembra tra\u0123isko notikumu piemi\u0146ai.<\/p>\n<p class=\"wp-block-paragraph\">Pas\u0101kum\u0101 bija san\u0101ku\u0161i ap 100 cilv\u0113ku, vair\u0101ki bija ieradu\u0161ies ar\u012b ar ziediem un svec\u0113m. Taj\u0101 piedal\u012bj\u0101s R\u012bgas domes deput\u0101ti, boj\u0101g\u0101ju\u0161o tuvinieki, Neatliekam\u0101s medic\u012bnisk\u0101s pal\u012bdz\u012bbas dienesta (NMPD), Valsts ugunsdz\u0113s\u012bbas un gl\u0101b\u0161anas dienesta (VUGD), k\u0101 ar\u012b Valsts policijas p\u0101rst\u0101vji.<\/p>\n<p class=\"wp-block-paragraph\">Uzrunas pas\u0101kum\u0101 teica R\u012bgas m\u0113rs Viesturs Kleinbergs (P), VUGD priek\u0161nieks, \u0123ener\u0101lis M\u0101rti\u0146\u0161 Baltmanis, NMPD Brig\u0101\u017eu atbalsta centra \u201cImanta\u201d vad\u012bt\u0101ja Sarm\u012bte Leit\u0101ne, biedr\u012bbas \u201cZolit\u016bde 21.11.\u201d p\u0101rst\u0101ve Reg\u012bna Lo\u010dmele, atceres d\u0101rza autori \u2013 Indra Ozola, Ing\u016bna Ellere un Igors Gubenko. Pas\u0101kum\u0101 uzst\u0101j\u0101s koris \u201cR\u0101tspuni\u201d.<\/p>\n<p class=\"wp-block-paragraph\">Piemi\u0146as vieta izvietota 0,8 hekt\u0101ru liel\u0101 laukum\u0101. Idejas pamat\u0101 ir vieta, kur tra\u0123\u0113dij\u0101 cietu\u0161ie un boj\u0101g\u0101ju\u0161o tuvinieki var\u0113s netrauc\u0113ti notur\u0113t piemi\u0146as br\u012b\u017eus un b\u016bt klusum\u0101.<\/p>\n<p class=\"wp-block-paragraph\">Atceres d\u0101rza telp\u0101 br\u012bvi izk\u0101rtotas 54 da\u017e\u0101da izm\u0113ra pul\u0113ta ner\u016bs\u0113jo\u0161a t\u0113rauda spogu\u013cvirsmas sf\u0113ras. Visa d\u0101rza teritorija veidota ar perimetr\u0101liem apst\u0101d\u012bjumiem. D\u0101rzu ieskauj piegulo\u0161ais line\u0101rais parks, kas savieno piemi\u0146as vietu ar apk\u0101rt\u0113jo pils\u0113tvidi un veido p\u0101reju starp klusumu un ikdienas ritmu.<\/p>\n<p class=\"wp-block-paragraph\">Atceres d\u0101rza projekta s\u0101kotn\u0113jais finans\u0113jums bija gandr\u012bz divi miljoni eiro bet v\u0113l\u0101k tika pie\u0161\u0137irti papildu 11 131 eiro. Finans\u0113jums pie\u0161\u0137irts no R\u012bgas pa\u0161vald\u012bbas bud\u017eeta.<\/p>\n<p class=\"wp-block-paragraph\">K\u0101 zi\u0146ots, 2013. gada 21. novembr\u012b, Zolit\u016bd\u0113 sabr\u016bkot lielveikalam \u201cMaxima\u201d, dz\u012bv\u012bbu zaud\u0113ja 54 cilv\u0113ki, bet vair\u0101ki desmiti guva smagus ievainojumus. B\u016bveksperti secin\u0101ja, ka tra\u0123\u0113dija notika, jo bija nepareizi apr\u0113\u0137in\u0101tas jumta konstrukciju slodzes, t\u0101d\u0113\u013c tas iegruva.<\/p>\n","protected":false},"excerpt":{"rendered":"Atceres d\u0101rzs. Foto: Vita Anstrate\/LTV Pirmdien Zolit\u016bd\u0113, Priedaines iel\u0101 20A, atkl\u0101ts Atceres d\u0101rzs, kas velt\u012bts 2013. gada 21.&hellip;\n","protected":false},"author":2,"featured_media":281833,"comment_status":"","ping_status":"","sticky":false,"template":"","format":"standard","meta":{"footnotes":"","_share_on_mastodon":"0"},"categories":[12],"tags":[23,28,29,32,33,22,30,31,35,39,38,36,37,34,40,20,26,27,24,25,21],"class_list":["post-281832","post","type-post","status-publish","format-standard","has-post-thumbnail","category-latvija","tag-aktualitates","tag-breaking-news","tag-breakingnews","tag-featured-news","tag-featurednews","tag-headlines","tag-latest-news","tag-latestnews","tag-latvia","tag-latvian","tag-latviesu","tag-latviesu-valoda","tag-latviesuvaloda","tag-latvija","tag-lv","tag-news","tag-popularakas-zinas","tag-popularakaszinas","tag-top-stories","tag-topstories","tag-zinas"],"share_on_mastodon":{"url":"https:\/\/pubeurope.com\/@lv\/117193798578336775","error":""},"_links":{"self":[{"href":"https:\/\/www.europesays.com\/lv\/wp-json\/wp\/v2\/posts\/281832","targetHints":{"allow":["GET"]}}],"collection":[{"href":"https:\/\/www.europesays.com\/lv\/wp-json\/wp\/v2\/posts"}],"about":[{"href":"https:\/\/www.europesays.com\/lv\/wp-json\/wp\/v2\/types\/post"}],"author":[{"embeddable":true,"href":"https:\/\/www.europesays.com\/lv\/wp-json\/wp\/v2\/users\/2"}],"replies":[{"embeddable":true,"href":"https:\/\/www.europesays.com\/lv\/wp-json\/wp\/v2\/comments?post=281832"}],"version-history":[{"count":0,"href":"https:\/\/www.europesays.com\/lv\/wp-json\/wp\/v2\/posts\/281832\/revisions"}],"wp:featuredmedia":[{"embeddable":true,"href":"https:\/\/www.europesays.com\/lv\/wp-json\/wp\/v2\/media\/281833"}],"wp:attachment":[{"href":"https:\/\/www.europesays.com\/lv\/wp-json\/wp\/v2\/media?parent=281832"}],"wp:term":[{"taxonomy":"category","embeddable":true,"href":"https:\/\/www.europesays.com\/lv\/wp-json\/wp\/v2\/categories?post=281832"},{"taxonomy":"post_tag","embeddable":true,"href":"https:\/\/www.europesays.com\/lv\/wp-json\/wp\/v2\/tags?post=281832"}],"curies":[{"name":"wp","href":"https:\/\/api.w.org\/{rel}","templated":true}]}}