{"id":281834,"date":"2026-09-01T04:09:09","date_gmt":"2026-09-01T04:09:09","guid":{"rendered":"https:\/\/www.europesays.com\/lv\/281834\/"},"modified":"2026-09-01T04:09:09","modified_gmt":"2026-09-01T04:09:09","slug":"jaunaja-macibu-gada-macibas-skola-uzsaks-224-tukstosi-skolenu-2","status":"publish","type":"post","link":"https:\/\/www.europesays.com\/lv\/281834\/","title":{"rendered":"Jaunaj\u0101 m\u0101c\u012bbu gad\u0101 m\u0101c\u012bbas skol\u0101 uzs\u0101ks 224 t\u016bksto\u0161i skol\u0113nu"},"content":{"rendered":"<p>         <img decoding=\"async\" src=\"https:\/\/www.europesays.com\/lv\/wp-content\/uploads\/2026\/09\/3155463a593779bae81203ea779bfaebe0.jpg\" class=\"img-responsive post-image\" alt=\"Jaunaj\u0101 m\u0101c\u012bbu gad\u0101 m\u0101c\u012bbas skol\u0101 uzs\u0101ks 224 t\u016bksto\u0161i skol\u0113nu\"\/>      <\/p>\n<blockquote><p>&#13;<\/p>\n<p>2026.\/2027. m\u0101c\u012bbu gad\u0101 visp\u0101r\u0113j\u0101s izgl\u012bt\u012bbas iest\u0101d\u0113s m\u0101c\u012bbas uzs\u0101ks aptuveni 224 t\u016bksto\u0161i skol\u0113ni, tai skait\u0101 19 t\u016bksto\u0161i pirmklasnieki un 2500 Ukrainas civiliedz\u012bvot\u0101ju b\u0113rni, liecina Izgl\u012bt\u012bbas un zin\u0101tnes ministrijas (IZM) provizoriskie dati.\u00a0<\/p>\n<p>&#13;\n<\/p><\/blockquote>\n<p>&#13;<br \/>\n&#13;<br \/>\n<br \/>\nVisp\u0101r\u0113j\u0101 izgl\u012bt\u012bb\u0101 m\u0101c\u012bbu procesu pa\u0161vald\u012bbu, priv\u0101taj\u0101s un speci\u0101l\u0101s izgl\u012bt\u012bbas iest\u0101d\u0113s skol\u0113niem nodro\u0161in\u0101s aptuveni 26 t\u016bksto\u0161i \u00a0pedagogi.<\/p>\n<p>Jaunaj\u0101 m\u0101c\u012bbu gad\u0101 darbu m\u0101c\u012bbu process norisin\u0101sies \u00a0455 pa\u0161vald\u012bbu visp\u0101r\u0113j\u0101s izgl\u012bt\u012bbas iest\u0101des, no t\u0101m 23 s\u0101kumskolas, \u00a0234 pamatskolas, \u00a0168 vidusskola, 30 valsts \u0123imn\u0101zijas, k\u0101 ar\u012b 37 speci\u0101l\u0101s izgl\u012bt\u012bbas iest\u0101des. Visp\u0101r\u0113j\u0101 izgl\u012bt\u012bb\u0101 1. septembr\u012b durvis v\u0113rs ar\u012b 72 priv\u0101t\u0101s izgl\u012bt\u012bbas iest\u0101de.\u00a0<\/p>\n<p>Prognoz\u0113jams, ka profesion\u0101laj\u0101 izgl\u012bt\u012bb\u0101 2026\/2027. m\u0101c\u012bbu gad\u0101 izgl\u012btojamo skaits saglab\u0101sies iepriek\u0161\u0113j\u0101 l\u012bmen\u012b, aptuveni 28 t\u016bksto\u0161i un jauno m\u0101c\u012bbu gadu pirmaj\u0101 kurs\u0101 53 profesion\u0101l\u0101s izgl\u012bt\u012bbas iest\u0101d\u0113s uzs\u0101ks ap 10 t\u016bksto\u0161iem audz\u0113k\u0146u, liecina IZM dati.<\/p>\n","protected":false},"excerpt":{"rendered":"&#13; 2026.\/2027. m\u0101c\u012bbu gad\u0101 visp\u0101r\u0113j\u0101s izgl\u012bt\u012bbas iest\u0101d\u0113s m\u0101c\u012bbas uzs\u0101ks aptuveni 224 t\u016bksto\u0161i skol\u0113ni, tai skait\u0101 19 t\u016bksto\u0161i pirmklasnieki&hellip;\n","protected":false},"author":2,"featured_media":281835,"comment_status":"","ping_status":"","sticky":false,"template":"","format":"standard","meta":{"footnotes":"","_share_on_mastodon":"0"},"categories":[5],"tags":[23,28,29,32,33,22,30,31,35,39,38,36,37,34,40,20,26,27,24,25,21],"class_list":["post-281834","post","type-post","status-publish","format-standard","has-post-thumbnail","category-aktualitates","tag-aktualitates","tag-breaking-news","tag-breakingnews","tag-featured-news","tag-featurednews","tag-headlines","tag-latest-news","tag-latestnews","tag-latvia","tag-latvian","tag-latviesu","tag-latviesu-valoda","tag-latviesuvaloda","tag-latvija","tag-lv","tag-news","tag-popularakas-zinas","tag-popularakaszinas","tag-top-stories","tag-topstories","tag-zinas"],"share_on_mastodon":{"url":"https:\/\/pubeurope.com\/@lv\/117193826078248266","error":""},"_links":{"self":[{"href":"https:\/\/www.europesays.com\/lv\/wp-json\/wp\/v2\/posts\/281834","targetHints":{"allow":["GET"]}}],"collection":[{"href":"https:\/\/www.europesays.com\/lv\/wp-json\/wp\/v2\/posts"}],"about":[{"href":"https:\/\/www.europesays.com\/lv\/wp-json\/wp\/v2\/types\/post"}],"author":[{"embeddable":true,"href":"https:\/\/www.europesays.com\/lv\/wp-json\/wp\/v2\/users\/2"}],"replies":[{"embeddable":true,"href":"https:\/\/www.europesays.com\/lv\/wp-json\/wp\/v2\/comments?post=281834"}],"version-history":[{"count":0,"href":"https:\/\/www.europesays.com\/lv\/wp-json\/wp\/v2\/posts\/281834\/revisions"}],"wp:featuredmedia":[{"embeddable":true,"href":"https:\/\/www.europesays.com\/lv\/wp-json\/wp\/v2\/media\/281835"}],"wp:attachment":[{"href":"https:\/\/www.europesays.com\/lv\/wp-json\/wp\/v2\/media?parent=281834"}],"wp:term":[{"taxonomy":"category","embeddable":true,"href":"https:\/\/www.europesays.com\/lv\/wp-json\/wp\/v2\/categories?post=281834"},{"taxonomy":"post_tag","embeddable":true,"href":"https:\/\/www.europesays.com\/lv\/wp-json\/wp\/v2\/tags?post=281834"}],"curies":[{"name":"wp","href":"https:\/\/api.w.org\/{rel}","templated":true}]}}