{"id":281836,"date":"2026-09-01T04:16:12","date_gmt":"2026-09-01T04:16:12","guid":{"rendered":"https:\/\/www.europesays.com\/lv\/281836\/"},"modified":"2026-09-01T04:16:12","modified_gmt":"2026-09-01T04:16:12","slug":"iepazisties-atklata-sova-lauku-seta-13-sezonas-saimnieciba","status":"publish","type":"post","link":"https:\/\/www.europesays.com\/lv\/281836\/","title":{"rendered":"Iepaz\u012bsties \u2013 atkl\u0101ta \u0161ova \u201cLauku s\u0113ta\u201d 13. sezonas saimniec\u012bba"},"content":{"rendered":"<p style=\"text-align: justify;\">Kam\u0113r citi par vasaras gar\u0161u sauc pirmo zeme\u0146u b\u013codu, Dobeles novada Penkules pagast\u0101 t\u0101 ir ikdiena. Tie\u0161i \u0161eit, zeme\u0146u laukos ieskautaj\u0101 saimniec\u012bb\u0101 \u201cP\u013cavi\u0146as\u201d, norisin\u0101sies \u0161ova \u201cLauku s\u0113ta\u201d 13. sezona.<\/p>\n<p style=\"text-align: justify;\">\u0160osezon \u0161ova \u201cLauku s\u0113ta\u201d dal\u012bbnieki viesosies Dobeles novada Penkules pagast\u0101, saimniec\u012bb\u0101 \u201cP\u013cavi\u0146as\u201d, par kuras saimnieci vien nepilnu gadu atpaka\u013c k\u013cuvusi Ieva Eihmane. Tie\u0161i t\u0101p\u0113c \u201cLauku\u00a0s\u0113tas\u201d piedz\u012bvojums sol\u0101s k\u013c\u016bt par \u012bpa\u0161i noz\u012bm\u012bgu un neaizmirstamu notikumu gan saimniecei, gan visai Eihma\u0146u \u0123imenei.<\/p>\n<p style=\"text-align: justify;\">Lai ar\u012b idillisk\u0101 vide ar d\u012b\u0137i, me\u017ea ieloku, aug\u013cu d\u0101rzu un pla\u0161ajiem zeme\u0146u laukiem rada saj\u016btu, ka \u0161eit laiks rit cit\u0101di, aiz \u0161\u012b skaistuma sl\u0113pjas daudz neatlaid\u012bga darba un lielu sap\u0146u. \u201cLauki vienlaikus ir gan miers, gan liels stress, bet, manupr\u0101t, ir for\u0161\u0101k pa\u0161am kaut ko rad\u012bt, nek\u0101 s\u0113d\u0113t biroj\u0101,\u201d st\u0101sta Ieva, kura turpina vec\u0101ku ies\u0101kto, audz\u0113jot zemenes un savu dz\u012bvi veidojot laukos, nevis pils\u0113tas burzm\u0101.<\/p>\n<p style=\"text-align: justify;\">Saimniece Ieva cer, ka kop\u012bgiem sp\u0113kiem \u0161ova laik\u0101 izdosies sakopt apk\u0101rtni, \u012bstenot sen iecer\u0113tus projektus un spert n\u0101kamo soli ce\u013c\u0101 uz savu sap\u0146u m\u0101ju \u2013 sakopt teritoriju, nojaukt veco \u0161\u0137\u016bni, izt\u012br\u012bt d\u012b\u0137i, ier\u012bkot atp\u016btas st\u016br\u012bti upes krast\u0101, uzb\u016bv\u0113t vist\u0101m jaunu no\u017eogojumu.<\/p>\n<blockquote>\n<p style=\"text-align: center;\">T\u0101pat noder\u0113s pal\u012bdz\u012bgas rokas d\u0101rze\u0146u konserv\u0113\u0161an\u0101, gatavojot ziemas kr\u0101jumus.<\/p>\n<\/blockquote>\n<p style=\"text-align: justify;\">Dar\u0101m\u0101 saimniec\u012bb\u0101 netr\u016bkst visa gada garum\u0101, vienm\u0113r ir kas kopjams, st\u0101d\u0101ms vai gatavojams n\u0101kamajai sezonai. Tom\u0113r Ieva atz\u012bst, ka \u0161\u0101dam dz\u012bvesveidam ir ar\u012b savas priek\u0161roc\u012bbas: \u201cTe pats vari pl\u0101not savu laiku. Vienu dienu vari nostr\u0101d\u0101t 16 stundas, bet n\u0101kamaj\u0101 \u2013 at\u013cauties atp\u016bsties. Liel\u0101koties ar nevienu nav j\u0101saska\u0146o tas, ko dari \u2013 vari str\u0101d\u0101t t\u0101, k\u0101 pats uzskati par pareizu.\u201d<\/p>\n<p style=\"text-align: justify;\">Eihma\u0146u \u0123imenes st\u0101sts ir \u012bsts uz\u0146\u0113m\u012bbas piem\u0113rs. Ievas t\u0113tis J\u0101nis p\u0113c daudziem gadiem b\u016bvniec\u012bb\u0101 nol\u0113ma, ka kaut kas dz\u012bv\u0113 j\u0101maina. Pameta darbu R\u012bg\u0101 un piev\u0113rs\u0101s saimnieko\u0161anai laukos. Gadu no gada st\u0101d\u012bjumu plat\u012bbas k\u013cuva arvien liel\u0101kas \u2013 no trim neliel\u0101m zeme\u0146u vag\u0101m s\u0101kum\u0101, l\u012bdz vair\u0101k nek\u0101 10 hekt\u0101riem apst\u0101d\u012bjumu tagad, no kuriem 2 hekt\u0101ros zemenes audz\u0113 Ieva, bet 8 hekt\u0101ros \u2013 Ievas t\u0113tis J\u0101nis. Tagad jau var dro\u0161i teikt, ka zeme\u0146u audz\u0113\u0161ana k\u013cuvusi par \u0123imenes lepnumu un galveno nodarbo\u0161anos.<\/p>\n<p style=\"text-align: justify;\">Tie\u0161i \u0161is darb\u012bgais dz\u012bvesveids k\u013c\u016bs par \u201cLauku\u00a0s\u0113tas\u201d 13. sezonas centr\u0101lo notikumu \u2013 \u0161ova dal\u012bbnieki iesaist\u012bsies ne tikai zeme\u0146u las\u012b\u0161an\u0101, rav\u0113\u0161an\u0101 un st\u0101d\u012b\u0161an\u0101, bet ar\u012b da\u017e\u0101dos saimniec\u012bbas labiek\u0101rto\u0161anas darbos, inform\u0113 \u0161ova veudot\u0101ji.<\/p>\n<p style=\"text-align: justify;\">Lasiet ar\u012b:\u00a0<\/p>\n<p style=\"text-align: justify;\"><a style=\"color: #800000;\" href=\"https:\/\/bnn.lv\/video-dj-ella-publice-nepala-pazuduso-latviesu-vardus-un-foto\/\" target=\"_blank\" rel=\"noopener nofollow\">VIDEO | DJ Ella public\u0113 Nep\u0101l\u0101 pazudu\u0161o latvie\u0161u v\u0101rdus un foto<\/a><\/p>\n<p style=\"text-align: justify;\"><a style=\"color: #800000;\" href=\"https:\/\/bnn.lv\/video-ilmars-poikans-parsteidz-soctiklus-ar-mi-raditam-dziesmam-izmantojot-aspazijas-dzeju\/\" target=\"_blank\" rel=\"noopener nofollow\">VIDEO | Ilm\u0101rs Poik\u0101ns p\u0101rsteidz soct\u012bklus ar MI rad\u012bt\u0101m dziesm\u0101m, izmantojot Aspazijas dzeju \u00a0<\/a><\/p>\n<p style=\"text-align: justify;\"><a style=\"color: #800000;\" href=\"https:\/\/bnn.lv\/video-es-zinu-kas-to-izdarija-endzins-sukstas-par-apskadetu-auto\/\" target=\"_blank\" rel=\"noopener nofollow\">VIDEO | \u201cEs zinu, kas to izdar\u012bja!\u201d \u2013 Endzi\u0146\u0161 s\u016bkst\u0101s par apsk\u0101d\u0113tu auto<\/a><\/p>\n<p style=\"text-align: justify;\"><a style=\"color: #800000;\" href=\"https:\/\/bnn.lv\/bija-gan-labas-dienas-gan-nedaudz-vairak-slikto-izskiras-elina-pakalne-un-kristaps-zutis\/\" target=\"_blank\" rel=\"noopener nofollow\">\u201cBija gan labas dienas, gan nedaudz vair\u0101k slikto,\u201d \u2013 iz\u0161\u0137iras El\u012bna Pakalne un Kristaps Zutis<\/a><\/p>\n<p style=\"text-align: justify;\"><a style=\"color: #800000;\" href=\"https:\/\/bnn.lv\/nedelas-horoskops-28-augusts-4-septembris\/\" target=\"_blank\" rel=\"noopener nofollow\">Ned\u0113\u013cas horoskops: 28.augusts\u00a0\u2013 4.septembris<\/a><\/p>\n","protected":false},"excerpt":{"rendered":"Kam\u0113r citi par vasaras gar\u0161u sauc pirmo zeme\u0146u b\u013codu, Dobeles novada Penkules pagast\u0101 t\u0101 ir ikdiena. Tie\u0161i \u0161eit,&hellip;\n","protected":false},"author":2,"featured_media":281837,"comment_status":"","ping_status":"","sticky":false,"template":"","format":"standard","meta":{"footnotes":"","_share_on_mastodon":"0"},"categories":[19],"tags":[89,90,35,39,38,36,37,34,2719,40,11672],"class_list":["post-281836","post","type-post","status-publish","format-standard","has-post-thumbnail","category-izklaide","tag-entertainment","tag-izklaide","tag-latvia","tag-latvian","tag-latviesu","tag-latviesu-valoda","tag-latviesuvaloda","tag-latvija","tag-lauku-seta","tag-lv","tag-sovi"],"share_on_mastodon":{"url":"https:\/\/pubeurope.com\/@lv\/117193853261048519","error":""},"_links":{"self":[{"href":"https:\/\/www.europesays.com\/lv\/wp-json\/wp\/v2\/posts\/281836","targetHints":{"allow":["GET"]}}],"collection":[{"href":"https:\/\/www.europesays.com\/lv\/wp-json\/wp\/v2\/posts"}],"about":[{"href":"https:\/\/www.europesays.com\/lv\/wp-json\/wp\/v2\/types\/post"}],"author":[{"embeddable":true,"href":"https:\/\/www.europesays.com\/lv\/wp-json\/wp\/v2\/users\/2"}],"replies":[{"embeddable":true,"href":"https:\/\/www.europesays.com\/lv\/wp-json\/wp\/v2\/comments?post=281836"}],"version-history":[{"count":0,"href":"https:\/\/www.europesays.com\/lv\/wp-json\/wp\/v2\/posts\/281836\/revisions"}],"wp:featuredmedia":[{"embeddable":true,"href":"https:\/\/www.europesays.com\/lv\/wp-json\/wp\/v2\/media\/281837"}],"wp:attachment":[{"href":"https:\/\/www.europesays.com\/lv\/wp-json\/wp\/v2\/media?parent=281836"}],"wp:term":[{"taxonomy":"category","embeddable":true,"href":"https:\/\/www.europesays.com\/lv\/wp-json\/wp\/v2\/categories?post=281836"},{"taxonomy":"post_tag","embeddable":true,"href":"https:\/\/www.europesays.com\/lv\/wp-json\/wp\/v2\/tags?post=281836"}],"curies":[{"name":"wp","href":"https:\/\/api.w.org\/{rel}","templated":true}]}}