{"id":281838,"date":"2026-09-01T04:20:12","date_gmt":"2026-09-01T04:20:12","guid":{"rendered":"https:\/\/www.europesays.com\/lv\/281838\/"},"modified":"2026-09-01T04:20:12","modified_gmt":"2026-09-01T04:20:12","slug":"iluzioniste-pecolli-nepala-pazudusas-latvietes-ieraksta-pirms-celojuma-pamana-ko-zimigu","status":"publish","type":"post","link":"https:\/\/www.europesays.com\/lv\/281838\/","title":{"rendered":"Iluzioniste Pecolli Nep\u0101l\u0101 pazudu\u0161\u0101s latvietes ierakst\u0101 pirms ce\u013cojuma pamana ko z\u012bm\u012bgu"},"content":{"rendered":"<p class=\"descr\">Saist\u012bb\u0101 ar Nep\u0101l\u0101 notiku\u0161o tra\u0123\u0113diju tuv\u0101kaj\u0101 laik\u0101 uz Nep\u0101las galvaspils\u0113tu Katmandu tiks nos\u016bt\u012bts \u0100rlietu ministrijas (\u0100M) Konsul\u0101r\u0101 departamenta darbinieks.<\/p>\n<p>Ministrij\u0101 uzsver, ka Latvijas v\u0113stniec\u012bbai <a href=\"https:\/\/nra.lv\/birka\/pekina\/\" target=\"_blank\" rel=\"noopener nofollow\">Pekin\u0101<\/a> ir tie\u0161s kontakts ar\u012b ar \u0136\u012bnas iest\u0101d\u0113m kop\u0161 notiku\u0161\u0101s tra\u0123\u0113dijas. Latvijas v\u0113stniec\u012bba ir kontakt\u0101 gan ar Tibetas iest\u0101d\u0113m uz vietas, gan ar\u012b ar \u0100M Konsul\u0101ro departamentu un cit\u0101m iest\u0101d\u0113m, kas var\u0113tu pal\u012bdz\u0113t \u0161aj\u0101 \u013coti sare\u017e\u0123\u012btaj\u0101 situ\u0101cij\u0101, uzsver ministrij\u0101.<\/p>\n<p>V\u0113stniec\u012bba Pekin\u0101 ir sa\u0146\u0113musi inform\u0101ciju no \u0136\u012bnas \u0100rlietu ministrijas Konsul\u0101r\u0101 departamenta ar 33 Latvijas valstspieder\u012bgo sarakstu, kuri ieg\u0101ja, pl\u0101noja ieiet vai izg\u0101ja no G\u012brongas robe\u017e\u0161\u0137\u0113rso\u0161anas punkta. Tom\u0113r \u0161obr\u012bd \u0136\u012bnas iest\u0101d\u0113m nav zin\u0101ma sarakst\u0101 eso\u0161o personu atra\u0161an\u0101s vieta.<\/p>\n<p>Starp Latvijas iedz\u012bvot\u0101jiem, kas \u0161obr\u012bd tiek uzskat\u012bti par bezv\u0113sts pazudu\u0161iem, ir ar\u012b Inga Veisa, atkl\u0101j vi\u0146as pazi\u0146a iluzioniste <a href=\"https:\/\/nra.lv\/birka\/dace-pecolli\/\" target=\"_blank\" rel=\"noopener nofollow\">Dace Pecolli. <\/a><\/p>\n<p>Vi\u0146a atkl\u0101j, ka, tagad p\u0101rlasot Ingas v\u0113st\u012bjumus pirms ce\u013cojuma, tajos saskata v\u0101rdus, kas izklaus\u0101s p\u0113c priek\u0161nojautas.<\/p>\n<p>&#8220;Es nezinu, vai j\u016bs ticat dv\u0113seles priek\u0161nojautai,&#8221; savus sekot\u0101jus &#8220;Facebook&#8221; uzrun\u0101 D. Pecolli. Vi\u0146a dal\u012bjusies ar Ingas ierakstu, kas tapis dienu pirms do\u0161an\u0101s ce\u013c\u0101. &#8220;Lasot gandr\u012bz vai pie katras rindi\u0146as man liekas &#8211; t\u0101s izklaus\u0101s p\u0113c dv\u0113seles priek\u0161nojaut\u0101m.&#8221;<\/p>\n<p>&#8220;K\u0101 mazi strauti\u0146i un up\u012btes pamaz\u0101m sapl\u016bst vien\u0101 liel\u0101 up\u0113 un aizpl\u016bst l\u012bdz j\u016brai, t\u0101 ar\u012b mani dz\u012bves notikumi ir pl\u016bdu\u0161i uz \u0161o vietu un \u0161o laiku.<\/p>\n<p>Es izlidoju \u2014 8. august\u0101-Lauvas v\u0101rtos. Bet 24. august\u0101, sav\u0101 dzim\u0161anas dien\u0101, b\u016b\u0161u tur, kur nosl\u0113gsies mans g\u0101jiens apk\u0101rt Kailasham. Man ir saj\u016bta, ka taj\u0101 dien\u0101 es ne tikai pabeig\u0161u k\u0101du ce\u013cu kaln\u0101. Es aizv\u0113r\u0161u vienas savas dz\u012bves desmitgades durvis un ieie\u0161u n\u0101kamaj\u0101 \u2014 cit\u0101 iek\u0161\u0113j\u0101 telp\u0101, cit\u0101 saj\u016bt\u0101, varb\u016bt pat cit\u0101 realit\u0101t\u0113,&#8221; las\u0101ms ierakst\u0101.<\/p>\n<p>&#8220;Un re\u0123ionu sk\u0101ra posto\u0161ie pl\u016bdi, p\u0113c kuriem Inga kop\u0101 ar citiem sv\u0113tce\u013cot\u0101jiem pazuda bez v\u0113sts. Iedom\u0101jieties, vi\u0146a to raksta iepriek\u0161, pirms brauk\u0161anas,&#8221; saka D. Pecolli, veltot Ingai daudz labu un sirsn\u012bgu v\u0101rdu.<\/p>\n<p>Jau v\u0113st\u012bts, ka led\u0101ja sabrukums izrais\u012bja ledus atl\u016bzu pl\u016bsmu, k\u0101 rezult\u0101t\u0101 no glaci\u0101l\u0101 ezera s\u0101k\u0101s \u016bdens un dub\u013cu pl\u016bdi, <a href=\"https:\/\/nra.lv\/birka\/nepala\/\" target=\"_blank\" rel=\"noopener nofollow\">Nep\u0101l\u0101<\/a> un \u0136\u012bn\u0101 izraisot pla\u0161us post\u012bjumus. Tuvu negad\u012bjuma epicentram atrad\u0101s ar\u012b liela Latvijas t\u016bristu grupa. \u0100M zin\u0101ms, ka tr\u012bs Latvijas iedz\u012bvot\u0101ji nav cietu\u0161i pl\u016bdu izrais\u012btaj\u0101 dub\u013cu nogruvum\u0101 Nep\u0101l\u0101, bet 33 patlaban tiek uzskat\u012bti par bezv\u0113sts pazudu\u0161iem.<\/p>\n","protected":false},"excerpt":{"rendered":"Saist\u012bb\u0101 ar Nep\u0101l\u0101 notiku\u0161o tra\u0123\u0113diju tuv\u0101kaj\u0101 laik\u0101 uz Nep\u0101las galvaspils\u0113tu Katmandu tiks nos\u016bt\u012bts \u0100rlietu ministrijas (\u0100M) Konsul\u0101r\u0101 departamenta&hellip;\n","protected":false},"author":2,"featured_media":281839,"comment_status":"","ping_status":"","sticky":false,"template":"","format":"standard","meta":{"footnotes":"","_share_on_mastodon":"0"},"categories":[12],"tags":[23,28,29,32,33,22,30,31,35,39,38,36,37,34,40,20,26,27,24,25,21],"class_list":["post-281838","post","type-post","status-publish","format-standard","has-post-thumbnail","category-latvija","tag-aktualitates","tag-breaking-news","tag-breakingnews","tag-featured-news","tag-featurednews","tag-headlines","tag-latest-news","tag-latestnews","tag-latvia","tag-latvian","tag-latviesu","tag-latviesu-valoda","tag-latviesuvaloda","tag-latvija","tag-lv","tag-news","tag-popularakas-zinas","tag-popularakaszinas","tag-top-stories","tag-topstories","tag-zinas"],"share_on_mastodon":{"url":"https:\/\/pubeurope.com\/@lv\/117193868951092896","error":""},"_links":{"self":[{"href":"https:\/\/www.europesays.com\/lv\/wp-json\/wp\/v2\/posts\/281838","targetHints":{"allow":["GET"]}}],"collection":[{"href":"https:\/\/www.europesays.com\/lv\/wp-json\/wp\/v2\/posts"}],"about":[{"href":"https:\/\/www.europesays.com\/lv\/wp-json\/wp\/v2\/types\/post"}],"author":[{"embeddable":true,"href":"https:\/\/www.europesays.com\/lv\/wp-json\/wp\/v2\/users\/2"}],"replies":[{"embeddable":true,"href":"https:\/\/www.europesays.com\/lv\/wp-json\/wp\/v2\/comments?post=281838"}],"version-history":[{"count":0,"href":"https:\/\/www.europesays.com\/lv\/wp-json\/wp\/v2\/posts\/281838\/revisions"}],"wp:featuredmedia":[{"embeddable":true,"href":"https:\/\/www.europesays.com\/lv\/wp-json\/wp\/v2\/media\/281839"}],"wp:attachment":[{"href":"https:\/\/www.europesays.com\/lv\/wp-json\/wp\/v2\/media?parent=281838"}],"wp:term":[{"taxonomy":"category","embeddable":true,"href":"https:\/\/www.europesays.com\/lv\/wp-json\/wp\/v2\/categories?post=281838"},{"taxonomy":"post_tag","embeddable":true,"href":"https:\/\/www.europesays.com\/lv\/wp-json\/wp\/v2\/tags?post=281838"}],"curies":[{"name":"wp","href":"https:\/\/api.w.org\/{rel}","templated":true}]}}