{"id":28184,"date":"2025-10-22T12:24:09","date_gmt":"2025-10-22T12:24:09","guid":{"rendered":"https:\/\/www.europesays.com\/lv\/28184\/"},"modified":"2025-10-22T12:24:09","modified_gmt":"2025-10-22T12:24:09","slug":"lietuva-apmaksas-latvijas-iedzivotajiem-atras-un-ertas-celosanas-iespejas-uz-eiropu-jauns-lv","status":"publish","type":"post","link":"https:\/\/www.europesays.com\/lv\/28184\/","title":{"rendered":"Lietuva apmaks\u0101s Latvijas iedz\u012bvot\u0101jiem \u0101tras un \u0113rtas ce\u013co\u0161anas iesp\u0113jas uz Eiropu &#8211; Jauns.lv"},"content":{"rendered":"<ol>\n<li><a href=\"https:\/\/news.google.com\/rss\/articles\/CBMivwFBVV95cUxNSVZQcHpMbnVIMVZvblMybXJoQng0OEY1RkVCd3N3RHIxdzhGR193WWtMVUF3Wk9mSWdCRmVmQ2ctNEtfc09tQXRISDBkSVBEWGY5NjZVcDBkT3d3dHJoeEtJNHVQMGJfUk9sbXY5c0E2c1dsUjZsUE5TcUJhdHNOWVJGSE8tWTZ1dTFNa1FwTEFCUE1uRUJRTXhoNnZxT1h0b2h5eUN4YWM4RmFPb0ZQak0tUElSR2RkTjhKRUczRQ?oc=5\" target=\"_blank\" rel=\"nofollow noopener\">Lietuva apmaks\u0101s Latvijas iedz\u012bvot\u0101jiem \u0101tras un \u0113rtas ce\u013co\u0161anas iesp\u0113jas uz Eiropu<\/a>&nbsp;&nbsp;Jauns.lv<\/li>\n<li><a href=\"https:\/\/news.google.com\/rss\/articles\/CBMiygFBVV95cUxPcXg0Q295UWhHMXpDcHg2UjMwWGF0dVoyeXYwanUyRF9rd3k1RVd3YXJ5TmZlaUJGR2pmMGpBYVVaVUFITFdaTXFJdWZHTWNCbGxETVdjS0wxUWNrdHNqaXNkYkVnMS1JOFR2RWdBa2dqMS1kdzJJV3pWbS1BcDlITXFDczBUa0tobTNhTFZfOGZHX2ZRZldaVVVBVzdMeW9SY3B1OVhkdXNsMks2c3BXdFlYODQ1eUgzRnRmclQxaG5PUFAxTzM1T3Nn?oc=5\" target=\"_blank\" rel=\"nofollow noopener\">Lietuva un Polija atkl\u0101ju\u0161as jaunu \u00abVia Baltica\u00bb automa\u0123istr\u0101les posmu \/ Raksts<\/a>&nbsp;&nbsp;LSM<\/li>\n<li><a href=\"https:\/\/news.google.com\/rss\/articles\/CBMizgFBVV95cUxNeFgwZHNtRms5SnZJR3pZRy01eWVXN05XYlpmdGJ5TGduMVNWWTgzb3RnZjhQSzdNZ3oxaGJ5YlZCbmItUk4wRDg3RDJWNGJXeEhEV2UtRGNHR1RNX0N1ZmtBX3AxNDlRWHM1RnRlY2swSXFPWnBYaFh1eXZOcExGVzlrUHNQNmFnNUdWNTNLd0wzME53aTE3RW9yZW50NWhSN0hmTFpiZ1VNN1NuLXYtb2FYNmFLdVJsVDJpTlVUaEQtX1hKdTUzVjQ0d1Jadw?oc=5\" target=\"_blank\" rel=\"nofollow noopener\">Via Baltica atkl\u0101ta: Cer\u012bbas uz ekonomiku un dro\u0161\u012bbu pieaugo\u0161o spried\u017eu \u0113n\u0101 Krievijas tuvum\u0101<\/a>&nbsp;&nbsp;Lente.lv<\/li>\n<li><a href=\"https:\/\/news.google.com\/rss\/articles\/CBMiogFBVV95cUxQODJfNU5WWUFSQlZNUVJ0YUxQcWZvTkl2Q0VaME5XVlhleGRmRG1Wb1NEVmFoUDRYZkl5Q254VzJZYzlJT0ZHcW9OaE1heWRLejFBR1pka2pRZEZNNnYyc3EyeS1IXzZvS1NUZm5FRXVHY3Zkc1JvczJrWDdCNV9Odm5HT0xuRWZqUlhTdjFvTGktM1hQMndlSENNLWp1UWktdFE?oc=5\" target=\"_blank\" rel=\"nofollow noopener\">Lietuva un Polija atkl\u0101ju\u0161as jaunu \u00abVia Baltica\u00bb automa\u0123istr\u0101les posmu<\/a>&nbsp;&nbsp;1188.lv<\/li>\n<li><a href=\"https:\/\/news.google.com\/rss\/articles\/CBMimAFBVV95cUxNNnBBQ0pMNlVCV1JSSGlPN2NZMEhzX0w2Q1pfalRiMFFMVEloQmh0VGxYSFFpdUkzRW5tSDN5VlQ4T3c0QTNodTdEd0VucWQtTTBXbFliUnFaYWk4amkyd1FLRmQ3NWlGQ1dndElTcXJ1LTY4TW9WeldlTnl4X3lyMFFHalhobW9aczRseTVPbGZXb3dmQmtiZw?oc=5\" target=\"_blank\" rel=\"nofollow noopener\">Lietuvu un Poliju savieno automa\u0123istr\u0101le \/ 21.10.2025<\/a>&nbsp;&nbsp;REplay.lv<\/li>\n<\/ol>\n","protected":false},"excerpt":{"rendered":"Lietuva apmaks\u0101s Latvijas iedz\u012bvot\u0101jiem \u0101tras un \u0113rtas ce\u013co\u0161anas iesp\u0113jas uz Eiropu&nbsp;&nbsp;Jauns.lv Lietuva un Polija atkl\u0101ju\u0161as jaunu \u00abVia Baltica\u00bb&hellip;\n","protected":false},"author":2,"featured_media":28185,"comment_status":"","ping_status":"","sticky":false,"template":"","format":"standard","meta":{"footnotes":""},"categories":[14],"tags":[23,57,28,29,32,33,22,30,31,35,39,38,36,37,34,40,20,26,27,24,25,54,55,56,21,58],"class_list":{"0":"post-28184","1":"post","2":"type-post","3":"status-publish","4":"format-standard","5":"has-post-thumbnail","7":"category-zinas-no-arvalstim","8":"tag-aktualitates","9":"tag-arvalstim","10":"tag-breaking-news","11":"tag-breakingnews","12":"tag-featured-news","13":"tag-featurednews","14":"tag-headlines","15":"tag-latest-news","16":"tag-latestnews","17":"tag-latvia","18":"tag-latvian","19":"tag-latviesu","20":"tag-latviesu-valoda","21":"tag-latviesuvaloda","22":"tag-latvija","23":"tag-lv","24":"tag-news","25":"tag-popularakas-zinas","26":"tag-popularakaszinas","27":"tag-top-stories","28":"tag-topstories","29":"tag-world","30":"tag-world-news","31":"tag-worldnews","32":"tag-zinas","33":"tag-zinas-no-arvalstim"},"share_on_mastodon":{"url":"","error":""},"_links":{"self":[{"href":"https:\/\/www.europesays.com\/lv\/wp-json\/wp\/v2\/posts\/28184","targetHints":{"allow":["GET"]}}],"collection":[{"href":"https:\/\/www.europesays.com\/lv\/wp-json\/wp\/v2\/posts"}],"about":[{"href":"https:\/\/www.europesays.com\/lv\/wp-json\/wp\/v2\/types\/post"}],"author":[{"embeddable":true,"href":"https:\/\/www.europesays.com\/lv\/wp-json\/wp\/v2\/users\/2"}],"replies":[{"embeddable":true,"href":"https:\/\/www.europesays.com\/lv\/wp-json\/wp\/v2\/comments?post=28184"}],"version-history":[{"count":0,"href":"https:\/\/www.europesays.com\/lv\/wp-json\/wp\/v2\/posts\/28184\/revisions"}],"wp:featuredmedia":[{"embeddable":true,"href":"https:\/\/www.europesays.com\/lv\/wp-json\/wp\/v2\/media\/28185"}],"wp:attachment":[{"href":"https:\/\/www.europesays.com\/lv\/wp-json\/wp\/v2\/media?parent=28184"}],"wp:term":[{"taxonomy":"category","embeddable":true,"href":"https:\/\/www.europesays.com\/lv\/wp-json\/wp\/v2\/categories?post=28184"},{"taxonomy":"post_tag","embeddable":true,"href":"https:\/\/www.europesays.com\/lv\/wp-json\/wp\/v2\/tags?post=28184"}],"curies":[{"name":"wp","href":"https:\/\/api.w.org\/{rel}","templated":true}]}}